{"id":34617,"date":"2020-05-19T09:54:16","date_gmt":"2020-05-19T13:54:16","guid":{"rendered":"https:\/\/archive.cafe.crea.ca\/?p=34617"},"modified":"2020-05-19T11:01:37","modified_gmt":"2020-05-19T15:01:37","slug":"ensemble-tout-le-monde-reussit-mieux-le-rapport-annuel-de-laci-de-2019-est-maintenant-disponible","status":"publish","type":"post","link":"https:\/\/archive.cafe.crea.ca\/fr\/ensemble-tout-le-monde-reussit-mieux-le-rapport-annuel-de-laci-de-2019-est-maintenant-disponible\/","title":{"rendered":"Ensemble, tout le monde r\u00e9ussit mieux : Le rapport annuel de l\u2019ACI de 2019 est maintenant disponible"},"content":{"rendered":"\n<p>Le rapport annuel de l\u2019ACI n\u2019est pas une simple obligation en vertu de la&nbsp;<em>Loi canadienne sur les organisations \u00e0 but non lucratif<\/em>, mais se veut plut\u00f4t une r\u00e9trospective sur les r\u00e9alisations, les le\u00e7ons tir\u00e9es et les faits saillants de l\u2019ann\u00e9e.<\/p>\n\n\n\n<p>Le <a href=\"https:\/\/news2me.crea.ca\/fr\/2020-fr\/avril-2020\/le-rapport-annuel-de-laci-de-2019-est-maintenant-disponible\/\" target=\"_blank\" rel=\"noreferrer noopener\" aria-label=\"th\u00e8me de 2019 (opens in a new tab)\">th\u00e8me de 2019<\/a> \u00e9tait&nbsp;<em>Ensemble, tout le monde r\u00e9ussit mieux<\/em>. Et c\u2019est exactement ce que nous avons fait.<\/p>\n\n\n\n<p>Voici, par exemple, quelques r\u00e9ussites en 2019&nbsp;:<\/p>\n\n\n\n<ul class=\"wp-block-list\"><li>la toute premi\u00e8re Semaine REALTORS Care<sup>\u00ae<\/sup>&nbsp;s\u2019est traduite par plus de 40&nbsp;\u00e9v\u00e9nements;<\/li><li>REALTOR.ca a dirig\u00e9 plus de 2,7&nbsp;millions de clients potentiels vers les courtiers et agents;<\/li><li>la participation aux Journ\u00e9es du PAC s\u2019est \u00e9lev\u00e9e \u00e0 350&nbsp;membres de l\u2019ACI.<\/li><\/ul>\n\n\n\n<p>Lorsque nous travaillons ensemble, nous pouvons contribuer \u00e0 faire changer les choses de fa\u00e7on positive dans nos collectivit\u00e9s, dans notre pays et m\u00eame \u00e0 l\u2019\u00e9tranger. L\u2019an dernier, la communaut\u00e9 immobili\u00e8re a travaill\u00e9 en collaboration afin d\u2019aider \u00e0 renforcer sa r\u00e9putation et sa profession.<\/p>\n\n\n\n<iframe loading=\"lazy\" width=\"560\" height=\"315\" src=\"https:\/\/www.youtube.com\/embed\/HW8uRyKvLmo\" frameborder=\"0\" allow=\"accelerometer; autoplay; encrypted-media; gyroscope; picture-in-picture\" allowfullscreen><\/iframe>\n\n\n\n<p><a href=\"http:\/\/rapportannuel.aci.crea.ca\/2019\/\" target=\"_blank\" rel=\"noreferrer noopener\">Consultez notre rapport annuel de 2019<\/a>&nbsp;et soyez fier de tout ce que nous avons accompli ensemble.<\/p>\n","protected":false},"excerpt":{"rendered":"<p>Le rapport annuel de l\u2019ACI n\u2019est pas une simple obligation en vertu de la&nbsp;Loi canadienne sur les organisations \u00e0 but non lucratif, mais se veut plut\u00f4t une r\u00e9trospective sur les r\u00e9alisations, les le\u00e7ons tir\u00e9es et les faits saillants de l\u2019ann\u00e9e. Le th\u00e8me de 2019 \u00e9tait&nbsp;Ensemble, tout le monde r\u00e9ussit mieux. Et c\u2019est exactement ce que &hellip; <a href=\"https:\/\/archive.cafe.crea.ca\/fr\/ensemble-tout-le-monde-reussit-mieux-le-rapport-annuel-de-laci-de-2019-est-maintenant-disponible\/\" class=\"more-link\">Continue reading <span class=\"screen-reader-text\">Ensemble, tout le monde r\u00e9ussit mieux : Le rapport annuel de l\u2019ACI de 2019 est maintenant disponible<\/span><\/a><\/p>\n","protected":false},"author":74,"featured_media":34618,"comment_status":"open","ping_status":"open","sticky":false,"template":"","format":"standard","meta":{"footnotes":""},"categories":[2366],"tags":[2378],"coauthors":[2164],"class_list":["post-34617","post","type-post","status-publish","format-standard","has-post-thumbnail","hentry","category-nouvelles-de-laci","tag-featured"],"aioseo_notices":[],"_links":{"self":[{"href":"https:\/\/archive.cafe.crea.ca\/fr\/wp-json\/wp\/v2\/posts\/34617"}],"collection":[{"href":"https:\/\/archive.cafe.crea.ca\/fr\/wp-json\/wp\/v2\/posts"}],"about":[{"href":"https:\/\/archive.cafe.crea.ca\/fr\/wp-json\/wp\/v2\/types\/post"}],"author":[{"embeddable":true,"href":"https:\/\/archive.cafe.crea.ca\/fr\/wp-json\/wp\/v2\/users\/74"}],"replies":[{"embeddable":true,"href":"https:\/\/archive.cafe.crea.ca\/fr\/wp-json\/wp\/v2\/comments?post=34617"}],"version-history":[{"count":3,"href":"https:\/\/archive.cafe.crea.ca\/fr\/wp-json\/wp\/v2\/posts\/34617\/revisions"}],"predecessor-version":[{"id":34626,"href":"https:\/\/archive.cafe.crea.ca\/fr\/wp-json\/wp\/v2\/posts\/34617\/revisions\/34626"}],"wp:featuredmedia":[{"embeddable":true,"href":"https:\/\/archive.cafe.crea.ca\/fr\/wp-json\/wp\/v2\/media\/34618"}],"wp:attachment":[{"href":"https:\/\/archive.cafe.crea.ca\/fr\/wp-json\/wp\/v2\/media?parent=34617"}],"wp:term":[{"taxonomy":"category","embeddable":true,"href":"https:\/\/archive.cafe.crea.ca\/fr\/wp-json\/wp\/v2\/categories?post=34617"},{"taxonomy":"post_tag","embeddable":true,"href":"https:\/\/archive.cafe.crea.ca\/fr\/wp-json\/wp\/v2\/tags?post=34617"},{"taxonomy":"author","embeddable":true,"href":"https:\/\/archive.cafe.crea.ca\/fr\/wp-json\/wp\/v2\/coauthors?post=34617"}],"curies":[{"name":"wp","href":"https:\/\/api.w.org\/{rel}","templated":true}]}}