{"id":34604,"date":"2020-05-15T13:55:56","date_gmt":"2020-05-15T17:55:56","guid":{"rendered":"https:\/\/archive.cafe.crea.ca\/?p=34604"},"modified":"2020-05-15T13:55:58","modified_gmt":"2020-05-15T17:55:58","slug":"davantage-de-conseils-pour-bien-organiser-sa-demeure-en-vue-de-lete","status":"publish","type":"post","link":"https:\/\/archive.cafe.crea.ca\/fr\/davantage-de-conseils-pour-bien-organiser-sa-demeure-en-vue-de-lete\/","title":{"rendered":"Davantage de conseils pour bien organiser sa demeure en vue de l\u2019\u00e9t\u00e9"},"content":{"rendered":"\n<p><em>Nous traversons une p\u00e9riode sans pr\u00e9c\u00e9dent. La propagation de la COVID-19 touche maintenant le monde entier et produira des effets \u00e0 long terme que nous ne pouvons pas encore pr\u00e9voir.<\/em><\/p>\n\n\n\n<p><em>Bien que cette r\u00e9alit\u00e9 p\u00e8se sur l\u2019esprit de millions de personnes, il est important de d\u00e9tourner de temps en temps notre attention des nouvelles du monde, m\u00eame si ce n\u2019est que pour quelques minutes.<\/em><\/p>\n\n\n\n<p><em>Nous avons r\u00e9dig\u00e9 cette \u00e9dition des Saveurs de la semaine dans l\u2019espoir de vous aider \u00e0 retrouver le sourire et de vous rappeler qu\u2019il existe toujours un c\u00f4t\u00e9 amusant \u00e0 l\u2019immobilier.<\/em><\/p>\n\n\n\n<p><em>Bonne lecture!<\/em><\/p>\n\n\n\n<p>Les conseils de la semaine\u00a0: <a rel=\"noreferrer noopener\" aria-label=\" (opens in a new tab)\" href=\"https:\/\/www.journaldemontreal.com\/2020\/05\/10\/achat-local-14-compagnies-de-meubles-fabriques-au-canada\" target=\"_blank\">14 compagnies de meubles fabriqu\u00e9s au Canada<\/a>; la <a rel=\"noreferrer noopener\" aria-label=\" (opens in a new tab)\" href=\"https:\/\/www.journaldemontreal.com\/2020\/05\/12\/15-photos-de-cette-maison-extra-transformee-en-petite-jungle-interieure\" target=\"_blank\">d\u00e9coration gr\u00e2ce aux plantes, en 15\u00a0photos<\/a>; <a rel=\"noreferrer noopener\" aria-label=\" (opens in a new tab)\" href=\"https:\/\/www.journaldemontreal.com\/2020\/05\/12\/le-service-cliquer--ramasser-de-retour-chez-ikea\" target=\"_blank\">IKEA reprend son service \u00ab\u00a0Cliquer + Ramasser\u00a0\u00bb<\/a>; une <a rel=\"noreferrer noopener\" aria-label=\" (opens in a new tab)\" href=\"https:\/\/www.lesoleil.com\/maison\/une-cour-parfaite-pour-passer-lete-confine-0bbdb024d24dd3186be1fea3ca499901\" target=\"_blank\">cour parfaite pour passer l\u2019\u00e9t\u00e9 en confinement<\/a>; <a rel=\"noreferrer noopener\" aria-label=\" (opens in a new tab)\" href=\"https:\/\/www.lesoleil.com\/maison\/jardin-de-la-victoire-sur-un-balcon-f9df939dd754a2c7aeb94a898345e8ba\" target=\"_blank\">jardin de la victoire sur un balcon<\/a>; <a rel=\"noreferrer noopener\" aria-label=\" (opens in a new tab)\" href=\"https:\/\/www.lapresse.ca\/maison\/cour-et-jardin\/202005\/12\/01-5273208-jamais-sans-mon-arbre-a-laval.php\" target=\"_blank\">Jamais sans mon arbre, \u00e0 Laval<\/a>; pour <a rel=\"noreferrer noopener\" aria-label=\" (opens in a new tab)\" href=\"https:\/\/www.lapresse.ca\/maison\/cour-et-jardin\/202005\/05\/01-5272257-pour-plus-dintimite-derriere-sa-maison.php\" target=\"_blank\">plus d\u2019intimit\u00e9 derri\u00e8re sa maison<\/a>; <a rel=\"noreferrer noopener\" aria-label=\" (opens in a new tab)\" href=\"https:\/\/www.lapresse.ca\/maison\/cour-et-jardin\/202005\/08\/01-5272788-jeux-exterieurs-cap-sur-la-cour-.php\" target=\"_blank\">jeux ext\u00e9rieurs\u00a0: cap sur la cour<\/a> et les <a href=\"https:\/\/www.lapresse.ca\/maison\/decoration\/202004\/29\/01-5271390-la-bonne-idee-les-meubles-en-bois-recycle.php\" target=\"_blank\" rel=\"noreferrer noopener\" aria-label=\" (opens in a new tab)\">meubles en bois recycl\u00e9<\/a>. <\/p>\n\n\n\n<p><em>La Presse<\/em> explore si les <a rel=\"noreferrer noopener\" aria-label=\" (opens in a new tab)\" href=\"https:\/\/www.lapresse.ca\/maison\/immobilier\/202005\/10\/01-5272961-les-modeles-des-villes-changeront-ils-apres-la-crise-.php\" target=\"_blank\">mod\u00e8les des villes changeront apr\u00e8s la crise<\/a> et demande si <a href=\"https:\/\/www.lapresse.ca\/maison\/immobilier\/202005\/08\/01-5272791-acces-refuse-a-son-futur-condo.php\" target=\"_blank\" rel=\"noreferrer noopener\" aria-label=\" (opens in a new tab)\">les entrepreneurs peuvent interdire l\u2019acc\u00e8s des futurs propri\u00e9taires aux chantiers<\/a>. <\/p>\n\n\n\n<p>Daniel\u00a0Germain du <em>Journal de Montr\u00e9al<\/em> examine le renouvellement d\u2019une<a href=\"https:\/\/www.journaldemontreal.com\/2020\/05\/08\/pas-avantageux-de-renouveler-son-hypotheque-durant-la-crise\" target=\"_blank\" rel=\"noreferrer noopener\" aria-label=\" (opens in a new tab)\"> hypoth\u00e8que durant la crise<\/a>.<\/p>\n\n\n\n<p><em>La Vie Immo<\/em> rapporte que pr\u00e8s de <a rel=\"noreferrer noopener\" aria-label=\" (opens in a new tab)\" href=\"https:\/\/www.lavieimmo.com\/divers-immobilier\/pres-de-80-des-francais-veulent-maintenir-leur-projet-immobilier-48612.html\" target=\"_blank\">80\u00a0% des Fran\u00e7ais veulent maintenir leur projet immobilier<\/a>; qu\u2019avec le <a rel=\"noreferrer noopener\" aria-label=\" (opens in a new tab)\" href=\"https:\/\/www.lavieimmo.com\/prix-immobilier\/avec-le-deconfinement-l-immobilier-de-luxe-redemarre-sur-des-chapeaux-de-roues-48600.html\" target=\"_blank\">d\u00e9confinement, l\u2019immobilier de luxe red\u00e9marre sur des chapeaux de roues<\/a> et que <a href=\"https:\/\/www.lavieimmo.com\/immobilier-international\/la-maison-mere-de-google-renonce-a-son-immense-projet-de-quartier-futuriste-a-toronto-48576.html\" target=\"_blank\" rel=\"noreferrer noopener\" aria-label=\" (opens in a new tab)\">Google a renonc\u00e9 \u00e0 son projet futuriste \u00e0 Toronto<\/a>.<\/p>\n\n\n\n<p><em>MySweet\u2019Immo<\/em> constate que suite au confinement, <a rel=\"noreferrer noopener\" aria-label=\" (opens in a new tab)\" href=\"https:\/\/www.mysweetimmo.com\/2020\/05\/12\/immobilier-les-parisiens-revent-dune-maison-au-vert\/\" target=\"_blank\">les Parisiens r\u00eavent d\u2019une maison au vert<\/a>; affirme que <a rel=\"noreferrer noopener\" aria-label=\" (opens in a new tab)\" href=\"https:\/\/www.mysweetimmo.com\/2020\/05\/14\/3-francais-sur-4-revaient-deja-dune-maison-de-campagne-avant-le-confinement\/\" target=\"_blank\">trois\u00a0Fran\u00e7ais sur quatre r\u00eavaient d\u00e9j\u00e0 d\u2019une maison de campagne avant le confinement<\/a>; et fait le tour des <a href=\"https:\/\/www.mysweetimmo.com\/2020\/05\/12\/covid-19-la-pandemie-grippe-le-marche-mondial-de-limmobilier\/\" target=\"_blank\" rel=\"noreferrer noopener\" aria-label=\" (opens in a new tab)\">effets de la COVID-19 sur le march\u00e9 mondial de l\u2019immobilier<\/a>. <\/p>\n","protected":false},"excerpt":{"rendered":"<p>Nous traversons une p\u00e9riode sans pr\u00e9c\u00e9dent. La propagation de la COVID-19 touche maintenant le monde entier et produira des effets \u00e0 long terme que nous ne pouvons pas encore pr\u00e9voir. Bien que cette r\u00e9alit\u00e9 p\u00e8se sur l\u2019esprit de millions de personnes, il est important de d\u00e9tourner de temps en temps notre attention des nouvelles du &hellip; <a href=\"https:\/\/archive.cafe.crea.ca\/fr\/davantage-de-conseils-pour-bien-organiser-sa-demeure-en-vue-de-lete\/\" class=\"more-link\">Continue reading <span class=\"screen-reader-text\">Davantage de conseils pour bien organiser sa demeure en vue de l\u2019\u00e9t\u00e9<\/span><\/a><\/p>\n","protected":false},"author":24,"featured_media":34607,"comment_status":"open","ping_status":"open","sticky":false,"template":"","format":"standard","meta":{"footnotes":""},"categories":[2372],"tags":[],"coauthors":[2157],"class_list":["post-34604","post","type-post","status-publish","format-standard","has-post-thumbnail","hentry","category-divers"],"aioseo_notices":[],"_links":{"self":[{"href":"https:\/\/archive.cafe.crea.ca\/fr\/wp-json\/wp\/v2\/posts\/34604"}],"collection":[{"href":"https:\/\/archive.cafe.crea.ca\/fr\/wp-json\/wp\/v2\/posts"}],"about":[{"href":"https:\/\/archive.cafe.crea.ca\/fr\/wp-json\/wp\/v2\/types\/post"}],"author":[{"embeddable":true,"href":"https:\/\/archive.cafe.crea.ca\/fr\/wp-json\/wp\/v2\/users\/24"}],"replies":[{"embeddable":true,"href":"https:\/\/archive.cafe.crea.ca\/fr\/wp-json\/wp\/v2\/comments?post=34604"}],"version-history":[{"count":1,"href":"https:\/\/archive.cafe.crea.ca\/fr\/wp-json\/wp\/v2\/posts\/34604\/revisions"}],"predecessor-version":[{"id":34609,"href":"https:\/\/archive.cafe.crea.ca\/fr\/wp-json\/wp\/v2\/posts\/34604\/revisions\/34609"}],"wp:featuredmedia":[{"embeddable":true,"href":"https:\/\/archive.cafe.crea.ca\/fr\/wp-json\/wp\/v2\/media\/34607"}],"wp:attachment":[{"href":"https:\/\/archive.cafe.crea.ca\/fr\/wp-json\/wp\/v2\/media?parent=34604"}],"wp:term":[{"taxonomy":"category","embeddable":true,"href":"https:\/\/archive.cafe.crea.ca\/fr\/wp-json\/wp\/v2\/categories?post=34604"},{"taxonomy":"post_tag","embeddable":true,"href":"https:\/\/archive.cafe.crea.ca\/fr\/wp-json\/wp\/v2\/tags?post=34604"},{"taxonomy":"author","embeddable":true,"href":"https:\/\/archive.cafe.crea.ca\/fr\/wp-json\/wp\/v2\/coauthors?post=34604"}],"curies":[{"name":"wp","href":"https:\/\/api.w.org\/{rel}","templated":true}]}}