{"id":34594,"date":"2020-05-14T09:30:13","date_gmt":"2020-05-14T13:30:13","guid":{"rendered":"https:\/\/archive.cafe.crea.ca\/?p=34594"},"modified":"2020-05-14T09:31:33","modified_gmt":"2020-05-14T13:31:33","slug":"ron-antalek-se-porte-a-la-defense-de-la-sante-mentale-dans-sa-collectivite","status":"publish","type":"post","link":"https:\/\/archive.cafe.crea.ca\/fr\/ron-antalek-se-porte-a-la-defense-de-la-sante-mentale-dans-sa-collectivite\/","title":{"rendered":"Ron Antalek se porte \u00e0 la d\u00e9fense de la sant\u00e9 mentale dans sa collectivit\u00e9"},"content":{"rendered":"\n<p>Le laur\u00e9at du <a rel=\"noreferrer noopener\" aria-label=\"Prix canadien REALTORS Care\u00ae 2020 (opens in a new tab)\" href=\"https:\/\/www.realtorscare.ca\/ron-antalek-honoured-with-the-canadian-realtors-care-award-2020\/\" target=\"_blank\">Prix canadien REALTORS Care\u00ae 2020<\/a>, Ron Antalek de Maple Ridge en Colombie\u2011Britannique, admet \u00eatre un peu mal \u00e0 l\u2019aise lorsqu\u2019il parle du don d\u2019un million de dollars qu\u2019il a fait \u00e0 la fondation de l\u2019h\u00f4pital Ridge Meadows en 2006. Il voulait apr\u00e8s tout garder l\u2019anonymat. <\/p>\n\n\n\n<p>\u00ab&nbsp;Mon r\u00e9flexe a \u00e9t\u00e9 de rester dans l\u2019ombre&nbsp;\u00bb, confie-t-il, et \u00ab&nbsp;c\u2019est ce que j\u2019ai choisi de faire pendant longtemps&nbsp;\u00bb.<\/p>\n\n\n\n<p>En 2009, il a \u00e9t\u00e9 d\u00e9cid\u00e9 qu\u2019une partie du don de M. Antalek servirait \u00e0 cr\u00e9er une nouvelle unit\u00e9 de psychiatrie de 20 lits \u00e0 Ridge&nbsp;Meadows, car la collectivit\u00e9 en avait grandement besoin. C\u2019est \u00e0 ce moment qu\u2019il a chang\u00e9 de point de vue. Le personnel de la fondation et son coll\u00e8gue Biju&nbsp;Mathew, lui aussi membre du conseil d\u2019administration, l\u2019ont convaincu de non seulement rendre public le don qu\u2019il a fait, mais aussi d\u2019associer son nom bien connu \u00e0 l\u2019unit\u00e9 afin d\u2019aider \u00e0 combattre les pr\u00e9jug\u00e9s associ\u00e9s \u00e0 la sant\u00e9 mentale. (Il ne faut pas oublier que la <a href=\"https:\/\/www.camh.ca\/fr\/agent-du-changement\/lutte-contre-la-stigmatisation\" target=\"_blank\" rel=\"noreferrer noopener\" aria-label=\"stigmatisation \u00e9tait plus omnipr\u00e9sente au d\u00e9but des ann\u00e9es 2000 (opens in a new tab)\">stigmatisation \u00e9tait plus omnipr\u00e9sente au d\u00e9but des ann\u00e9es 2000<\/a>).<\/p>\n\n\n\n<p>\u00ab&nbsp;Dans notre soci\u00e9t\u00e9, la maladie mentale continue d\u2019\u00eatre mal comprise et peine bien souvent \u00e0 attirer des dons, explique Laura&nbsp;Butler, directrice g\u00e9n\u00e9rale de la fondation de l\u2019h\u00f4pital Ridge&nbsp;Meadows. \u00ab&nbsp;Ron m\u00e9rite d\u2019\u00eatre salu\u00e9 non seulement pour l\u2019ampleur de son don, mais aussi pour l\u2019avoir vers\u00e9 \u00e0 une cause qui en a bien besoin.&nbsp;\u00bb<\/p>\n\n\n\n<figure class=\"wp-block-image is-resized\"><img loading=\"lazy\" decoding=\"async\" src=\"https:\/\/archive.cafe.crea.ca\/wp-content\/uploads\/2020\/05\/ron.jpg\" alt=\"\" class=\"wp-image-34587\" width=\"715\" height=\"475\" srcset=\"https:\/\/archive.cafe.crea.ca\/wp-content\/uploads\/2020\/05\/ron.jpg 1429w, https:\/\/archive.cafe.crea.ca\/wp-content\/uploads\/2020\/05\/ron-768x511.jpg 768w, https:\/\/archive.cafe.crea.ca\/wp-content\/uploads\/2020\/05\/ron-859x571.jpg 859w\" sizes=\"(max-width: 715px) 100vw, 715px\" \/><\/figure>\n\n\n\n<p>Apr\u00e8s l\u2019ouverture de l\u2019unit\u00e9 de psychiatrie Antalek Family, Ron a rapidement constat\u00e9 l\u2019importance d\u2019appuyer publiquement la sant\u00e9 mentale. <\/p>\n\n\n\n<p>\u00ab&nbsp;Je me suis rendu compte que lorsqu\u2019on s\u2019exprime publiquement, on peut inspirer d\u2019autres personnes&nbsp;\u00bb, pr\u00e9cise M. Antalek. \u00ab&nbsp;Voil\u00e0 l\u2019objectif de ce don&nbsp;: inspirer d\u2019autres personnes \u00e0 faire de m\u00eame et faire na\u00eetre une conversation parmi la collectivit\u00e9. \u00bb<\/p>\n\n\n\n<p>Au cours des derni\u00e8res ann\u00e9es, M. Antalek s\u2019est employ\u00e9 activement \u00e0 obtenir des ressources suppl\u00e9mentaires en mati\u00e8re de sant\u00e9 mentale pour sa collectivit\u00e9. Cette fois-ci, il cherchait \u00e0 appuyer les jeunes au moyen de la mise sur pied d\u2019un centre Foundry, qui favorise le mieux\u2011\u00eatre des jeunes. Une portion de son g\u00e9n\u00e9reux don \u00e0 la fondation, jumel\u00e9e \u00e0 une campagne de financement novatrice incitant des contributions \u00e9quivalentes, men\u00e9e par M. Antalek, se sont traduites par l\u2019ouverture du centre Foundry Ridge Meadows en janvier 2020. Apr\u00e8s \u00e0 peine deux&nbsp;semaines, plus de 100 nouveaux jeunes s\u2019y \u00e9taient pr\u00e9sent\u00e9s.<\/p>\n\n\n\n<p>\u00ab&nbsp;Je crois que Ron a fait preuve d\u2019un d\u00e9vouement exceptionnel visant \u00e0 mettre la sant\u00e9 mentale \u00e0 l\u2019avant-plan et \u00e0 alimenter un discours positif sur la question&nbsp;\u00bb, indique Vicki Kipps, directrice g\u00e9n\u00e9rale, services communautaires de Maple Ridge-Pitt Meadows. \u00ab&nbsp;Il a travaill\u00e9 tr\u00e8s fort \u00e0 nos c\u00f4tes dans le secteur des services sociaux pour faire valoir que la sant\u00e9 mentale nous touche tous<a>.&nbsp;\u00bb<\/a><\/p>\n\n\n\n<iframe loading=\"lazy\" width=\"560\" height=\"315\" src=\"https:\/\/www.youtube.com\/embed\/uxxHxitUjrI\" frameborder=\"0\" allow=\"accelerometer; autoplay; encrypted-media; gyroscope; picture-in-picture\" allowfullscreen=\"\"><\/iframe>\n\n\n\n<p>Ron Antalek est un exemple remarquable d\u2019un membre qui se d\u00e9marque dans sa collectivit\u00e9. <a href=\"https:\/\/www.realtorscare.ca\/fr\/about-realtors-care\/about-the-canadian-realtors-care-award\/\" target=\"_blank\" rel=\"noreferrer noopener\" aria-label=\"Pour en savoir davantage sur M. Antalek et les autres laur\u00e9ats du Prix canadien REALTORS Care\u00ae de l\u2019ACI, visitez REALTORSCare.ca.  (opens in a new tab)\">Pour en savoir davantage sur M. Antalek et les autres laur\u00e9ats du Prix canadien REALTORS Care\u00ae de l\u2019ACI, visitez REALTORSCare.ca. <\/a><\/p>\n","protected":false},"excerpt":{"rendered":"<p>Le laur\u00e9at du Prix canadien REALTORS Care\u00ae 2020, Ron Antalek de Maple Ridge en Colombie\u2011Britannique, admet \u00eatre un peu mal \u00e0 l\u2019aise lorsqu\u2019il parle du don d\u2019un million de dollars qu\u2019il a fait \u00e0 la fondation de l\u2019h\u00f4pital Ridge Meadows en 2006. Il voulait apr\u00e8s tout garder l\u2019anonymat. \u00ab&nbsp;Mon r\u00e9flexe a \u00e9t\u00e9 de rester dans &hellip; <a href=\"https:\/\/archive.cafe.crea.ca\/fr\/ron-antalek-se-porte-a-la-defense-de-la-sante-mentale-dans-sa-collectivite\/\" class=\"more-link\">Continue reading <span class=\"screen-reader-text\">Ron Antalek se porte \u00e0 la d\u00e9fense de la sant\u00e9 mentale dans sa collectivit\u00e9<\/span><\/a><\/p>\n","protected":false},"author":3,"featured_media":34589,"comment_status":"open","ping_status":"open","sticky":false,"template":"","format":"standard","meta":{"footnotes":""},"categories":[2372],"tags":[2378],"coauthors":[2175],"class_list":["post-34594","post","type-post","status-publish","format-standard","has-post-thumbnail","hentry","category-divers","tag-featured"],"aioseo_notices":[],"_links":{"self":[{"href":"https:\/\/archive.cafe.crea.ca\/fr\/wp-json\/wp\/v2\/posts\/34594"}],"collection":[{"href":"https:\/\/archive.cafe.crea.ca\/fr\/wp-json\/wp\/v2\/posts"}],"about":[{"href":"https:\/\/archive.cafe.crea.ca\/fr\/wp-json\/wp\/v2\/types\/post"}],"author":[{"embeddable":true,"href":"https:\/\/archive.cafe.crea.ca\/fr\/wp-json\/wp\/v2\/users\/3"}],"replies":[{"embeddable":true,"href":"https:\/\/archive.cafe.crea.ca\/fr\/wp-json\/wp\/v2\/comments?post=34594"}],"version-history":[{"count":2,"href":"https:\/\/archive.cafe.crea.ca\/fr\/wp-json\/wp\/v2\/posts\/34594\/revisions"}],"predecessor-version":[{"id":34597,"href":"https:\/\/archive.cafe.crea.ca\/fr\/wp-json\/wp\/v2\/posts\/34594\/revisions\/34597"}],"wp:featuredmedia":[{"embeddable":true,"href":"https:\/\/archive.cafe.crea.ca\/fr\/wp-json\/wp\/v2\/media\/34589"}],"wp:attachment":[{"href":"https:\/\/archive.cafe.crea.ca\/fr\/wp-json\/wp\/v2\/media?parent=34594"}],"wp:term":[{"taxonomy":"category","embeddable":true,"href":"https:\/\/archive.cafe.crea.ca\/fr\/wp-json\/wp\/v2\/categories?post=34594"},{"taxonomy":"post_tag","embeddable":true,"href":"https:\/\/archive.cafe.crea.ca\/fr\/wp-json\/wp\/v2\/tags?post=34594"},{"taxonomy":"author","embeddable":true,"href":"https:\/\/archive.cafe.crea.ca\/fr\/wp-json\/wp\/v2\/coauthors?post=34594"}],"curies":[{"name":"wp","href":"https:\/\/api.w.org\/{rel}","templated":true}]}}