{"id":34547,"date":"2020-05-08T14:00:58","date_gmt":"2020-05-08T18:00:58","guid":{"rendered":"https:\/\/archive.cafe.crea.ca\/?p=34547"},"modified":"2020-05-08T13:42:45","modified_gmt":"2020-05-08T17:42:45","slug":"une-foule-de-conseils-pour-preparer-sa-maison-et-sa-cour-pour-la-saison-estivale","status":"publish","type":"post","link":"https:\/\/archive.cafe.crea.ca\/fr\/une-foule-de-conseils-pour-preparer-sa-maison-et-sa-cour-pour-la-saison-estivale\/","title":{"rendered":"Une foule de conseils pour pr\u00e9parer sa maison et sa cour pour la saison estivale"},"content":{"rendered":"\n<p><em>Nous traversons une p\u00e9riode sans pr\u00e9c\u00e9dent. La propagation de la COVID-19 touche maintenant le monde entier et produira des effets \u00e0 long terme que nous ne pouvons pas encore pr\u00e9voir.<\/em><\/p>\n\n\n\n<p><em>Bien que cette r\u00e9alit\u00e9 p\u00e8se sur l\u2019esprit de millions de personnes, il est important de d\u00e9tourner de temps en temps notre attention des nouvelles du monde, m\u00eame si ce n\u2019est que pour quelques minutes.<\/em><\/p>\n\n\n\n<p><em>Nous avons r\u00e9dig\u00e9 cette \u00e9dition des Saveurs de la semaine dans l\u2019espoir de vous aider \u00e0 retrouver le sourire et de vous rappeler qu\u2019il existe toujours un c\u00f4t\u00e9 amusant \u00e0 l\u2019immobilier.<\/em><\/p>\n\n\n\n<p><em>Bonne lecture!<\/em><\/p>\n\n\n\n<p>Les conseils de la semaine\u00a0: le <a rel=\"noreferrer noopener\" aria-label=\" (opens in a new tab)\" href=\"https:\/\/www.lesoleil.com\/maison\/le-jardin-de-la-victoire-20-90c264faed835e47e463d96fc7b48ae2\" target=\"_blank\">jardin de la victoire\u00a02.0<\/a>; <a rel=\"noreferrer noopener\" aria-label=\" (opens in a new tab)\" href=\"https:\/\/www.lesoleil.com\/maison\/fleurir-son-chez-soi-7ef619d2c4f319c9a95f41215407245d\" target=\"_blank\">fleurir son chez-soi<\/a>; <a href=\"https:\/\/www.lesoleil.com\/maison\/peinture-selectionner-ses-couleurs-en-ligne-d5c16ae56c0d2f4dd7c3aa539e23eb6c\">s\u00e9lectionner ses couleurs de peinture en ligne<\/a>; des <a rel=\"noreferrer noopener\" aria-label=\" (opens in a new tab)\" href=\"https:\/\/www.journaldemontreal.com\/2020\/04\/30\/nouvelle-collection-pour-les-fans-de-terrazzo-chez-luminaire-authentik\" target=\"_blank\">luminaires pour les fans de terrazzo<\/a>; <a rel=\"noreferrer noopener\" aria-label=\" (opens in a new tab)\" href=\"https:\/\/www.journaldemontreal.com\/2020\/04\/30\/15-nouveautes-chez-ikea\" target=\"_blank\">15 nouveaut\u00e9s chez IKEA<\/a>; une <a rel=\"noreferrer noopener\" aria-label=\" (opens in a new tab)\" href=\"https:\/\/www.lapresse.ca\/maison\/cour-et-jardin\/202004\/29\/01-5271389-une-rampe-de-skateboard-dans-la-cour-.php\" target=\"_blank\">rampe de <\/a><em><a rel=\"noreferrer noopener\" aria-label=\" (opens in a new tab)\" href=\"https:\/\/www.lapresse.ca\/maison\/cour-et-jardin\/202004\/29\/01-5271389-une-rampe-de-skateboard-dans-la-cour-.php\" target=\"_blank\">skateboard<\/a><\/em><a rel=\"noreferrer noopener\" aria-label=\" (opens in a new tab)\" href=\"https:\/\/www.lapresse.ca\/maison\/cour-et-jardin\/202004\/29\/01-5271389-une-rampe-de-skateboard-dans-la-cour-.php\" target=\"_blank\"> dans sa cour<\/a>; de <a rel=\"noreferrer noopener\" aria-label=\" (opens in a new tab)\" href=\"https:\/\/www.lapresse.ca\/maison\/cour-et-jardin\/202004\/23\/01-5270614-de-la-couleur-aux-balcons-avec-butine.php\" target=\"_blank\">la couleur aux balcons avec Butine<\/a>; un <a rel=\"noreferrer noopener\" aria-label=\" (opens in a new tab)\" href=\"https:\/\/www.lapresse.ca\/maison\/immobilier\/202004\/30\/01-5271591-un-guide-pour-encadrer-les-visites-immobilieres.php\" target=\"_blank\">guide pour encadrer les visites immobili\u00e8res<\/a>; <a rel=\"noreferrer noopener\" aria-label=\" (opens in a new tab)\" href=\"https:\/\/www.lapresse.ca\/maison\/cour-et-jardin\/202005\/01\/01-5271763-construire-un-module-de-jeu-maison.php\" target=\"_blank\">construire un module de jeu maison<\/a>; <a rel=\"noreferrer noopener\" aria-label=\" (opens in a new tab)\" href=\"https:\/\/www.journaldemontreal.com\/2020\/05\/05\/choisir-un-taux-hypothecaire-variable-est-ce-trop-risque\" target=\"_blank\">choisir un taux hypoth\u00e9caire variable, est-ce risqu\u00e9<\/a>? et <a href=\"https:\/\/www.journaldemontreal.com\/2020\/05\/07\/10-objets-wow-pour-avoir-une-terrasse-retro-chic-comme-a-palm-springs\" target=\"_blank\" rel=\"noreferrer noopener\" aria-label=\" (opens in a new tab)\">10\u00a0objets pour avoir une terrasse r\u00e9tro chic<\/a>.<\/p>\n\n\n\n<p><em>Le<\/em> <em>Journal de Montr\u00e9al<\/em> rapporte qu\u2019il faut <a href=\"https:\/\/www.journaldemontreal.com\/2020\/05\/06\/les-coproprietaires-ont-interet-a-tenir-des-assemblees-virtuelles\" target=\"_blank\" rel=\"noreferrer noopener\" aria-label=\" (opens in a new tab)\">privil\u00e9gier les assembl\u00e9es virtuelles pour propri\u00e9taires de copropri\u00e9t\u00e9s<\/a>.<\/p>\n\n\n\n<p><em>Le Journal de Montr\u00e9al<\/em> constate qu\u2019avril a \u00e9t\u00e9 <a rel=\"noreferrer noopener\" aria-label=\" (opens in a new tab)\" href=\"https:\/\/news.google.com\/articles\/CBMidGh0dHBzOi8vd3d3LmpvdXJuYWxkZW1vbnRyZWFsLmNvbS8yMDIwLzA1LzA2L2ltbW9iaWxpZXItdW5lLWJhaXNzZS1oaXN0b3JpcXVlLWRlLTY4LS1lbi1hdnJpbC1kYW5zLWxlLWdyYW5kLW1vbnRyZWFs0gEA?hl=fr-CA&amp;gl=CA&amp;ceid=CA%3Afr\" target=\"_blank\">\u00ab\u00a0historique\u00a0\u00bb pour le march\u00e9 immobilier \u00e0 Montr\u00e9al<\/a> et <a href=\"https:\/\/news.google.com\/articles\/CBMiYmh0dHBzOi8vd3d3LmpvdXJuYWxkZXF1ZWJlYy5jb20vMjAyMC8wNS8wNi9iYWlzc2UtZGUtbGFjdGl2aXRlLW1vaW5zLW1hcnF1ZWUtYS1xdWViZWMtcXVhLW1vbnRyZWFs0gEA?hl=fr-CA&amp;gl=CA&amp;ceid=CA%3Afr\" target=\"_blank\" rel=\"noreferrer noopener\" aria-label=\" (opens in a new tab)\">catastrophique pour celui de Qu\u00e9bec<\/a>. <\/p>\n\n\n\n<p><em>Le Quotidien<\/em> offre des conseils pour <a href=\"https:\/\/www.lequotidien.com\/toit-et-moi\/immobilier\/transactions-immobilieres--vendre-ou-acheter-une-maison-en-toute-securite-7a95e5ff57f533b301ebe3f564708a44\" target=\"_blank\" rel=\"noreferrer noopener\" aria-label=\" (opens in a new tab)\">vendre ou acheter une maison en toute s\u00e9curit\u00e9<\/a>.<\/p>\n\n\n\n<p><em>LCI<\/em> nous informe de l\u2019immobilier\u00a0: <a href=\"https:\/\/www.lci.fr\/immobilier\/immobilier-les-prix-toujours-a-la-hausse-a-paris-mais-des-chiffres-a-relativiser-2153157.html\" target=\"_blank\" rel=\"noreferrer noopener\" aria-label=\" (opens in a new tab)\">les prix toujours \u00e0 la hausse \u00e0 Paris, mais des chiffres \u00e0 relativiser<\/a>. <\/p>\n\n\n\n<p><em>Yahoo.fr<\/em> a visionn\u00e9 <a href=\"https:\/\/fr.news.yahoo.com\/lagent-immobilier-arte-faut-regarder-122113742.html?guccounter=1&amp;guce_referrer=aHR0cHM6Ly93d3cuZ29vZ2xlLmNhLw&amp;guce_referrer_sig=AQAAAMtjdSe-qzmd0UOo5K2kgIqRAaWBt1X8v6ufNS4rYil7pg262mkQHQJ1h4RCXmZHpYBG9BZLfp7T8Pu3gyluwSF2AJwOIsnNomGPMmy1xaaqCDrnqsM_paUYI-SpUf8LDcBLdtCnHl_G2ZuBfMW2qgmE5PgsBSDpDp3uzNMG3_OD\" target=\"_blank\" rel=\"noreferrer noopener\" aria-label=\" (opens in a new tab)\">la s\u00e9rie t\u00e9l\u00e9vis\u00e9e <\/a><em><a href=\"https:\/\/fr.news.yahoo.com\/lagent-immobilier-arte-faut-regarder-122113742.html?guccounter=1&amp;guce_referrer=aHR0cHM6Ly93d3cuZ29vZ2xlLmNhLw&amp;guce_referrer_sig=AQAAAMtjdSe-qzmd0UOo5K2kgIqRAaWBt1X8v6ufNS4rYil7pg262mkQHQJ1h4RCXmZHpYBG9BZLfp7T8Pu3gyluwSF2AJwOIsnNomGPMmy1xaaqCDrnqsM_paUYI-SpUf8LDcBLdtCnHl_G2ZuBfMW2qgmE5PgsBSDpDp3uzNMG3_OD\" target=\"_blank\" rel=\"noreferrer noopener\" aria-label=\" (opens in a new tab)\">L\u2019agent immobilier<\/a><\/em><a href=\"https:\/\/fr.news.yahoo.com\/lagent-immobilier-arte-faut-regarder-122113742.html?guccounter=1&amp;guce_referrer=aHR0cHM6Ly93d3cuZ29vZ2xlLmNhLw&amp;guce_referrer_sig=AQAAAMtjdSe-qzmd0UOo5K2kgIqRAaWBt1X8v6ufNS4rYil7pg262mkQHQJ1h4RCXmZHpYBG9BZLfp7T8Pu3gyluwSF2AJwOIsnNomGPMmy1xaaqCDrnqsM_paUYI-SpUf8LDcBLdtCnHl_G2ZuBfMW2qgmE5PgsBSDpDp3uzNMG3_OD\" target=\"_blank\" rel=\"noreferrer noopener\" aria-label=\" (opens in a new tab)\"> avec Mathieu\u00a0Amalric et Eddy\u00a0Mitchell<\/a>.<\/p>\n\n\n\n<p><em>My Sweet Immo<\/em> questionne ce <a rel=\"noreferrer noopener\" aria-label=\" (opens in a new tab)\" href=\"https:\/\/www.mysweetimmo.com\/2020\/05\/07\/mais-que-nous-reserve-donc-ce-marche-immobilier-au-sortir-du-confinement\/\" target=\"_blank\">que nous r\u00e9serve le march\u00e9 immobilier au sortir du confinement<\/a>; se penche sur les <a rel=\"noreferrer noopener\" aria-label=\" (opens in a new tab)\" href=\"https:\/\/www.mysweetimmo.com\/2020\/05\/04\/location-de-vacances-et-covid-19-pres-de-9-francais-sur-10-souhaitent-rester-en-france-cet-ete-pour-les-vacances\/\" target=\"_blank\">vacances envisag\u00e9es en France<\/a> et traite <a href=\"https:\/\/www.mysweetimmo.com\/2020\/05\/04\/covid-19-quels-effets-de-la-crise-sanitaire-sur-le-marche-immobilier-et-sur-la-crise-du-logement\/\" target=\"_blank\" rel=\"noreferrer noopener\" aria-label=\" (opens in a new tab)\">des effets de la crise sanitaire sur le march\u00e9 immobilier et sur la crise du logement<\/a>.<\/p>\n\n\n\n<p><em>La Vie Immo<\/em> rapporte que <a rel=\"noreferrer noopener\" aria-label=\" (opens in a new tab)\" href=\"https:\/\/www.lavieimmo.com\/prix-immobilier\/les-ventes-immobilieres-ont-chute-de-90-avec-le-confinement-en-region-parisienne-48552.html\" target=\"_blank\">les ventes immobili\u00e8res ont chut\u00e9 de 90\u00a0% avec le confinement en r\u00e9gion parisienne<\/a>; demande <a rel=\"noreferrer noopener\" aria-label=\" (opens in a new tab)\" href=\"https:\/\/www.lavieimmo.com\/construction\/qui-va-payer-les-surcouts-lies-aux-mesures-sanitaires-sur-les-chantiers-48562.html\" target=\"_blank\">qui va payer les surco\u00fbts li\u00e9s aux mesures sanitaires sur les chantiers<\/a> et partage qu\u2019<a href=\"https:\/\/www.lavieimmo.com\/immobilier-international\/aux-etats-unis-certains-rentiers-airbnb-croulent-desormais-sous-les-dettes-48522.html\" target=\"_blank\" rel=\"noreferrer noopener\" aria-label=\" (opens in a new tab)\">aux \u00c9tats-Unis, certains \u00ab\u00a0rentiers\u00a0Airbnb\u00a0\u00bb croulent d\u00e9sormais sous les dettes<\/a>.<\/p>\n\n\n\n<p>Bonne\nsemaine!<\/p>\n","protected":false},"excerpt":{"rendered":"<p>Nous traversons une p\u00e9riode sans pr\u00e9c\u00e9dent. La propagation de la COVID-19 touche maintenant le monde entier et produira des effets \u00e0 long terme que nous ne pouvons pas encore pr\u00e9voir. Bien que cette r\u00e9alit\u00e9 p\u00e8se sur l\u2019esprit de millions de personnes, il est important de d\u00e9tourner de temps en temps notre attention des nouvelles du &hellip; <a href=\"https:\/\/archive.cafe.crea.ca\/fr\/une-foule-de-conseils-pour-preparer-sa-maison-et-sa-cour-pour-la-saison-estivale\/\" class=\"more-link\">Continue reading <span class=\"screen-reader-text\">Une foule de conseils pour pr\u00e9parer sa maison et sa cour pour la saison estivale<\/span><\/a><\/p>\n","protected":false},"author":24,"featured_media":34550,"comment_status":"open","ping_status":"open","sticky":false,"template":"","format":"standard","meta":{"footnotes":""},"categories":[2372],"tags":[],"coauthors":[2157],"class_list":["post-34547","post","type-post","status-publish","format-standard","has-post-thumbnail","hentry","category-divers"],"aioseo_notices":[],"_links":{"self":[{"href":"https:\/\/archive.cafe.crea.ca\/fr\/wp-json\/wp\/v2\/posts\/34547"}],"collection":[{"href":"https:\/\/archive.cafe.crea.ca\/fr\/wp-json\/wp\/v2\/posts"}],"about":[{"href":"https:\/\/archive.cafe.crea.ca\/fr\/wp-json\/wp\/v2\/types\/post"}],"author":[{"embeddable":true,"href":"https:\/\/archive.cafe.crea.ca\/fr\/wp-json\/wp\/v2\/users\/24"}],"replies":[{"embeddable":true,"href":"https:\/\/archive.cafe.crea.ca\/fr\/wp-json\/wp\/v2\/comments?post=34547"}],"version-history":[{"count":1,"href":"https:\/\/archive.cafe.crea.ca\/fr\/wp-json\/wp\/v2\/posts\/34547\/revisions"}],"predecessor-version":[{"id":34552,"href":"https:\/\/archive.cafe.crea.ca\/fr\/wp-json\/wp\/v2\/posts\/34547\/revisions\/34552"}],"wp:featuredmedia":[{"embeddable":true,"href":"https:\/\/archive.cafe.crea.ca\/fr\/wp-json\/wp\/v2\/media\/34550"}],"wp:attachment":[{"href":"https:\/\/archive.cafe.crea.ca\/fr\/wp-json\/wp\/v2\/media?parent=34547"}],"wp:term":[{"taxonomy":"category","embeddable":true,"href":"https:\/\/archive.cafe.crea.ca\/fr\/wp-json\/wp\/v2\/categories?post=34547"},{"taxonomy":"post_tag","embeddable":true,"href":"https:\/\/archive.cafe.crea.ca\/fr\/wp-json\/wp\/v2\/tags?post=34547"},{"taxonomy":"author","embeddable":true,"href":"https:\/\/archive.cafe.crea.ca\/fr\/wp-json\/wp\/v2\/coauthors?post=34547"}],"curies":[{"name":"wp","href":"https:\/\/api.w.org\/{rel}","templated":true}]}}