{"id":34185,"date":"2020-04-01T10:54:14","date_gmt":"2020-04-01T14:54:14","guid":{"rendered":"https:\/\/archive.cafe.crea.ca\/?p=34185"},"modified":"2020-04-01T10:54:17","modified_gmt":"2020-04-01T14:54:17","slug":"lancement-den-direct-un-balado-pour-les-courtiers-et-les-agents","status":"publish","type":"post","link":"https:\/\/archive.cafe.crea.ca\/fr\/lancement-den-direct-un-balado-pour-les-courtiers-et-les-agents\/","title":{"rendered":"Lancement d\u2019EN DIRECT : un balado pour les courtiers et les agents"},"content":{"rendered":"\n<p>Depuis\nquelque temps, les perturbations marquent notre secteur et notre monde. Il est\ndonc plus important que jamais de maintenir nos liens. Notre vision pour ce\nbalado est simple&nbsp;: communiquer avec les courtiers et agents, les inspirer\net leur donner tous les moyens de r\u00e9ussir. Pour y parvenir, nous tiendrons des\nconversations avec des invit\u00e9s sp\u00e9ciaux sur tout ce qui touche l\u2019immobilier au\nCanada et qui influe sur notre secteur, notre profession et nos collectivit\u00e9s. <\/p>\n\n\n\n<p>Deux animatrices exceptionnelles donneront vie \u00e0 <em>EN DIRECT<\/em> et \u00e0 son \u00e9quivalent en anglais, <em>REAL TIME<\/em>&nbsp;: la c\u00e9l\u00e8bre chanteuse et animatrice <a rel=\"noreferrer noopener\" aria-label=\" (opens in a new tab)\" href=\"http:\/\/mitsoumagazine.com\/\" target=\"_blank\">Mitsou G\u00e9linas<\/a>, et la conf\u00e9renci\u00e8re motivatrice et auteure \u00e0 succ\u00e8s <a rel=\"noreferrer noopener\" aria-label=\" (opens in a new tab)\" href=\"https:\/\/www.erindavis.com\/\" target=\"_blank\">Erin Davis<\/a>. Si <em><a href=\"https:\/\/www.crea.ca\/fr\/podcast\/?utm_medium=cpc&amp;utm_source=facebook&amp;utm_campaign=podcast&amp;utm_content=ep1\" target=\"_blank\" rel=\"noreferrer noopener\" aria-label=\"EN DIRECT (opens in a new tab)\">EN DIRECT<\/a><\/em> sera lanc\u00e9 plus tard ce printemps, le premier \u00e9pisode de <em>REAL TIME<\/em> a \u00e9t\u00e9 diffus\u00e9 la semaine derni\u00e8re.<\/p>\n\n\n\n<div class=\"wp-block-image\"><figure class=\"alignleft is-resized\"><img loading=\"lazy\" decoding=\"async\" src=\"https:\/\/archive.cafe.crea.ca\/wp-content\/uploads\/2020\/04\/Terry-Banner-Square.jpg\" alt=\"\" class=\"wp-image-34176\" width=\"270\" height=\"270\" srcset=\"https:\/\/archive.cafe.crea.ca\/wp-content\/uploads\/2020\/04\/Terry-Banner-Square.jpg 1080w, https:\/\/archive.cafe.crea.ca\/wp-content\/uploads\/2020\/04\/Terry-Banner-Square-768x768.jpg 768w, https:\/\/archive.cafe.crea.ca\/wp-content\/uploads\/2020\/04\/Terry-Banner-Square-571x571.jpg 571w\" sizes=\"(max-width: 270px) 100vw, 270px\" \/><\/figure><\/div>\n\n\n\n<p><strong>\u00c9pisode 1 : Terry O\u2019Reilly \u2013 REALTORS<sup>\u00ae<\/sup> and the Importance of Emotional Connections<\/strong><br> Ce balado porte sur la mise en valeur de l\u2019image de marque. Nous explorerons le r\u00f4le indispensable des courtiers et agents quant \u00e0 l\u2019aspect \u00e9motionnel de l\u2019achat d\u2019une propri\u00e9t\u00e9, et vous montrerons comment en tirer parti pour ajouter de la valeur \u00e0 la relation avec votre client et au processus de vente.<br><a href=\"https:\/\/www.crea.ca\/podcast\/\" target=\"_blank\" rel=\"noreferrer noopener\" aria-label=\"T\u00e9l\u00e9charger l\u2019\u00e9pisode. (opens in a new tab)\">T\u00e9l\u00e9charger l\u2019\u00e9pisode.<\/a><\/p>\n\n\n\n<div class=\"wp-block-image\"><figure class=\"alignright is-resized\"><img loading=\"lazy\" decoding=\"async\" src=\"https:\/\/archive.cafe.crea.ca\/wp-content\/uploads\/2020\/04\/Chris-Banner-Square.jpg\" alt=\"\" class=\"wp-image-34178\" width=\"270\" height=\"270\" srcset=\"https:\/\/archive.cafe.crea.ca\/wp-content\/uploads\/2020\/04\/Chris-Banner-Square.jpg 1080w, https:\/\/archive.cafe.crea.ca\/wp-content\/uploads\/2020\/04\/Chris-Banner-Square-768x768.jpg 768w, https:\/\/archive.cafe.crea.ca\/wp-content\/uploads\/2020\/04\/Chris-Banner-Square-571x571.jpg 571w\" sizes=\"(max-width: 270px) 100vw, 270px\" \/><\/figure><\/div>\n\n\n\n<p><strong>\u00c0 VENIR<\/strong><br>\n<strong>\u00c9pisode&nbsp;2&nbsp;: Chris Chopik&nbsp;\u2013&nbsp;Real Estate and the\nEnvironment<\/strong><\/p>\n\n\n\n<p>En\nl\u2019honneur du Jour de la Terre, nous discuterons avec Chris Chopik, membre de\nl\u2019ACI et ardent d\u00e9fenseur de l\u2019environnement, de l\u2019incidence directe des\nchangements climatiques sur le secteur, du r\u00f4le que les courtiers et les agents\npeuvent jouer pour prot\u00e9ger l\u2019environnement et de ce qu\u2019il faut savoir pour\nvendre des propri\u00e9t\u00e9s \u00e9cologiques.<\/p>\n\n\n\n<p>Vous trouverez les derniers \u00e9pisodes de <em>REAL TIME<\/em> (et bient\u00f4t d\u2019<em>EN DIRECT<\/em>) <a href=\"https:\/\/www.crea.ca\/fr\/podcast\/?utm_medium=cpc&amp;utm_source=facebook&amp;utm_campaign=podcast&amp;utm_content=ep1\" target=\"_blank\" rel=\"noreferrer noopener\" aria-label=\"sur notre site Web (opens in a new tab)\">sur notre site Web<\/a>. Vous pouvez \u00e9galement vous y abonner l\u00e0 o\u00f9 vous \u00e9coutez vos balados.<\/p>\n\n\n\n<p><strong>Voulez\u2011vous\nfaire entendre votre voix?<\/strong><\/p>\n\n\n\n<p>Nous\nsollicitons la participation des courtiers et des agents pour les prochains\n\u00e9pisodes. Selon nous, un bon conseil doit toujours \u00eatre partag\u00e9. Dites-nous\ndonc le meilleur conseil que vous ayez re\u00e7u au cours de votre carri\u00e8re! Laissez\nun message au 1&nbsp;888&nbsp;768-6794.<\/p>\n","protected":false},"excerpt":{"rendered":"<p>Depuis quelque temps, les perturbations marquent notre secteur et notre monde. Il est donc plus important que jamais de maintenir nos liens. Notre vision pour ce balado est simple&nbsp;: communiquer avec les courtiers et agents, les inspirer et leur donner tous les moyens de r\u00e9ussir. Pour y parvenir, nous tiendrons des conversations avec des invit\u00e9s &hellip; <a href=\"https:\/\/archive.cafe.crea.ca\/fr\/lancement-den-direct-un-balado-pour-les-courtiers-et-les-agents\/\" class=\"more-link\">Continue reading <span class=\"screen-reader-text\">Lancement d\u2019EN DIRECT : un balado pour les courtiers et les agents<\/span><\/a><\/p>\n","protected":false},"author":34,"featured_media":34186,"comment_status":"open","ping_status":"open","sticky":false,"template":"","format":"standard","meta":{"footnotes":""},"categories":[2366,2371],"tags":[2378,2380],"coauthors":[2152],"class_list":["post-34185","post","type-post","status-publish","format-standard","has-post-thumbnail","hentry","category-nouvelles-de-laci","category-technologie","tag-featured","tag-featured-fr-2"],"aioseo_notices":[],"_links":{"self":[{"href":"https:\/\/archive.cafe.crea.ca\/fr\/wp-json\/wp\/v2\/posts\/34185"}],"collection":[{"href":"https:\/\/archive.cafe.crea.ca\/fr\/wp-json\/wp\/v2\/posts"}],"about":[{"href":"https:\/\/archive.cafe.crea.ca\/fr\/wp-json\/wp\/v2\/types\/post"}],"author":[{"embeddable":true,"href":"https:\/\/archive.cafe.crea.ca\/fr\/wp-json\/wp\/v2\/users\/34"}],"replies":[{"embeddable":true,"href":"https:\/\/archive.cafe.crea.ca\/fr\/wp-json\/wp\/v2\/comments?post=34185"}],"version-history":[{"count":6,"href":"https:\/\/archive.cafe.crea.ca\/fr\/wp-json\/wp\/v2\/posts\/34185\/revisions"}],"predecessor-version":[{"id":34201,"href":"https:\/\/archive.cafe.crea.ca\/fr\/wp-json\/wp\/v2\/posts\/34185\/revisions\/34201"}],"wp:featuredmedia":[{"embeddable":true,"href":"https:\/\/archive.cafe.crea.ca\/fr\/wp-json\/wp\/v2\/media\/34186"}],"wp:attachment":[{"href":"https:\/\/archive.cafe.crea.ca\/fr\/wp-json\/wp\/v2\/media?parent=34185"}],"wp:term":[{"taxonomy":"category","embeddable":true,"href":"https:\/\/archive.cafe.crea.ca\/fr\/wp-json\/wp\/v2\/categories?post=34185"},{"taxonomy":"post_tag","embeddable":true,"href":"https:\/\/archive.cafe.crea.ca\/fr\/wp-json\/wp\/v2\/tags?post=34185"},{"taxonomy":"author","embeddable":true,"href":"https:\/\/archive.cafe.crea.ca\/fr\/wp-json\/wp\/v2\/coauthors?post=34185"}],"curies":[{"name":"wp","href":"https:\/\/api.w.org\/{rel}","templated":true}]}}