{"id":34152,"date":"2020-03-27T16:27:27","date_gmt":"2020-03-27T20:27:27","guid":{"rendered":"https:\/\/archive.cafe.crea.ca\/?p=34152"},"modified":"2020-03-27T16:27:30","modified_gmt":"2020-03-27T20:27:30","slug":"saveurs-de-la-semaine-des-trucs-de-pros-pour-amenager-un-bureau-a-la-maison","status":"publish","type":"post","link":"https:\/\/archive.cafe.crea.ca\/fr\/saveurs-de-la-semaine-des-trucs-de-pros-pour-amenager-un-bureau-a-la-maison\/","title":{"rendered":"Saveurs de la semaine : des trucs de pros pour am\u00e9nager un bureau \u00e0 la maison"},"content":{"rendered":"\n<p><em>Nous traversons une p\u00e9riode sans pr\u00e9c\u00e9dent. La propagation de la COVID-19 touche maintenant le monde entier et produira des effets \u00e0 long terme que nous ne pouvons pas encore pr\u00e9voir.<\/em><\/p>\n\n\n\n<p><em>Bien que cette r\u00e9alit\u00e9 p\u00e8se sur l\u2019esprit de millions de personnes, il est important de d\u00e9tourner de temps en temps notre attention des nouvelles du monde, m\u00eame si ce n\u2019est que pour quelques minutes.<\/em><\/p>\n\n\n\n<p><em>Nous avons r\u00e9dig\u00e9 cette \u00e9dition des Saveurs de la semaine dans l\u2019espoir de vous aider \u00e0 retrouver le sourire et de vous rappeler qu\u2019il existe toujours un c\u00f4t\u00e9 amusant \u00e0 l\u2019immobilier.<\/em><\/p>\n\n\n\n<p><em>Bonne lecture!<\/em><\/p>\n\n\n\n<p>Les conseils de la semaine&nbsp;: <a href=\"https:\/\/www.journaldemontreal.com\/2020\/03\/21\/amenager-le-grenier-quelle-bonne-idee\" target=\"_blank\" rel=\"noreferrer noopener\">am\u00e9nager le grenier, quelle bonne id\u00e9e<\/a>!; <a href=\"https:\/\/www.journaldemontreal.com\/2020\/03\/14\/soulever-et-deplacer-une-maison-en-hiver\" target=\"_blank\" rel=\"noreferrer noopener\">soulever et d\u00e9placer une maison en hiver<\/a>; le <a href=\"https:\/\/www.lesoleil.com\/maison\/le-bidet-en-renfort-0e1afdd80d953159f0cac3adada8add0\" target=\"_blank\" rel=\"noreferrer noopener\">bidet en renfort<\/a>; <a href=\"https:\/\/www.lapresse.ca\/maison\/202003\/20\/01-5265695-tendance-bidet.php\" target=\"_blank\" rel=\"noreferrer noopener\">tendance bidet<\/a>; <a href=\"https:\/\/www.lapresse.ca\/maison\/cour-et-jardin\/202003\/20\/01-5265693-plantes-insectivores-elles-mangent-des-insectes.php\" target=\"_blank\" rel=\"noreferrer noopener\">plantes insectivores<\/a>; les <a href=\"https:\/\/www.lapresse.ca\/maison\/immobilier\/202003\/20\/01-5265712-les-chalets-a-louer-derniers-sanctuaires.php\" target=\"_blank\" rel=\"noreferrer noopener\">chalets \u00e0 louer&nbsp;: derniers sanctuaires<\/a>; une <a href=\"https:\/\/www.lapresse.ca\/maison\/immobilier\/202003\/24\/01-5266255-une-premiere-assemblee-virtuelle-de-coproprietaires-autorisee-au-quebec.php\" target=\"_blank\" rel=\"noreferrer noopener\">premi\u00e8re assembl\u00e9e virtuelle de copropri\u00e9taires\nautoris\u00e9e au Qu\u00e9bec<\/a> et <a href=\"https:\/\/www.lapresse.ca\/maison\/immobilier\/202003\/20\/01-5265663-propriete-vendue-cest-garanti.php\" target=\"_blank\" rel=\"noreferrer noopener\">propri\u00e9t\u00e9 vendue, c\u2019est garanti<\/a>.<\/p>\n\n\n\n<p>En ces temps exceptionnels, <em>le Soleil<\/em> de Qu\u00e9bec\npropose <a href=\"https:\/\/www.lesoleil.com\/maison\/7-trucs-de-pros-pour-amenager-un-bureau-a-la-maison-photos-5286115ae096e1406fd9c0be04844937\" target=\"_blank\" rel=\"noreferrer noopener\">sept&nbsp;trucs de pros pour am\u00e9nager un bureau \u00e0 la\nmaison<\/a>.<\/p>\n\n\n\n<p><em>Radio-Canada<\/em> rapporte qu\u2019il n\u2019y a <a href=\"https:\/\/ici.radio-canada.ca\/nouvelle\/1685315\/immobilier-coronavirus-immobilier-logements-maisons-condos-quebec\" target=\"_blank\" rel=\"noreferrer noopener\">pas de pause pour les transactions immobili\u00e8res, mais que\nles visites sont d\u00e9conseill\u00e9es<\/a>.<\/p>\n\n\n\n<p><em>La Presse<\/em> relate\nque <a href=\"https:\/\/www.lapresse.ca\/maison\/immobilier\/202003\/24\/01-5266263-pas-de-visites-de-logements-demande-quebec.php\" target=\"_blank\" rel=\"noreferrer noopener\">Qu\u00e9bec demande d\u2019arr\u00eater les visites de logement<\/a>; que <a href=\"https:\/\/www.lapresse.ca\/maison\/immobilier\/202003\/24\/01-5266260-les-visites-de-proprietes-a-vendre-annulees.php\" target=\"_blank\" rel=\"noreferrer noopener\">l\u2019OACIQ d\u00e9conseille les visites libres<\/a> et que les <a href=\"https:\/\/www.lapresse.ca\/maison\/immobilier\/202003\/23\/01-5266069-immobilier-toronto-et-vancouver-suspendent-les-visites-libres.php\" target=\"_blank\" rel=\"noreferrer noopener\">chambres immobili\u00e8res du Grand Toronto et du Grand\nVancouver ont suspendu les visites<\/a>.<\/p>\n\n\n\n<p>Daniel Germain du <em>Journal de Montr\u00e9al<\/em> estime\nque <a href=\"https:\/\/www.journaldemontreal.com\/2020\/03\/25\/votre-maison-de-loin-votre-meilleur-refuge-financier\" target=\"_blank\" rel=\"noreferrer noopener\">votre maison est votre meilleur refuge financier<\/a>.<\/p>\n\n\n\n<p>Joanie Fontaine des <em>Affaires<\/em> tente de pr\u00e9voir <a href=\"https:\/\/www.lesaffaires.com\/blogues\/joanie-fontaine\/immobilier-covid-19\/616753\" target=\"_blank\" rel=\"noreferrer noopener\">l\u2019immobilier au temps de la COVID-19<\/a>.<\/p>\n\n\n\n<p><em>Le Devoir<\/em>\nconstate que <a href=\"https:\/\/www.ledevoir.com\/societe\/environnement\/575229\/l-immobilier-a-la-croisee-des-energies\" target=\"_blank\" rel=\"noreferrer noopener\">l\u2019immobilier est \u00e0 la crois\u00e9e des \u00e9nergies<\/a>.<\/p>\n\n\n\n<p><em>Le Point<\/em> conclut\nque <a href=\"https:\/\/www.lepoint.fr\/immobilier\/coronavirus-la-nouvelle-crise-immobiliere-est-plus-grave-qu-en-2008--25-03-2020-2368670_31.php\" target=\"_blank\" rel=\"noreferrer noopener\">cette nouvelle crise immobili\u00e8re est plus grave que\ncelle de 2008<\/a>, alors\nque <em>SeLoger<\/em> ne pr\u00e9voit <a href=\"https:\/\/edito.seloger.com\/actualites\/barometre-lpi-seloger\/immobilier-de-baisse-brutale-prix-a-redouter-prochains-mois-article-36748.html\" target=\"_blank\" rel=\"noreferrer noopener\">pas de baisse brutale des prix \u00e0 redouter dans les\nprochains mois<\/a>.<\/p>\n\n\n\n<p><em>My Sweet\u2019Immo<\/em> rapporte que l\u2019\u00c9tat a demand\u00e9 \u00e0 <a href=\"https:\/\/www.mysweetimmo.com\/2020\/03\/24\/a-la-demande-de-letat-airbnb-met-en-place-une-plateforme-de-mise-a-disposition-gratuite-de-logements-pour-les-soignants\/\" target=\"_blank\" rel=\"noreferrer noopener\">Airbnb de mettre en place une plateforme pour loger\nles soignants<\/a> et <em>PAP.fr<\/em>\ndemande aux <a href=\"https:\/\/www.mysweetimmo.com\/2020\/03\/24\/pap-propose-aux-proprietaires-de-logements-disponibles-de-les-mettre-a-disposition-du-personnel-soignant\/\" target=\"_blank\" rel=\"noreferrer noopener\">propri\u00e9taires de logements inoccup\u00e9s de les mettre \u00e0 la\ndisposition du personnel soignant<\/a>.<\/p>\n\n\n\n<p><em>La Vie Immo<\/em> confirme que <a href=\"https:\/\/www.lavieimmo.com\/divers-immobilier\/le-site-d-annonces-immobilieres-seloger-voit-son-trafic-chuter-de-40-48248.html\" target=\"_blank\" rel=\"noreferrer noopener\">le site d\u2019annonces immobili\u00e8res <em>SeLoger<\/em> voit\nson trafic chuter de 40&nbsp;%<\/a> et explique <a href=\"https:\/\/www.lavieimmo.com\/divers-immobilier\/pourquoi-les-actes-de-vente-immobiliere-sont-rarement-finalises-par-signature-electronique-a-distance-48244.html\" target=\"_blank\" rel=\"noreferrer noopener\">pourquoi les actes de vente immobili\u00e8re en France sont\nrarement finalis\u00e9s par signature \u00e9lectronique \u00e0 distance<\/a>.<\/p>\n\n\n\n<p>Bonne semaine, et n\u2019oubliez pas de pratiquer la\ndistanciation sociale!<\/p>\n","protected":false},"excerpt":{"rendered":"<p>Nous traversons une p\u00e9riode sans pr\u00e9c\u00e9dent. La propagation de la COVID-19 touche maintenant le monde entier et produira des effets \u00e0 long terme que nous ne pouvons pas encore pr\u00e9voir. Bien que cette r\u00e9alit\u00e9 p\u00e8se sur l\u2019esprit de millions de personnes, il est important de d\u00e9tourner de temps en temps notre attention des nouvelles du &hellip; <a href=\"https:\/\/archive.cafe.crea.ca\/fr\/saveurs-de-la-semaine-des-trucs-de-pros-pour-amenager-un-bureau-a-la-maison\/\" class=\"more-link\">Continue reading <span class=\"screen-reader-text\">Saveurs de la semaine : des trucs de pros pour am\u00e9nager un bureau \u00e0 la maison<\/span><\/a><\/p>\n","protected":false},"author":24,"featured_media":34153,"comment_status":"open","ping_status":"open","sticky":false,"template":"","format":"standard","meta":{"footnotes":""},"categories":[2372],"tags":[],"coauthors":[2157],"class_list":["post-34152","post","type-post","status-publish","format-standard","has-post-thumbnail","hentry","category-divers"],"aioseo_notices":[],"_links":{"self":[{"href":"https:\/\/archive.cafe.crea.ca\/fr\/wp-json\/wp\/v2\/posts\/34152"}],"collection":[{"href":"https:\/\/archive.cafe.crea.ca\/fr\/wp-json\/wp\/v2\/posts"}],"about":[{"href":"https:\/\/archive.cafe.crea.ca\/fr\/wp-json\/wp\/v2\/types\/post"}],"author":[{"embeddable":true,"href":"https:\/\/archive.cafe.crea.ca\/fr\/wp-json\/wp\/v2\/users\/24"}],"replies":[{"embeddable":true,"href":"https:\/\/archive.cafe.crea.ca\/fr\/wp-json\/wp\/v2\/comments?post=34152"}],"version-history":[{"count":1,"href":"https:\/\/archive.cafe.crea.ca\/fr\/wp-json\/wp\/v2\/posts\/34152\/revisions"}],"predecessor-version":[{"id":34155,"href":"https:\/\/archive.cafe.crea.ca\/fr\/wp-json\/wp\/v2\/posts\/34152\/revisions\/34155"}],"wp:featuredmedia":[{"embeddable":true,"href":"https:\/\/archive.cafe.crea.ca\/fr\/wp-json\/wp\/v2\/media\/34153"}],"wp:attachment":[{"href":"https:\/\/archive.cafe.crea.ca\/fr\/wp-json\/wp\/v2\/media?parent=34152"}],"wp:term":[{"taxonomy":"category","embeddable":true,"href":"https:\/\/archive.cafe.crea.ca\/fr\/wp-json\/wp\/v2\/categories?post=34152"},{"taxonomy":"post_tag","embeddable":true,"href":"https:\/\/archive.cafe.crea.ca\/fr\/wp-json\/wp\/v2\/tags?post=34152"},{"taxonomy":"author","embeddable":true,"href":"https:\/\/archive.cafe.crea.ca\/fr\/wp-json\/wp\/v2\/coauthors?post=34152"}],"curies":[{"name":"wp","href":"https:\/\/api.w.org\/{rel}","templated":true}]}}