{"id":34099,"date":"2020-03-18T11:00:24","date_gmt":"2020-03-18T15:00:24","guid":{"rendered":"https:\/\/archive.cafe.crea.ca\/?p=34099"},"modified":"2020-03-18T11:07:01","modified_gmt":"2020-03-18T15:07:01","slug":"annonce-de-la-banque-du-canada-reduction-urgente-des-taux-dinteret","status":"publish","type":"post","link":"https:\/\/archive.cafe.crea.ca\/fr\/annonce-de-la-banque-du-canada-reduction-urgente-des-taux-dinteret\/","title":{"rendered":"Annonce de la Banque du Canada \u2013 R\u00e9duction urgente des taux d\u2019int\u00e9r\u00eat"},"content":{"rendered":"\n<p><strong>Une version de ce billet est parue \u00e0 la page sur les\u00a0<a href=\"https:\/\/creastats.crea.ca\/fr-CA\/stats\/ZtDiHSNyWRJYz57YMk7aX\/\" target=\"_blank\" rel=\"noreferrer noopener\" aria-label=\" (opens in a new tab)\">statistiques<\/a>\u00a0de l\u2019ACI<\/strong><\/p>\n\n\n\n<p>Le 13\u00a0mars\u00a02020, la Banque du Canada a fait l\u2019annonce urgente d\u2019une r\u00e9duction de son taux cible de financement de 0,5\u00a0%, soit de 1,25\u00a0% \u00e0 0,75\u00a0%. Cette r\u00e9duction suit la baisse de 0,5\u00a0% faite 9\u00a0jours plus t\u00f4t dans le cadre des annonces r\u00e9guli\u00e8res pr\u00e9vues. <\/p>\n\n\n\n<p>Cette\nd\u00e9cision s\u2019inscrit dans le cadre de mesures coordonn\u00e9es du minist\u00e8re des\nFinances, de la Banque du Canada et du Bureau du surintendant des institutions\nfinanci\u00e8res visant \u00e0 maintenir le flux des fonds vers les institutions\nfinanci\u00e8res canadiennes afin que puissent en b\u00e9n\u00e9ficier les entreprises et les consommateurs\nselon les besoins.<\/p>\n\n\n\n<p>Dans un communiqu\u00e9 de presse subs\u00e9quent, la Banque du Canada a expliqu\u00e9 que \u00ab&nbsp;la situation macro\u00e9conomique \u00e9volue tr\u00e8s rapidement \u00e0 mesure que le coronavirus (COVID-19) se propage dans le monde&nbsp;\u00bb et que bien que les cons\u00e9quences \u00e0 long terme soient difficiles \u00e0 d\u00e9terminer, il existe des risques \u00e0 la baisse manifestes pour l\u2019\u00e9conomie. <\/p>\n\n\n\n<p>En plus des impacts du coronavirus, la baisse prononc\u00e9e du prix du p\u00e9trole plus t\u00f4t cette semaine demeure un obstacle \u00e0 la productivit\u00e9 de l\u2019\u00e9conomie canadienne.<\/p>\n\n\n\n<p>Le&nbsp;17&nbsp;mars, le taux de r\u00e9f\u00e9rence sur&nbsp;cinq&nbsp;ans s\u2019\u00e9tablissait encore \u00e0&nbsp;5,19&nbsp;%. Bien qu\u2019il demeure inchang\u00e9 depuis juillet&nbsp;2019, date \u00e0 laquelle il a baiss\u00e9 de 0,25&nbsp;%, il risque de baisser davantage cette semaine lorsque de nouvelles donn\u00e9es seront publi\u00e9es. Notons que l\u2019admissibilit\u00e9 \u00e0 un pr\u00eat hypoth\u00e9caire est fond\u00e9e sur un taux d\u2019int\u00e9r\u00eat \u00e9gal ou sup\u00e9rieur au taux de financement de r\u00e9f\u00e9rence sur cinq&nbsp;ans, et ce, m\u00eame si la dur\u00e9e du pr\u00eat est inf\u00e9rieure \u00e0 cinq&nbsp;ans.<\/p>\n\n\n\n<p>Les grandes banques \u00e0 charte canadiennes affichent actuellement des taux hypoth\u00e9caires fixes de cinq&nbsp;ans d\u2019environ 2,59&nbsp;%. Les emprunteurs peuvent souvent n\u00e9gocier un taux selon leur solvabilit\u00e9 et le volume de l\u2019ensemble de leurs op\u00e9rations bancaires aupr\u00e8s du pr\u00eateur hypoth\u00e9caire.<\/p>\n\n\n\n<p>Le gouvernement et la Banque du Canada continueront d\u2019annoncer des mesures de relance au cours des prochaines semaines, au fur et \u00e0 mesure que les r\u00e9percussions \u00e9conomiques de ces changements se feront sentir. La Banque a sp\u00e9cifiquement d\u00e9clar\u00e9 qu\u2019elle se tient pr\u00eate \u00e0 ajuster \u00e0 nouveau la politique mon\u00e9taire.<\/p>\n","protected":false},"excerpt":{"rendered":"<p>Une version de ce billet est parue \u00e0 la page sur les\u00a0statistiques\u00a0de l\u2019ACI Le 13\u00a0mars\u00a02020, la Banque du Canada a fait l\u2019annonce urgente d\u2019une r\u00e9duction de son taux cible de financement de 0,5\u00a0%, soit de 1,25\u00a0% \u00e0 0,75\u00a0%. Cette r\u00e9duction suit la baisse de 0,5\u00a0% faite 9\u00a0jours plus t\u00f4t dans le cadre des annonces r\u00e9guli\u00e8res &hellip; <a href=\"https:\/\/archive.cafe.crea.ca\/fr\/annonce-de-la-banque-du-canada-reduction-urgente-des-taux-dinteret\/\" class=\"more-link\">Continue reading <span class=\"screen-reader-text\">Annonce de la Banque du Canada \u2013 R\u00e9duction urgente des taux d\u2019int\u00e9r\u00eat<\/span><\/a><\/p>\n","protected":false},"author":130,"featured_media":34103,"comment_status":"open","ping_status":"open","sticky":false,"template":"","format":"standard","meta":{"footnotes":""},"categories":[2367],"tags":[2378],"coauthors":[2388],"class_list":["post-34099","post","type-post","status-publish","format-standard","has-post-thumbnail","hentry","category-statistiques","tag-featured"],"aioseo_notices":[],"_links":{"self":[{"href":"https:\/\/archive.cafe.crea.ca\/fr\/wp-json\/wp\/v2\/posts\/34099"}],"collection":[{"href":"https:\/\/archive.cafe.crea.ca\/fr\/wp-json\/wp\/v2\/posts"}],"about":[{"href":"https:\/\/archive.cafe.crea.ca\/fr\/wp-json\/wp\/v2\/types\/post"}],"author":[{"embeddable":true,"href":"https:\/\/archive.cafe.crea.ca\/fr\/wp-json\/wp\/v2\/users\/130"}],"replies":[{"embeddable":true,"href":"https:\/\/archive.cafe.crea.ca\/fr\/wp-json\/wp\/v2\/comments?post=34099"}],"version-history":[{"count":3,"href":"https:\/\/archive.cafe.crea.ca\/fr\/wp-json\/wp\/v2\/posts\/34099\/revisions"}],"predecessor-version":[{"id":34106,"href":"https:\/\/archive.cafe.crea.ca\/fr\/wp-json\/wp\/v2\/posts\/34099\/revisions\/34106"}],"wp:featuredmedia":[{"embeddable":true,"href":"https:\/\/archive.cafe.crea.ca\/fr\/wp-json\/wp\/v2\/media\/34103"}],"wp:attachment":[{"href":"https:\/\/archive.cafe.crea.ca\/fr\/wp-json\/wp\/v2\/media?parent=34099"}],"wp:term":[{"taxonomy":"category","embeddable":true,"href":"https:\/\/archive.cafe.crea.ca\/fr\/wp-json\/wp\/v2\/categories?post=34099"},{"taxonomy":"post_tag","embeddable":true,"href":"https:\/\/archive.cafe.crea.ca\/fr\/wp-json\/wp\/v2\/tags?post=34099"},{"taxonomy":"author","embeddable":true,"href":"https:\/\/archive.cafe.crea.ca\/fr\/wp-json\/wp\/v2\/coauthors?post=34099"}],"curies":[{"name":"wp","href":"https:\/\/api.w.org\/{rel}","templated":true}]}}