{"id":34063,"date":"2020-03-10T09:29:56","date_gmt":"2020-03-10T13:29:56","guid":{"rendered":"https:\/\/archive.cafe.crea.ca\/?p=34063"},"modified":"2020-03-18T09:34:26","modified_gmt":"2020-03-18T13:34:26","slug":"la-banque-du-canada-baisse-les-taux-dinteret-en-reponse-aux-risques-economiques-mondiaux-croissants","status":"publish","type":"post","link":"https:\/\/archive.cafe.crea.ca\/fr\/la-banque-du-canada-baisse-les-taux-dinteret-en-reponse-aux-risques-economiques-mondiaux-croissants\/","title":{"rendered":"La Banque du Canada baisse les taux d\u2019int\u00e9r\u00eat en r\u00e9ponse aux risques \u00e9conomiques mondiaux croissants"},"content":{"rendered":"\n<p><strong>Une version de ce billet est parue \u00e0 la page sur les <a href=\"https:\/\/creastats.crea.ca\/fr-CA\/stats\/ZtDiHSNyWRJYz57YMk7aX\/\" target=\"_blank\" rel=\"noreferrer noopener\" aria-label=\" (opens in a new tab)\">statistiques<\/a> de l\u2019ACI <\/strong><\/p>\n\n\n\n<p>Le 4&nbsp;mars, la Banque du Canada a annonc\u00e9 qu\u2019elle abaissait son taux cible de financement de 50&nbsp;points de base, soit de 1,75&nbsp;% \u00e0 1,25&nbsp;%, conform\u00e9ment aux attentes des march\u00e9s financiers. Cette baisse constitue le premier changement au taux directeur depuis octobre&nbsp;2018.<\/p>\n\n\n\n<p>Cette mesure suit la d\u00e9cision prise par la R\u00e9serve f\u00e9d\u00e9rale am\u00e9ricaine hier d\u2019abaisser ses taux de 50&nbsp;points de base lors d\u2019une s\u00e9ance extraordinaire et s\u2019inscrit dans un effort coordonn\u00e9 des autorit\u00e9s mon\u00e9taires et fiscales mondiales \u00e0 soutenir l\u2019\u00e9conomie mondiale.<\/p>\n\n\n\n<p>C\u2019est le risque croissant d\u2019une perturbation de la cha\u00eene d\u2019approvisionnement engendr\u00e9 par le coronavirus qui est principalement responsable de cette d\u00e9cision. Selon l\u2019annonce, le virus&nbsp;COVID-19 et les efforts pour contenir le virus sont susceptibles de causer un d\u00e9clin de l\u2019activit\u00e9 commerciale. Le virus a d\u00e9j\u00e0 contribu\u00e9 \u00e0 la chute des prix mondiaux des produits de base, ce qui a eu pour effet de r\u00e9duire la valeur des exportations canadiennes, et ainsi, de nuire au reste de l\u2019\u00e9conomie canadienne.<\/p>\n\n\n\n<p>En plus des risques mondiaux associ\u00e9s au COVID-19 cit\u00e9s par la Banque, cette derni\u00e8re a \u00e9nonc\u00e9 d\u2019autres facteurs int\u00e9rieurs qui freinent \u00e9galement l\u2019\u00e9conomie canadienne, dont le blocage des voies ferr\u00e9es, la gr\u00e8ve des enseignants en Ontario et les temp\u00eates hivernales.<\/p>\n\n\n\n<p>Tous ces facteurs ont assombri les perspectives \u00e9conomiques canadiennes de la Banque comparativement \u00e0 la perspective \u00e9mise dans son Rapport sur la politique mon\u00e9taire en janvier dernier.<\/p>\n\n\n\n<p>La Banque a indiqu\u00e9 que le Conseil de direction \u00ab&nbsp;se tient pr\u00eat \u00e0 ajuster de nouveau la politique mon\u00e9taire au besoin pour soutenir la croissance \u00e9conomique et maintenir l\u2019inflation \u00e0 la cible&nbsp;\u00bb au fur et \u00e0 mesure que la situation \u00e9voluera.<\/p>\n\n\n\n<p>La baisse des taux d\u2019int\u00e9r\u00eat et les modifications aux politiques annonc\u00e9es r\u00e9cemment par le minist\u00e8re des Finances repr\u00e9sentent un assouplissement des conditions financi\u00e8res du march\u00e9 de l\u2019habitation, qui pourrait toutefois \u00eatre contrebalanc\u00e9 par un ralentissement de la croissance des revenus et des perturbations de l\u2019activit\u00e9 \u00e9conomique.<\/p>\n\n\n\n<p>Le&nbsp;4&nbsp;mars, le taux de r\u00e9f\u00e9rence sur&nbsp;cinq&nbsp;ans s\u2019\u00e9tablissait encore \u00e0&nbsp;5,19&nbsp;%. Il demeure inchang\u00e9 depuis juillet&nbsp;2019, date \u00e0 laquelle il a baiss\u00e9 de&nbsp;0,25&nbsp;%. Notons que l\u2019admissibilit\u00e9 \u00e0 un pr\u00eat hypoth\u00e9caire est fond\u00e9e sur un taux d\u2019int\u00e9r\u00eat \u00e9gal ou sup\u00e9rieur au taux de financement de r\u00e9f\u00e9rence sur cinq&nbsp;ans, et ce, m\u00eame si la dur\u00e9e du pr\u00eat est inf\u00e9rieure \u00e0 cinq&nbsp;ans.<\/p>\n\n\n\n<p>Les grandes banques \u00e0 charte canadiennes affichent actuellement des taux hypoth\u00e9caires fixes de&nbsp;cinq&nbsp;ans d\u2019environ&nbsp;3,2&nbsp;%. Les emprunteurs peuvent souvent n\u00e9gocier un taux selon leur solvabilit\u00e9 et le volume de l\u2019ensemble de leurs op\u00e9rations bancaires aupr\u00e8s du pr\u00eateur hypoth\u00e9caire.<\/p>\n\n\n\n<p>La prochaine annonce de la Banque du Canada en mati\u00e8re d\u2019\u00e9tablissement du taux d\u2019int\u00e9r\u00eat sera le 15\u00a0avril\u00a02020 et sera accompagn\u00e9e de la mise \u00e0 jour de son Rapport sur la politique mon\u00e9taire qui brosse un portrait plus complet des perspectives \u00e9conomiques canadiennes.<\/p>\n\n\n\n<p><strong>Annonce de la Banque du Canada \u2013 R\u00e9duction urgente des taux d\u2019int\u00e9r\u00eat<\/strong><\/p>\n\n\n\n<p>Le 13 mars 2020, la Banque du Canada a fait l\u2019annonce urgente d\u2019une r\u00e9duction de son taux cible de financement de 0,5 %, soit de 1,25 % \u00e0 0,75 %. Cette r\u00e9duction suit la baisse de 0,5 % faite 9 jours plus t\u00f4t dans le cadre des annonces r\u00e9guli\u00e8res pr\u00e9vues.<\/p>\n\n\n\n<p>Cette d\u00e9cision s\u2019inscrit dans le cadre de mesures coordonn\u00e9es du minist\u00e8re des Finances, de la Banque du Canada et du Bureau du surintendant des institutions financi\u00e8res visant \u00e0 maintenir le flux des fonds vers les institutions financi\u00e8res canadiennes afin que puissent en b\u00e9n\u00e9ficier les entreprises et les consommateurs selon les besoins.<\/p>\n\n\n\n<p>Dans un communiqu\u00e9 de presse subs\u00e9quent, la Banque du Canada a expliqu\u00e9 que \u00ab la situation macro\u00e9conomique \u00e9volue tr\u00e8s rapidement \u00e0 mesure que le coronavirus (COVID-19) se propage dans le monde \u00bb et que bien que les cons\u00e9quences \u00e0 long terme soient difficiles \u00e0 d\u00e9terminer, il existe des risques \u00e0 la baisse manifestes pour l\u2019\u00e9conomie.<\/p>\n\n\n\n<p>En plus des impacts du coronavirus, la baisse prononc\u00e9e du prix du p\u00e9trole plus t\u00f4t cette semaine demeure un obstacle \u00e0 la productivit\u00e9 de l\u2019\u00e9conomie canadienne.<\/p>\n\n\n\n<p>Le 17 mars, le taux de r\u00e9f\u00e9rence sur cinq ans s\u2019\u00e9tablissait encore \u00e0 5,19 %. Bien qu\u2019il demeure inchang\u00e9 depuis juillet 2019, date \u00e0 laquelle il a baiss\u00e9 de 0,25 %, il risque de baisser davantage cette semaine lorsque de nouvelles donn\u00e9es seront publi\u00e9es. Notons que l\u2019admissibilit\u00e9 \u00e0 un pr\u00eat hypoth\u00e9caire est fond\u00e9e sur un taux d\u2019int\u00e9r\u00eat \u00e9gal ou sup\u00e9rieur au taux de financement de r\u00e9f\u00e9rence sur cinq ans, et ce, m\u00eame si la dur\u00e9e du pr\u00eat est inf\u00e9rieure \u00e0 cinq ans.<\/p>\n\n\n\n<p>Les grandes banques \u00e0 charte canadiennes affichent actuellement des taux hypoth\u00e9caires fixes de cinq ans d\u2019environ 2,59 %. Les emprunteurs peuvent souvent n\u00e9gocier un taux selon leur solvabilit\u00e9 et le volume de l\u2019ensemble de leurs op\u00e9rations bancaires aupr\u00e8s du pr\u00eateur hypoth\u00e9caire.<\/p>\n\n\n\n<p>Le gouvernement et la Banque du Canada continueront d\u2019annoncer des mesures de relance au cours des prochaines semaines, au fur et \u00e0 mesure que les r\u00e9percussions \u00e9conomiques de ces changements se feront sentir. La Banque a sp\u00e9cifiquement d\u00e9clar\u00e9 qu\u2019elle se tient pr\u00eate \u00e0 ajuster \u00e0 nouveau la politique mon\u00e9taire.<\/p>\n","protected":false},"excerpt":{"rendered":"<p>Une version de ce billet est parue \u00e0 la page sur les statistiques de l\u2019ACI Le 4&nbsp;mars, la Banque du Canada a annonc\u00e9 qu\u2019elle abaissait son taux cible de financement de 50&nbsp;points de base, soit de 1,75&nbsp;% \u00e0 1,25&nbsp;%, conform\u00e9ment aux attentes des march\u00e9s financiers. Cette baisse constitue le premier changement au taux directeur depuis &hellip; <a href=\"https:\/\/archive.cafe.crea.ca\/fr\/la-banque-du-canada-baisse-les-taux-dinteret-en-reponse-aux-risques-economiques-mondiaux-croissants\/\" class=\"more-link\">Continue reading <span class=\"screen-reader-text\">La Banque du Canada baisse les taux d\u2019int\u00e9r\u00eat en r\u00e9ponse aux risques \u00e9conomiques mondiaux croissants<\/span><\/a><\/p>\n","protected":false},"author":130,"featured_media":34061,"comment_status":"open","ping_status":"open","sticky":false,"template":"","format":"standard","meta":{"footnotes":""},"categories":[2367],"tags":[2378,2380],"coauthors":[2388],"class_list":["post-34063","post","type-post","status-publish","format-standard","has-post-thumbnail","hentry","category-statistiques","tag-featured","tag-featured-fr-2"],"aioseo_notices":[],"_links":{"self":[{"href":"https:\/\/archive.cafe.crea.ca\/fr\/wp-json\/wp\/v2\/posts\/34063"}],"collection":[{"href":"https:\/\/archive.cafe.crea.ca\/fr\/wp-json\/wp\/v2\/posts"}],"about":[{"href":"https:\/\/archive.cafe.crea.ca\/fr\/wp-json\/wp\/v2\/types\/post"}],"author":[{"embeddable":true,"href":"https:\/\/archive.cafe.crea.ca\/fr\/wp-json\/wp\/v2\/users\/130"}],"replies":[{"embeddable":true,"href":"https:\/\/archive.cafe.crea.ca\/fr\/wp-json\/wp\/v2\/comments?post=34063"}],"version-history":[{"count":3,"href":"https:\/\/archive.cafe.crea.ca\/fr\/wp-json\/wp\/v2\/posts\/34063\/revisions"}],"predecessor-version":[{"id":34096,"href":"https:\/\/archive.cafe.crea.ca\/fr\/wp-json\/wp\/v2\/posts\/34063\/revisions\/34096"}],"wp:featuredmedia":[{"embeddable":true,"href":"https:\/\/archive.cafe.crea.ca\/fr\/wp-json\/wp\/v2\/media\/34061"}],"wp:attachment":[{"href":"https:\/\/archive.cafe.crea.ca\/fr\/wp-json\/wp\/v2\/media?parent=34063"}],"wp:term":[{"taxonomy":"category","embeddable":true,"href":"https:\/\/archive.cafe.crea.ca\/fr\/wp-json\/wp\/v2\/categories?post=34063"},{"taxonomy":"post_tag","embeddable":true,"href":"https:\/\/archive.cafe.crea.ca\/fr\/wp-json\/wp\/v2\/tags?post=34063"},{"taxonomy":"author","embeddable":true,"href":"https:\/\/archive.cafe.crea.ca\/fr\/wp-json\/wp\/v2\/coauthors?post=34063"}],"curies":[{"name":"wp","href":"https:\/\/api.w.org\/{rel}","templated":true}]}}