{"id":33991,"date":"2020-02-21T14:06:48","date_gmt":"2020-02-21T19:06:48","guid":{"rendered":"https:\/\/archive.cafe.crea.ca\/?p=33991"},"modified":"2020-02-21T14:06:50","modified_gmt":"2020-02-21T19:06:50","slug":"saveurs-de-la-semaine-decouvrez-lanatomie-de-la-maison-du-futur","status":"publish","type":"post","link":"https:\/\/archive.cafe.crea.ca\/fr\/saveurs-de-la-semaine-decouvrez-lanatomie-de-la-maison-du-futur\/","title":{"rendered":"Saveurs de la semaine : d\u00e9couvrez l\u2019anatomie de la maison du futur"},"content":{"rendered":"\n<p><em>Les Saveurs de la semaine sont votre source hebdomadaire de nouvelles et de reportages sur l\u2019immobilier qui auraient pu vous \u00e9chapper. Notre \u00e9quipe des Saveurs de la semaine se d\u00e9voue \u00e0 parcourir le Web pour trouver des reportages myst\u00e9rieux, bizarres, int\u00e9ressants et informatifs sur l\u2019immobilier ou des sujets connexes. En avez-vous d\u00e9nich\u00e9 un? Que diriez-vous de le mentionner dans notre section de commentaires ou de le faire conna\u00eetre sur Twitter en utilisant le mot-clic #SaveursDeLaSemaine? Servez-vous une bonne tasse de caf\u00e9 frais et savourez ces reportages. Vous pourriez m\u00eame en faire part \u00e0 vos amis et coll\u00e8gues\u2026 Bonne lecture!<\/em><\/p>\n\n\n\n<p>Les conseils de la semaine&nbsp;: <a rel=\"noreferrer noopener\" aria-label=\" (opens in a new tab)\" href=\"https:\/\/www.journaldemontreal.com\/2020\/02\/17\/comment-ajuster-le-tir-quand-on-ne-reussit-pas-a-vendre-sa-maison\" target=\"_blank\">quoi faire quand on ne r\u00e9ussit pas \u00e0 vendre<\/a>; les <a rel=\"noreferrer noopener\" aria-label=\" (opens in a new tab)\" href=\"https:\/\/www.journaldemontreal.com\/2020\/02\/15\/les-appareils-de-plomberie-durables-et-esthetiques\" target=\"_blank\">appareils de plomberie, durables et esth\u00e9tiques<\/a>; <a rel=\"noreferrer noopener\" aria-label=\" (opens in a new tab)\" href=\"https:\/\/www.journaldemontreal.com\/2020\/02\/15\/6-erreurs-a-eviter-dans-la-reno-de-votre-cuisine\" target=\"_blank\">six&nbsp;erreurs \u00e0 \u00e9viter dans ses r\u00e9novations de cuisine<\/a>; votre <a rel=\"noreferrer noopener\" aria-label=\" (opens in a new tab)\" href=\"https:\/\/www.journaldemontreal.com\/2020\/02\/15\/divise-ou-indivise-votre-copropriete\" target=\"_blank\">copropri\u00e9t\u00e9 est-elle divise ou indivise<\/a> et l\u2019<a href=\"https:\/\/www.lapresse.ca\/maison\/architecture\/202002\/12\/01-5260682-anatomie-dune-maison-du-futur.php\" target=\"_blank\" rel=\"noreferrer noopener\" aria-label=\" (opens in a new tab)\">anatomie de la maison du futur<\/a>.<\/p>\n\n\n\n<p><em>La Presse<\/em> discute de la <a href=\"https:\/\/www.lapresse.ca\/maison\/immobilier\/202002\/14\/01-5261015-construction-verte-vers-2030.php\" target=\"_blank\" rel=\"noreferrer noopener\" aria-label=\" (opens in a new tab)\">construction verte, vers 2030<\/a>.<\/p>\n\n\n\n<p>Juste avant la rel\u00e2che, <em>La Presse<\/em> nous informe que <a rel=\"noreferrer noopener\" aria-label=\" (opens in a new tab)\" href=\"https:\/\/www.lapresse.ca\/maison\/immobilier\/202002\/14\/01-5261011-la-floride-accessible.php\" target=\"_blank\">l\u2019immobilier en Floride est accessible<\/a>, et que <a href=\"https:\/\/www.lapresse.ca\/maison\/immobilier\/202002\/14\/01-5261010-marche-floridien-le-temps-de-vendre-et-dacheter.php\" target=\"_blank\" rel=\"noreferrer noopener\" aria-label=\" (opens in a new tab)\">c\u2019est le temps de vendre\u2026 et d\u2019acheter<\/a>.<\/p>\n\n\n\n<p><em>Sudinfo<\/em> constate qu\u2019en Belgique, <a href=\"https:\/\/www.sudinfo.be\/id168638\/article\/2020-02-20\/la-hausse-des-prix-retarde-lachat-du-premier-bien-immobilier\" target=\"_blank\" rel=\"noreferrer noopener\" aria-label=\" (opens in a new tab)\">la hausse des prix retarde l\u2019achat du premier bien immobilier<\/a>.<\/p>\n\n\n\n<p><em>Bladi.net<\/em> souligne que les <a href=\"https:\/\/www.bladi.net\/marocains-immobilier-espagne,64973.html\" target=\"_blank\" rel=\"noreferrer noopener\" aria-label=\" (opens in a new tab)\">Marocains \u00ab&nbsp;sauvent&nbsp;\u00bb l\u2019Espagne, apr\u00e8s l\u2019annonce du Brexit<\/a>.<\/p>\n\n\n\n<p><em>La Vie Immo<\/em> nous informe qu\u2019<a rel=\"noreferrer noopener\" aria-label=\" (opens in a new tab)\" href=\"https:\/\/www.lavieimmo.com\/immobilier-paris-36806\/entre-les-parisiens-et-airbnb-rien-ne-va-plus-47946.html\" target=\"_blank\">entre les Parisiens et Airbnb, rien ne va plus<\/a> et demande si vous <a href=\"https:\/\/www.lavieimmo.com\/insolite\/oseriez-vous-vivre-dans-une-maison-fabriquee-a-base-de-champignon-47916.html\" target=\"_blank\" rel=\"noreferrer noopener\" aria-label=\" (opens in a new tab)\">oseriez vivre dans une maison fabriqu\u00e9e \u00e0 base de champignons<\/a>.<\/p>\n\n\n\n<p><em>My Sweet\u2019Immo<\/em> conclut que <a rel=\"noreferrer noopener\" aria-label=\" (opens in a new tab)\" href=\"https:\/\/www.mysweetimmo.com\/2020\/02\/20\/futurs-acquereurs-futurs-investisseurs-lacces-au-credit-immobilier-se-durcit-en-2020\/\" target=\"_blank\">l\u2019acc\u00e8s au cr\u00e9dit immobilier se durcit en 2020 pour les futurs acqu\u00e9reurs et futurs investisseurs fran\u00e7ais<\/a> et vous invite \u00e0 <a href=\"https:\/\/www.mysweetimmo.com\/2020\/02\/15\/estimez-le-niveau-de-danger-electrique-de-votre-logement-avec-lappli-mondiagelectrique-fr\/\" target=\"_blank\" rel=\"noreferrer noopener\" aria-label=\" (opens in a new tab)\">estimer le niveau de danger \u00e9lectrique de votre logement avec mondiagelectrique.fr<\/a>.<\/p>\n\n\n\n<p>\u00c0 la\nsemaine prochaine!<\/p>\n","protected":false},"excerpt":{"rendered":"<p>Les Saveurs de la semaine sont votre source hebdomadaire de nouvelles et de reportages sur l\u2019immobilier qui auraient pu vous \u00e9chapper. Notre \u00e9quipe des Saveurs de la semaine se d\u00e9voue \u00e0 parcourir le Web pour trouver des reportages myst\u00e9rieux, bizarres, int\u00e9ressants et informatifs sur l\u2019immobilier ou des sujets connexes. En avez-vous d\u00e9nich\u00e9 un? Que diriez-vous &hellip; <a href=\"https:\/\/archive.cafe.crea.ca\/fr\/saveurs-de-la-semaine-decouvrez-lanatomie-de-la-maison-du-futur\/\" class=\"more-link\">Continue reading <span class=\"screen-reader-text\">Saveurs de la semaine : d\u00e9couvrez l\u2019anatomie de la maison du futur<\/span><\/a><\/p>\n","protected":false},"author":24,"featured_media":33992,"comment_status":"open","ping_status":"open","sticky":false,"template":"","format":"standard","meta":{"footnotes":""},"categories":[2372],"tags":[],"coauthors":[2157],"class_list":["post-33991","post","type-post","status-publish","format-standard","has-post-thumbnail","hentry","category-divers"],"aioseo_notices":[],"_links":{"self":[{"href":"https:\/\/archive.cafe.crea.ca\/fr\/wp-json\/wp\/v2\/posts\/33991"}],"collection":[{"href":"https:\/\/archive.cafe.crea.ca\/fr\/wp-json\/wp\/v2\/posts"}],"about":[{"href":"https:\/\/archive.cafe.crea.ca\/fr\/wp-json\/wp\/v2\/types\/post"}],"author":[{"embeddable":true,"href":"https:\/\/archive.cafe.crea.ca\/fr\/wp-json\/wp\/v2\/users\/24"}],"replies":[{"embeddable":true,"href":"https:\/\/archive.cafe.crea.ca\/fr\/wp-json\/wp\/v2\/comments?post=33991"}],"version-history":[{"count":2,"href":"https:\/\/archive.cafe.crea.ca\/fr\/wp-json\/wp\/v2\/posts\/33991\/revisions"}],"predecessor-version":[{"id":33995,"href":"https:\/\/archive.cafe.crea.ca\/fr\/wp-json\/wp\/v2\/posts\/33991\/revisions\/33995"}],"wp:featuredmedia":[{"embeddable":true,"href":"https:\/\/archive.cafe.crea.ca\/fr\/wp-json\/wp\/v2\/media\/33992"}],"wp:attachment":[{"href":"https:\/\/archive.cafe.crea.ca\/fr\/wp-json\/wp\/v2\/media?parent=33991"}],"wp:term":[{"taxonomy":"category","embeddable":true,"href":"https:\/\/archive.cafe.crea.ca\/fr\/wp-json\/wp\/v2\/categories?post=33991"},{"taxonomy":"post_tag","embeddable":true,"href":"https:\/\/archive.cafe.crea.ca\/fr\/wp-json\/wp\/v2\/tags?post=33991"},{"taxonomy":"author","embeddable":true,"href":"https:\/\/archive.cafe.crea.ca\/fr\/wp-json\/wp\/v2\/coauthors?post=33991"}],"curies":[{"name":"wp","href":"https:\/\/api.w.org\/{rel}","templated":true}]}}