{"id":33982,"date":"2020-02-20T09:53:46","date_gmt":"2020-02-20T14:53:46","guid":{"rendered":"https:\/\/archive.cafe.crea.ca\/?p=33982"},"modified":"2020-03-10T15:59:10","modified_gmt":"2020-03-10T19:59:10","slug":"le-nouveau-centre-de-statistiques-de-laci-rapide-et-convivial","status":"publish","type":"post","link":"https:\/\/archive.cafe.crea.ca\/fr\/le-nouveau-centre-de-statistiques-de-laci-rapide-et-convivial\/","title":{"rendered":"Le nouveau Centre de statistiques de l\u2019ACI : rapide et convivial"},"content":{"rendered":"\n<p>La Boutique de l\u2019ACI vient de subir une transformation!<\/p>\n\n\n\n<p>Voici le nouveau <a href=\"https:\/\/statscentre.crea.ca\/index.php\/?___store=fr\" target=\"_blank\" rel=\"noreferrer noopener\" aria-label=\"Centre de statistiques de l\u2019ACI (opens in a new tab)\">Centre de statistiques de l\u2019ACI<\/a> \u2014 un guichet unique pour obtenir des statistiques du syst\u00e8me MLS\u00ae, le communiqu\u00e9 de presse national, des donn\u00e9es agr\u00e9g\u00e9es \u00e0 l\u2019\u00e9chelle nationale, provinciale et locale et des statistiques d\u00e9taill\u00e9es r\u00e9parties par r\u00e9gions et par types de propri\u00e9t\u00e9s. <\/p>\n\n\n\n<p>Le site remani\u00e9 facilite l\u2019acc\u00e8s aux membres qui y trouveront tout un \u00e9ventail de statistiques.&nbsp; <\/p>\n\n\n\n<p>Selon Chris Jokel, \u00e9conomiste \u00e0 l\u2019ACI, les changements \u00e9taient n\u00e9cessaires pour am\u00e9liorer l\u2019accessibilit\u00e9 et la convivialit\u00e9 du site pour les gens moins technophiles. La navigation sera aussi plus naturelle pour trouver de l\u2019information et y acc\u00e9der. <\/p>\n\n\n\n<p>\u00ab&nbsp;L\u2019exp\u00e9rience utilisateur est maintenant plus fluide. En cliquant \u00e0 l\u2019endroit voulu pour obtenir des donn\u00e9es, l\u2019utilisateur est guid\u00e9 au cours du processus. Le site est ainsi beaucoup plus intuitif qu\u2019il ne l\u2019\u00e9tait auparavant&nbsp;\u00bb, poursuit-il.<\/p>\n\n\n\n<p>La version simplifi\u00e9e compte trois sections principales&nbsp;: des statistiques globales, des statistiques pr\u00e9cises et nos communiqu\u00e9s de presse. Voici un aper\u00e7u de chacune de ces sections. <\/p>\n\n\n\n<p><strong>Statistiques globales &nbsp;<\/strong><\/p>\n\n\n\n<p>On y pr\u00e9sente des statistiques provinciales et nationales sur les propri\u00e9t\u00e9s r\u00e9sidentielles, notamment sur les ventes, les nouvelles inscriptions, les inscriptions actives, le prix moyen et les mois d\u2019inventaire.<\/p>\n\n\n\n<p>Les membres appr\u00e9cieront particuli\u00e8rement les donn\u00e9es corrig\u00e9es des variations saisonni\u00e8res. <\/p>\n\n\n\n<p>\u00ab&nbsp;Bien entendu, les ventes sont beaucoup plus \u00e9lev\u00e9es au printemps et en \u00e9t\u00e9 qu\u2019elles ne le sont en hiver&nbsp;\u00bb, pr\u00e9cise M.&nbsp;Jokel. \u00ab&nbsp;Les donn\u00e9es corrig\u00e9es des variations saisonni\u00e8res retirent ces fluctuations saisonni\u00e8res normales et permettent d\u2019effectuer une v\u00e9ritable comparaison des statistiques mensuelles.&nbsp;\u00bb<\/p>\n\n\n\n<p><strong>Statistiques pr\u00e9cises (d\u00e9taill\u00e9es)<\/strong><\/p>\n\n\n\n<p>\u00ab&nbsp;Cette section permet d\u2019acc\u00e9der \u00e0 des renseignements sur le march\u00e9 et d\u2019obtenir des donn\u00e9es tr\u00e8s pr\u00e9cises&nbsp;\u00bb, souligne M.&nbsp;Jokel.<\/p>\n\n\n\n<p>Il est possible d\u2019affiner la recherche selon des crit\u00e8res, tels que les maisons individuelles, les maisons jumel\u00e9es, les maisons en rang\u00e9e ou les appartements, plut\u00f4t que de chercher des donn\u00e9es r\u00e9sidentielles globales.<\/p>\n\n\n\n<p>\u00ab&nbsp;Il s\u2019agit d\u2019un ensemble de donn\u00e9es tr\u00e8s riche&nbsp;\u00bb, mentionne-t-il. \u00ab&nbsp;On n\u2019y trouve pas que des ventes et des inscriptions actives, mais aussi le prix m\u00e9dian, le nombre m\u00e9dian de jours sur le march\u00e9, etc.&nbsp;\u00bb<\/p>\n\n\n\n<p><strong>Communiqu\u00e9s de presse<\/strong><\/p>\n\n\n\n<p>Cette derni\u00e8re section permet aux membres d\u2019avoir acc\u00e8s aux communiqu\u00e9s de presse mensuels nationaux de l\u2019ACI. <\/p>\n\n\n\n<p>\u00ab&nbsp;Le communiqu\u00e9 de presse complet et les tableaux sont inclus \u00e0 titre de r\u00e9f\u00e9rence dans un document PDF sur le site&nbsp;\u00bb, soul\u00e8ve M.&nbsp;Jokel.<\/p>\n\n\n\n<p>Les am\u00e9liorations esth\u00e9tiques et pratiques sont con\u00e7ues pour faciliter grandement l\u2019acc\u00e8s \u00e0 \u00ab&nbsp;une foule de donn\u00e9es&nbsp;\u00bb dont le membre a besoin pour son travail.<\/p>\n\n\n\n<p>\u00ab&nbsp;Les agents et courtiers ont essentiellement acc\u00e8s aux renseignements dont ils ont besoin pour conna\u00eetre les tendances et l\u2019\u00e9volution des ventes, de l\u2019offre et des prix sur leur march\u00e9 et pour bien renseigner leurs clients.&nbsp;\u00bb<\/p>\n\n\n\n<p>Offrant une convivialit\u00e9 accrue, une interface plus attrayante et un meilleur acc\u00e8s \u00e0 des donn\u00e9es essentielles, le Centre de statistiques de l\u2019ACI s\u2019av\u00e9rera un outil indispensable pour les membres.<\/p>\n","protected":false},"excerpt":{"rendered":"<p>La Boutique de l\u2019ACI vient de subir une transformation! Voici le nouveau Centre de statistiques de l\u2019ACI \u2014 un guichet unique pour obtenir des statistiques du syst\u00e8me MLS\u00ae, le communiqu\u00e9 de presse national, des donn\u00e9es agr\u00e9g\u00e9es \u00e0 l\u2019\u00e9chelle nationale, provinciale et locale et des statistiques d\u00e9taill\u00e9es r\u00e9parties par r\u00e9gions et par types de propri\u00e9t\u00e9s. Le &hellip; <a href=\"https:\/\/archive.cafe.crea.ca\/fr\/le-nouveau-centre-de-statistiques-de-laci-rapide-et-convivial\/\" class=\"more-link\">Continue reading <span class=\"screen-reader-text\">Le nouveau Centre de statistiques de l\u2019ACI : rapide et convivial<\/span><\/a><\/p>\n","protected":false},"author":134,"featured_media":33983,"comment_status":"open","ping_status":"open","sticky":false,"template":"","format":"standard","meta":{"footnotes":""},"categories":[2367],"tags":[2377],"coauthors":[2397],"class_list":["post-33982","post","type-post","status-publish","format-standard","has-post-thumbnail","hentry","category-statistiques","tag-sidebar-fr"],"aioseo_notices":[],"_links":{"self":[{"href":"https:\/\/archive.cafe.crea.ca\/fr\/wp-json\/wp\/v2\/posts\/33982"}],"collection":[{"href":"https:\/\/archive.cafe.crea.ca\/fr\/wp-json\/wp\/v2\/posts"}],"about":[{"href":"https:\/\/archive.cafe.crea.ca\/fr\/wp-json\/wp\/v2\/types\/post"}],"author":[{"embeddable":true,"href":"https:\/\/archive.cafe.crea.ca\/fr\/wp-json\/wp\/v2\/users\/134"}],"replies":[{"embeddable":true,"href":"https:\/\/archive.cafe.crea.ca\/fr\/wp-json\/wp\/v2\/comments?post=33982"}],"version-history":[{"count":2,"href":"https:\/\/archive.cafe.crea.ca\/fr\/wp-json\/wp\/v2\/posts\/33982\/revisions"}],"predecessor-version":[{"id":33986,"href":"https:\/\/archive.cafe.crea.ca\/fr\/wp-json\/wp\/v2\/posts\/33982\/revisions\/33986"}],"wp:featuredmedia":[{"embeddable":true,"href":"https:\/\/archive.cafe.crea.ca\/fr\/wp-json\/wp\/v2\/media\/33983"}],"wp:attachment":[{"href":"https:\/\/archive.cafe.crea.ca\/fr\/wp-json\/wp\/v2\/media?parent=33982"}],"wp:term":[{"taxonomy":"category","embeddable":true,"href":"https:\/\/archive.cafe.crea.ca\/fr\/wp-json\/wp\/v2\/categories?post=33982"},{"taxonomy":"post_tag","embeddable":true,"href":"https:\/\/archive.cafe.crea.ca\/fr\/wp-json\/wp\/v2\/tags?post=33982"},{"taxonomy":"author","embeddable":true,"href":"https:\/\/archive.cafe.crea.ca\/fr\/wp-json\/wp\/v2\/coauthors?post=33982"}],"curies":[{"name":"wp","href":"https:\/\/api.w.org\/{rel}","templated":true}]}}