{"id":33970,"date":"2020-02-18T10:11:38","date_gmt":"2020-02-18T15:11:38","guid":{"rendered":"https:\/\/archive.cafe.crea.ca\/?p=33970"},"modified":"2023-02-15T14:30:52","modified_gmt":"2023-02-15T19:30:52","slug":"la-publicite-total-regret-in-my-heart-remporte-un-prix","status":"publish","type":"post","link":"https:\/\/archive.cafe.crea.ca\/fr\/la-publicite-total-regret-in-my-heart-remporte-un-prix\/","title":{"rendered":"La publicit\u00e9 \u00ab Total Regret In My Heart \u00bb remporte un prix"},"content":{"rendered":"\n<p>Vous\npensiez avoir <em>enfin<\/em> r\u00e9ussi \u00e0 oublier cette chanson\u2011velcro, n\u2019est\u2011ce pas?<\/p>\n\n\n\n<p><a rel=\"noreferrer noopener\" aria-label=\"Applied Arts Media (opens in a new tab)\" href=\"https:\/\/www.appliedartsmag.com\/\" target=\"_blank\">Applied Arts Media<\/a>, une organisation r\u00e9put\u00e9e qui rend hommage aux professionnels de la communication visuelle, a r\u00e9cemment nomm\u00e9 la publicit\u00e9 de <a href=\"https:\/\/www.realtor.ca\/fr\" target=\"_blank\" rel=\"noreferrer noopener\" aria-label=\"REALTOR.ca (opens in a new tab)\">REALTOR.ca<\/a> \u00ab&nbsp;Total Regret in My Heart&nbsp;\u00bb gagnante dans sa cat\u00e9gorie \u00ab&nbsp;Diffusion de&nbsp;30&nbsp;secondes ou moins&nbsp;\u2013&nbsp;Unique&nbsp;\u00bb.<\/p>\n\n\n\n<p>\u00ab&nbsp;Les courtiers ou agents qui si\u00e8gent au comit\u00e9 de la campagne de publicit\u00e9 nationale de l\u2019ACI effectuent des recherches approfondies et investissent d\u2019innombrables heures de travail pour faire en sorte que notre message soit transmis de mani\u00e8re divertissante et m\u00e9morable&nbsp;\u00bb, souligne Randall&nbsp;McCauley, vice\u2011pr\u00e9sident directeur, R\u00e9putation, de l\u2019ACI.<\/p>\n\n\n\n<p>Un jury de\nprofessionnels chevronn\u00e9s de la cr\u00e9ation a \u00e9valu\u00e9 les soumissions en fonction\nde leur cr\u00e9ativit\u00e9, de l\u2019excellence technique et de leur pertinence aux fins\npr\u00e9vues.<\/p>\n\n\n\n<p>Pour\nr\u00e9aliser ses campagnes publicitaires, l\u2019ACI retient r\u00e9guli\u00e8rement les services\nde l\u2019agence de cr\u00e9ation torontoise Union. Le but de cette publicit\u00e9\nparticuli\u00e8re \u00e9tait de convaincre les personnes qui ach\u00e8tent ou vendent des\npropri\u00e9t\u00e9s de profiter des conseils d\u2019experts d\u2019un courtier ou agent\nlorsqu\u2019elles effectuent l\u2019une des plus importantes transactions de leur vie. <\/p>\n\n\n\n<p>\u00ab&nbsp;Nous\navons choisi la ballade \u00e0 succ\u00e8s des ann\u00e9es&nbsp;1980 <em>Total Eclipse of the\nHeart<\/em> et l\u2019avons adapt\u00e9e\u2026 Nous avons dramatis\u00e9 les risques auxquels les\ngens s\u2019exposent lorsqu\u2019ils se privent des services d\u2019un membre de l\u2019ACI, et\nnous avons utilis\u00e9 une chanson classique qui reste en t\u00eate longtemps&nbsp;\u00bb,\nmentionne Union dans l\u2019\u00e9dition hiver&nbsp;2019&nbsp;de la revue <em>Applied Arts<\/em>.<\/p>\n\n\n\n<p>Depuis\n2010, les campagnes publicitaires nationales de l\u2019ACI ont re\u00e7u des prix ou ont\n\u00e9t\u00e9 reconnues par un jury \u00e0 plus de&nbsp;10&nbsp;occasions.<\/p>\n\n\n\n<p>Parmi les\nprix pr\u00e9c\u00e9dents, notons une m\u00e9daille de bronze, re\u00e7ue en&nbsp;2014 de\nl\u2019Association canadienne du marketing, pour la campagne publicitaire\n\u00ab&nbsp;Raid&nbsp;\u00bb (la descente), et une m\u00e9daille d\u2019argent, re\u00e7ue aux Marketing\nAwards de&nbsp;2016, pour la campagne publicitaire \u00ab&nbsp;Motel&nbsp;\u00bb.<\/p>\n\n\n\n<p>Bien qu\u2019elle ne cadre pas tout \u00e0 fait dans la cat\u00e9gorie des publicit\u00e9s t\u00e9l\u00e9vis\u00e9es, notre publicit\u00e9 qui proposait une \u00ab&nbsp;affiche \u00e9liminatrice de bruit&nbsp;\u00bb a remport\u00e9 l\u2019or \u00e0 la remise des prix du Advertising &amp; Design Club of Canada&nbsp;en 2018.<\/p>\n","protected":false},"excerpt":{"rendered":"<p>Vous pensiez avoir enfin r\u00e9ussi \u00e0 oublier cette chanson\u2011velcro, n\u2019est\u2011ce pas? Applied Arts Media, une organisation r\u00e9put\u00e9e qui rend hommage aux professionnels de la communication visuelle, a r\u00e9cemment nomm\u00e9 la publicit\u00e9 de REALTOR.ca \u00ab&nbsp;Total Regret in My Heart&nbsp;\u00bb gagnante dans sa cat\u00e9gorie \u00ab&nbsp;Diffusion de&nbsp;30&nbsp;secondes ou moins&nbsp;\u2013&nbsp;Unique&nbsp;\u00bb. \u00ab&nbsp;Les courtiers ou agents qui si\u00e8gent au comit\u00e9 de &hellip; <a href=\"https:\/\/archive.cafe.crea.ca\/fr\/la-publicite-total-regret-in-my-heart-remporte-un-prix\/\" class=\"more-link\">Continue reading <span class=\"screen-reader-text\">La publicit\u00e9 \u00ab Total Regret In My Heart \u00bb remporte un prix<\/span><\/a><\/p>\n","protected":false},"author":74,"featured_media":33968,"comment_status":"open","ping_status":"open","sticky":false,"template":"","format":"standard","meta":{"footnotes":""},"categories":[2366],"tags":[2377],"coauthors":[2164],"class_list":["post-33970","post","type-post","status-publish","format-standard","has-post-thumbnail","hentry","category-nouvelles-de-laci","tag-sidebar-fr"],"aioseo_notices":[],"_links":{"self":[{"href":"https:\/\/archive.cafe.crea.ca\/fr\/wp-json\/wp\/v2\/posts\/33970"}],"collection":[{"href":"https:\/\/archive.cafe.crea.ca\/fr\/wp-json\/wp\/v2\/posts"}],"about":[{"href":"https:\/\/archive.cafe.crea.ca\/fr\/wp-json\/wp\/v2\/types\/post"}],"author":[{"embeddable":true,"href":"https:\/\/archive.cafe.crea.ca\/fr\/wp-json\/wp\/v2\/users\/74"}],"replies":[{"embeddable":true,"href":"https:\/\/archive.cafe.crea.ca\/fr\/wp-json\/wp\/v2\/comments?post=33970"}],"version-history":[{"count":3,"href":"https:\/\/archive.cafe.crea.ca\/fr\/wp-json\/wp\/v2\/posts\/33970\/revisions"}],"predecessor-version":[{"id":42601,"href":"https:\/\/archive.cafe.crea.ca\/fr\/wp-json\/wp\/v2\/posts\/33970\/revisions\/42601"}],"wp:featuredmedia":[{"embeddable":true,"href":"https:\/\/archive.cafe.crea.ca\/fr\/wp-json\/wp\/v2\/media\/33968"}],"wp:attachment":[{"href":"https:\/\/archive.cafe.crea.ca\/fr\/wp-json\/wp\/v2\/media?parent=33970"}],"wp:term":[{"taxonomy":"category","embeddable":true,"href":"https:\/\/archive.cafe.crea.ca\/fr\/wp-json\/wp\/v2\/categories?post=33970"},{"taxonomy":"post_tag","embeddable":true,"href":"https:\/\/archive.cafe.crea.ca\/fr\/wp-json\/wp\/v2\/tags?post=33970"},{"taxonomy":"author","embeddable":true,"href":"https:\/\/archive.cafe.crea.ca\/fr\/wp-json\/wp\/v2\/coauthors?post=33970"}],"curies":[{"name":"wp","href":"https:\/\/api.w.org\/{rel}","templated":true}]}}