{"id":33876,"date":"2020-02-07T14:05:48","date_gmt":"2020-02-07T19:05:48","guid":{"rendered":"https:\/\/archive.cafe.crea.ca\/?p=33876"},"modified":"2020-02-07T14:05:51","modified_gmt":"2020-02-07T19:05:51","slug":"saveurs-de-la-semaine-visitez-le-village-des-athletes-tout-en-bois-des-olympiques-de-tokyo-2020","status":"publish","type":"post","link":"https:\/\/archive.cafe.crea.ca\/fr\/saveurs-de-la-semaine-visitez-le-village-des-athletes-tout-en-bois-des-olympiques-de-tokyo-2020\/","title":{"rendered":"Saveurs de la semaine : visitez le village des athl\u00e8tes tout en bois des Olympiques de Tokyo 2020"},"content":{"rendered":"\n<p><em>Les Saveurs de la semaine sont votre source hebdomadaire de nouvelles et de reportages sur l\u2019immobilier qui auraient pu vous \u00e9chapper. Notre \u00e9quipe des Saveurs de la semaine se d\u00e9voue \u00e0 parcourir le Web pour trouver des reportages myst\u00e9rieux, bizarres, int\u00e9ressants et informatifs sur l\u2019immobilier ou des sujets connexes. En avez-vous d\u00e9nich\u00e9 un? Que diriez-vous de le mentionner dans notre section de commentaires ou de le faire conna\u00eetre sur Twitter en utilisant le mot-clic #SaveursDeLaSemaine? Servez-vous une bonne tasse de caf\u00e9 frais et savourez ces reportages. Vous pourriez m\u00eame en faire part \u00e0 vos amis et coll\u00e8gues\u2026 Bonne lecture!<\/em><\/p>\n\n\n\n<p>Les conseils de la semaine\u00a0: <a rel=\"noreferrer noopener\" aria-label=\" (opens in a new tab)\" href=\"https:\/\/www.journaldemontreal.com\/2020\/02\/03\/reprendre-un-logement-pour-y-devenir-proprietaire-occupant\" target=\"_blank\">comment reprendre un logement pour l\u2019habiter soi-m\u00eame<\/a>; <a rel=\"noreferrer noopener\" aria-label=\" (opens in a new tab)\" href=\"https:\/\/www.journaldemontreal.com\/2020\/02\/01\/chauffer-la-maison--avec-des-granules-la-terre-et-le-soleil\" target=\"_blank\">chauffer sa maison avec des granules, la terre et le soleil<\/a>; une <a rel=\"noreferrer noopener\" aria-label=\" (opens in a new tab)\" href=\"https:\/\/www.journaldemontreal.com\/2020\/02\/01\/une-cuisine-fonctionnelle-pour-les-vieux-jours\" target=\"_blank\">cuisine fonctionnelle pour les vieux jours<\/a>; un <a rel=\"noreferrer noopener\" aria-label=\" (opens in a new tab)\" href=\"https:\/\/www.lesoleil.com\/maison\/espace-sideral-505a7ce8e75cc588cc95486310b85abc\" target=\"_blank\">espace sid\u00e9ral<\/a>; les <a rel=\"noreferrer noopener\" aria-label=\" (opens in a new tab)\" href=\"https:\/\/www.lapresse.ca\/maison\/202001\/31\/01-5259062-la-saison-des-salons-de-lhabitation.php\" target=\"_blank\">diff\u00e9rents salons de l\u2019habitation de la m\u00e9tropole<\/a>; les <a rel=\"noreferrer noopener\" aria-label=\" (opens in a new tab)\" href=\"https:\/\/www.lesoleil.com\/maison\/expo-habitat-quebec-revient-cette-annee-avec-plusieurs-nouveautes-video-4200c5b419266a41b8ec6ef4865d7ec1\" target=\"_blank\">nouveaut\u00e9s d\u2019Expo habitat Qu\u00e9bec<\/a>; quand <a rel=\"noreferrer noopener\" aria-label=\" (opens in a new tab)\" href=\"https:\/\/www.lapresse.ca\/maison\/decoration\/202001\/31\/01-5259059-quand-un-divan-inspire-une-maison-entiere.php\" target=\"_blank\">un divan inspire une maison enti\u00e8re<\/a> et <a href=\"https:\/\/www.lapresse.ca\/maison\/immobilier\/202001\/31\/01-5259108-immobilier-composer-avec-des-clients-indecis.php\" target=\"_blank\" rel=\"noreferrer noopener\" aria-label=\" (opens in a new tab)\">comment composer avec des clients ind\u00e9cis<\/a>.<\/p>\n\n\n\n<p><em>La Presse<\/em> annonce <a href=\"https:\/\/www.lapresse.ca\/maison\/immobilier\/202001\/31\/01-5259065-de-nouveaux-frais-pour-les-proprietaires-de-condos.php\" target=\"_blank\" rel=\"noreferrer noopener\" aria-label=\" (opens in a new tab)\">de nouveaux frais pour les propri\u00e9taires de condos<\/a>.<\/p>\n\n\n\n<p>Joanie\u00a0Fontaine des <em>Affaires<\/em> constate <a href=\"https:\/\/www.lesaffaires.com\/blogues\/joanie-fontaine\/immobilier--hausse-de-ventes-d-unifamiliales-dans-les-regions\/615671\" target=\"_blank\" rel=\"noreferrer noopener\" aria-label=\" (opens in a new tab)\">une hausse de ventes d\u2019unifamiliales dans les r\u00e9gions<\/a>.<\/p>\n\n\n\n<p><em>Le Soleil<\/em> mentionne que les <a href=\"https:\/\/www.lesoleil.com\/maison\/tokyo-2020--un-village-des-athletes-tout-en-bois-photos-f529e5a8474a0f09b7323b53a3b00652\" target=\"_blank\" rel=\"noreferrer noopener\" aria-label=\" (opens in a new tab)\">le village des athl\u00e8tes des Olympiques de Tokyo 2020 sera tout en bois<\/a>.<\/p>\n\n\n\n<p><em>L\u2019Obs<\/em> affirme que <a href=\"https:\/\/www.nouvelobs.com\/immobilier\/20200205.OBS24432\/immobilier-paris-devient-la-ville-la-plus-convoitee-par-les-grandes-fortunes-mondiales.html\" target=\"_blank\" rel=\"noreferrer noopener\" aria-label=\" (opens in a new tab)\">Paris devient la ville la plus convoit\u00e9e par les grandes fortunes mondiales<\/a>.<\/p>\n\n\n\n<p><em>Le Parisien<\/em> publie qu\u2019en mati\u00e8re de <a href=\"http:\/\/www.leparisien.fr\/immobilier\/detecteurs-de-fumee-les-franciliens-mal-equipes-06-02-2020-8254044.php\" target=\"_blank\" rel=\"noreferrer noopener\" aria-label=\" (opens in a new tab)\">d\u00e9tecteurs de fum\u00e9e, les Franciliens sont mal \u00e9quip\u00e9s<\/a>.<\/p>\n\n\n\n<p><em>Le Figaro<\/em> nous informe que <a href=\"https:\/\/immobilier.lefigaro.fr\/article\/d-ici-a-2022-tous-les-batiments-publics-devront-etre-batis-a-plus-de-50-en-bois_f5bae31c-47e9-11ea-b680-b87925275d6f\/\" target=\"_blank\" rel=\"noreferrer noopener\" aria-label=\" (opens in a new tab)\">davantage de bois et de paille dans les b\u00e2timents publics<\/a>.<\/p>\n\n\n\n<p><em>Le Courrier Expat<\/em> rapporte qu\u2019avec <a href=\"https:\/\/www.courrierinternational.com\/article\/royaume-uni-avec-le-brexit-les-prix-de-limmobilier-senvolent\" target=\"_blank\" rel=\"noreferrer noopener\" aria-label=\" (opens in a new tab)\">le Brexit, les prix de l\u2019immobilier s\u2019envolent<\/a>.<\/p>\n\n\n\n<p><em>La Vie Immo<\/em> \u00e9crit qu\u2019au <a rel=\"noreferrer noopener\" aria-label=\" (opens in a new tab)\" href=\"https:\/\/www.lavieimmo.com\/immobilier-international\/au-canada-les-moins-de-25-ans-vont-devoir-montrer-patte-blanche-pour-louer-sur-airbnb-47844.html\" target=\"_blank\">Canada, les moins de 25\u00a0ans vont devoir montrer patte blanche pour louer sur Airbnb<\/a>; qu\u2019en <a rel=\"noreferrer noopener\" aria-label=\" (opens in a new tab)\" href=\"https:\/\/www.lavieimmo.com\/divers-immobilier\/les-hoteliers-demandent-aux-candidats-des-municipales-de-mieux-encadrer-airbnb-47834.html\" target=\"_blank\">France, les h\u00f4teliers demandent aux candidats des municipales de mieux encadrer Airbnb<\/a> et qu\u2019<a href=\"https:\/\/www.lavieimmo.com\/immobilier-international\/apres-des-annees-de-flambee-des-prix-le-marche-immobilier-se-calme-au-portugal-47802.html\" target=\"_blank\" rel=\"noreferrer noopener\" aria-label=\" (opens in a new tab)\">apr\u00e8s des ann\u00e9es de flamb\u00e9e des prix, le march\u00e9 immobilier se calme au Portugal<\/a>.<\/p>\n\n\n\n<p><em>My Sweet\u2019Immo<\/em> visite <a rel=\"noreferrer noopener\" aria-label=\" (opens in a new tab)\" href=\"https:\/\/www.mysweetimmo.com\/2020\/02\/05\/les-10-villas-de-stars-les-plus-grandioses\/\" target=\"_blank\">les dix\u00a010 villas de vedettes les plus grandioses<\/a>; <a rel=\"noreferrer noopener\" aria-label=\" (opens in a new tab)\" href=\"https:\/\/www.mysweetimmo.com\/2020\/02\/06\/investir-a-miami-que-de-bonnes-raisons\/\" target=\"_blank\">offre de bonnes raisons pour investir en immobilier \u00e0 Miami<\/a> et donne <a href=\"https:\/\/www.mysweetimmo.com\/2020\/02\/05\/5-conseils-pour-un-demenagement-zen\/\" target=\"_blank\" rel=\"noreferrer noopener\" aria-label=\" (opens in a new tab)\">cinq\u00a0conseils pour un d\u00e9m\u00e9nagement zen<\/a>.<\/p>\n","protected":false},"excerpt":{"rendered":"<p>Les Saveurs de la semaine sont votre source hebdomadaire de nouvelles et de reportages sur l\u2019immobilier qui auraient pu vous \u00e9chapper. Notre \u00e9quipe des Saveurs de la semaine se d\u00e9voue \u00e0 parcourir le Web pour trouver des reportages myst\u00e9rieux, bizarres, int\u00e9ressants et informatifs sur l\u2019immobilier ou des sujets connexes. En avez-vous d\u00e9nich\u00e9 un? Que diriez-vous &hellip; <a href=\"https:\/\/archive.cafe.crea.ca\/fr\/saveurs-de-la-semaine-visitez-le-village-des-athletes-tout-en-bois-des-olympiques-de-tokyo-2020\/\" class=\"more-link\">Continue reading <span class=\"screen-reader-text\">Saveurs de la semaine : visitez le village des athl\u00e8tes tout en bois des Olympiques de Tokyo 2020<\/span><\/a><\/p>\n","protected":false},"author":24,"featured_media":33877,"comment_status":"open","ping_status":"open","sticky":false,"template":"","format":"standard","meta":{"footnotes":""},"categories":[2372],"tags":[],"coauthors":[2157],"class_list":["post-33876","post","type-post","status-publish","format-standard","has-post-thumbnail","hentry","category-divers"],"aioseo_notices":[],"_links":{"self":[{"href":"https:\/\/archive.cafe.crea.ca\/fr\/wp-json\/wp\/v2\/posts\/33876"}],"collection":[{"href":"https:\/\/archive.cafe.crea.ca\/fr\/wp-json\/wp\/v2\/posts"}],"about":[{"href":"https:\/\/archive.cafe.crea.ca\/fr\/wp-json\/wp\/v2\/types\/post"}],"author":[{"embeddable":true,"href":"https:\/\/archive.cafe.crea.ca\/fr\/wp-json\/wp\/v2\/users\/24"}],"replies":[{"embeddable":true,"href":"https:\/\/archive.cafe.crea.ca\/fr\/wp-json\/wp\/v2\/comments?post=33876"}],"version-history":[{"count":1,"href":"https:\/\/archive.cafe.crea.ca\/fr\/wp-json\/wp\/v2\/posts\/33876\/revisions"}],"predecessor-version":[{"id":33879,"href":"https:\/\/archive.cafe.crea.ca\/fr\/wp-json\/wp\/v2\/posts\/33876\/revisions\/33879"}],"wp:featuredmedia":[{"embeddable":true,"href":"https:\/\/archive.cafe.crea.ca\/fr\/wp-json\/wp\/v2\/media\/33877"}],"wp:attachment":[{"href":"https:\/\/archive.cafe.crea.ca\/fr\/wp-json\/wp\/v2\/media?parent=33876"}],"wp:term":[{"taxonomy":"category","embeddable":true,"href":"https:\/\/archive.cafe.crea.ca\/fr\/wp-json\/wp\/v2\/categories?post=33876"},{"taxonomy":"post_tag","embeddable":true,"href":"https:\/\/archive.cafe.crea.ca\/fr\/wp-json\/wp\/v2\/tags?post=33876"},{"taxonomy":"author","embeddable":true,"href":"https:\/\/archive.cafe.crea.ca\/fr\/wp-json\/wp\/v2\/coauthors?post=33876"}],"curies":[{"name":"wp","href":"https:\/\/api.w.org\/{rel}","templated":true}]}}