{"id":33869,"date":"2020-02-06T09:50:53","date_gmt":"2020-02-06T14:50:53","guid":{"rendered":"https:\/\/archive.cafe.crea.ca\/?p=33869"},"modified":"2020-02-24T13:46:30","modified_gmt":"2020-02-24T18:46:30","slug":"cinq-choses-a-faire-pour-votre-entreprise","status":"publish","type":"post","link":"https:\/\/archive.cafe.crea.ca\/fr\/cinq-choses-a-faire-pour-votre-entreprise\/","title":{"rendered":"Cinq choses \u00e0 faire pour votre entreprise"},"content":{"rendered":"\n<p>Au d\u00e9but de la nouvelle ann\u00e9e, vous avez peut-\u00eatre pris la r\u00e9solution de faire prosp\u00e9rer vos affaires en 2020.<\/p>\n\n\n\n<p>Maintenant que l\u2019ann\u00e9e est entam\u00e9e, nous avons un message important \u00e0 vous communiquer\u00a0: n\u2019abandonnez pas maintenant! \u00c0 la diff\u00e9rence d\u2019arr\u00eater de fumer ou de prendre l\u2019habitude d\u2019aller au gym tous les jours, nous vous aidons \u00e0 respecter une r\u00e9solution professionnelle en vous fournissant des outils et des options qui vous aideront au quotidien.<\/p>\n\n\n\n<p>Vous trouverez ci-dessous des choses que vous pouvez faire pour vous d\u00e9marquer. Certains de nos conseils ne prendront que quelques minutes \u00e0 mettre en pratique, tandis que d\u2019autres exigeront un peu plus de planification. Toutefois, tous ces conseils peuvent vous aider \u00e0 accro\u00eetre votre pr\u00e9sence dans votre collectivit\u00e9.<\/p>\n\n\n\n<h1 class=\"wp-block-heading\">Actualisez votre profil REALTOR.ca<\/h1>\n\n\n\n<p>Votre photo de profil a-t-elle \u00e9t\u00e9 prise dans le dernier mill\u00e9naire? Vos coordonn\u00e9es ont-elles chang\u00e9? Pire encore, n\u2019avez-vous toujours pas de photo de profil sur REALTOR.ca? Si vous n\u2019en avez pas, vous pourriez rater des occasions d\u2019affaires.<\/p>\n\n\n\n<p>Assurez-vous que votre profil est complet dans le syst\u00e8me MLS<sup>\u00ae<\/sup> de votre chambre ou association. Votre num\u00e9ro de t\u00e9l\u00e9phone, votre site Web, vos comptes de m\u00e9dias sociaux (y compris Instagram) et les autres champs (qui varient selon l\u2019association ou la chambre) sont tous d\u2019importants outils pour inciter les acheteurs potentiels \u00e0 communiquer avec vous. Vous pouvez aussi indiquer votre secteur d\u2019affaires, en plus de l\u2019adresse de votre bureau, afin de joindre le plus de clients possible.<\/p>\n\n\n\n<p class=\"has-text-color has-background has-very-light-gray-color has-vivid-cyan-blue-background-color\">Le saviez-vous? En 2018, six\u00a0millions de profils ont \u00e9t\u00e9 consult\u00e9s sur REALTOR.ca.<\/p>\n\n\n\n<h1 class=\"wp-block-heading\">T\u00e9l\u00e9chargez l\u2019application REALTOR.ca \u2014 Mes stats<\/h1>\n\n\n\n<p>D\u2019apr\u00e8s les donn\u00e9es qu\u2019elle tire de l\u2019outil Statistiques sur les inscriptions de REALTOR.ca, l\u2019application vous permet de peaufiner votre strat\u00e9gie de marketing et de prix en tout temps. Vous pouvez constater comment le march\u00e9 r\u00e9agit \u00e0 votre inscription, r\u00e9pondre \u00e0 des clients potentiels, entrer en contact avec des clients, consulter vos inscriptions et recevoir des notifications instantan\u00e9es sur votre t\u00e9l\u00e9phone.<\/p>\n\n\n\n<p>Faites-en l\u2019essai et dites-nous ce que vous en pensez, en s\u00e9lectionnant R\u00e9troaction dans le menu de l\u2019application, ou en laissant un commentaire ci-dessous.<\/p>\n\n\n\n<figure class=\"wp-block-image\"><a href=\"https:\/\/play.google.com\/store\/apps\/details?id=ca.crea.app.member\" target=\"_blank\" rel=\"noreferrer noopener\"><img loading=\"lazy\" decoding=\"async\" width=\"134\" height=\"40\" src=\"https:\/\/archive.cafe.crea.ca\/wp-content\/uploads\/2019\/10\/GooglePlayIcon_Fr.png\" alt=\"\" class=\"wp-image-33306\"\/><\/a><\/figure>\n\n\n\n<figure class=\"wp-block-image\"><a href=\"https:\/\/apps.apple.com\/ca\/app\/realtor-ca-listing-stats\/id1478005795\" target=\"_blank\" rel=\"noreferrer noopener\"><img loading=\"lazy\" decoding=\"async\" width=\"126\" height=\"40\" src=\"https:\/\/archive.cafe.crea.ca\/wp-content\/uploads\/2019\/10\/AppStoreIcon_Fr.png\" alt=\"\" class=\"wp-image-33304\"\/><\/a><\/figure>\n\n\n\n<h1 class=\"wp-block-heading\">\u00c9crivez un billet de blogue<\/h1>\n\n\n\n<p>Vous connaissez d\u00e9j\u00e0 bien le Caf\u00e9 ACI et les pr\u00e9cieuses informations qui sont r\u00e9guli\u00e8rement affich\u00e9es sur notre blogue. Saviez-vous toutefois qu\u2019il y a une section r\u00e9serv\u00e9e \u00e0 nos membres qui souhaitent \u00e9crire un billet?<\/p>\n\n\n\n<p>Vous avez beaucoup \u00e0 partager\u00a0: des r\u00e9alit\u00e9s quotidiennes, des le\u00e7ons retenues et de l\u2019exp\u00e9rience acquise. Le contenu affich\u00e9 au Coin des courtiers et agents immobiliers est pr\u00e9sent\u00e9 par et pour nos membres. Des articles ant\u00e9rieurs portaient sur des sujets comme les maisons vertes, le parcours de nos membres et redonner \u00e0 sa collectivit\u00e9.<\/p>\n\n\n\n<p>Si vous souhaitez \u00e9crire un billet, envoyez un courriel \u00e0 mshaw@crea.ca.<\/p>\n\n\n\n<h1 class=\"wp-block-heading\">Montrez-nous que vous avez du c\u0153ur<\/h1>\n\n\n\n<p>En parlant de redonner, si vous faites du b\u00e9n\u00e9volat ou organisez un \u00e9v\u00e9nement au nom d\u2019une organisation caritative, faites-nous-en part! D\u2019un oc\u00e9an \u00e0 l\u2019autre, nos membres jouent un r\u00f4le important dans les collectivit\u00e9s dans lesquelles ils vivent et travaillent. <a href=\"https:\/\/www.realtorscare.ca\/\" target=\"_blank\" rel=\"noreferrer noopener\" aria-label=\"REALTORS Care\u00ae (opens in a new tab)\">REALTORS Care<\/a><sup><a href=\"https:\/\/www.realtorscare.ca\/\" target=\"_blank\" rel=\"noreferrer noopener\" aria-label=\"REALTORS Care\u00ae (opens in a new tab)\">\u00ae<\/a><\/sup> est un principe directeur qui c\u00e9l\u00e8bre le travail caritatif extraordinaire accompli par la communaut\u00e9 immobili\u00e8re.<\/p>\n\n\n\n<p>Nous encourageons les courtiers et agents immobiliers, les chambres et associations immobili\u00e8res, les franchiseurs et les agences immobili\u00e8res \u00e0 nous faire part de leurs activit\u00e9s caritatives afin de partager la nouvelle avec notre communaut\u00e9 en ligne.<\/p>\n\n\n\n<p>Pour nous faire part d\u2019une histoire, veuillez nous \u00e9crire \u00e0 <a href=\"mailto:info@REALTORSCare.ca\">info@REALTORSCare.ca<\/a>.<\/p>\n\n\n\n<h1 class=\"wp-block-heading\">Suivez-nous dans les m\u00e9dias sociaux<\/h1>\n\n\n\n<p><a rel=\"noreferrer noopener\" aria-label=\"L\u2019ACI (opens in a new tab)\" href=\"https:\/\/www.facebook.com\/CREA.ACI\" target=\"_blank\">L\u2019ACI<\/a>, <a rel=\"noreferrer noopener\" aria-label=\"REALTORS Care\u00ae (opens in a new tab)\" href=\"https:\/\/www.facebook.com\/REALTORSCare\/\" target=\"_blank\">REALTORS Care<\/a><sup><a rel=\"noreferrer noopener\" aria-label=\"REALTORS Care\u00ae (opens in a new tab)\" href=\"https:\/\/www.facebook.com\/REALTORSCare\/\" target=\"_blank\">\u00ae<\/a><\/sup> et <a href=\"https:\/\/www.facebook.com\/realtordotca\" target=\"_blank\" rel=\"noreferrer noopener\" aria-label=\"le Salon de REALTOR.ca (opens in a new tab)\">le <\/a><em><a href=\"https:\/\/www.facebook.com\/realtordotca\" target=\"_blank\" rel=\"noreferrer noopener\" aria-label=\"le Salon de REALTOR.ca (opens in a new tab)\">Salon<\/a><\/em><a href=\"https:\/\/www.facebook.com\/realtordotca\" target=\"_blank\" rel=\"noreferrer noopener\" aria-label=\"le Salon de REALTOR.ca (opens in a new tab)\"> de REALTOR.ca<\/a> ont tous des comptes dans les m\u00e9diaux sociaux au moyen desquels nous communiquons des mises \u00e0 jour, de l\u2019information, des articles et des nouvelles du secteur pour vous informer et pour vous divertir. Soyez toujours au courant de ce que l\u2019ACI fait pour vous en suivant l\u2019un de nos comptes ci-dessous. N\u2019h\u00e9sitez pas \u00e0 aimer, \u00e0 partager et \u00e0 commenter ce que nous partageons afin de vous joindre \u00e0 la conversation.<\/p>\n","protected":false},"excerpt":{"rendered":"<p>Au d\u00e9but de la nouvelle ann\u00e9e, vous avez peut-\u00eatre pris la r\u00e9solution de faire prosp\u00e9rer vos affaires en 2020. Maintenant que l\u2019ann\u00e9e est entam\u00e9e, nous avons un message important \u00e0 vous communiquer\u00a0: n\u2019abandonnez pas maintenant! \u00c0 la diff\u00e9rence d\u2019arr\u00eater de fumer ou de prendre l\u2019habitude d\u2019aller au gym tous les jours, nous vous aidons \u00e0 &hellip; <a href=\"https:\/\/archive.cafe.crea.ca\/fr\/cinq-choses-a-faire-pour-votre-entreprise\/\" class=\"more-link\">Continue reading <span class=\"screen-reader-text\">Cinq choses \u00e0 faire pour votre entreprise<\/span><\/a><\/p>\n","protected":false},"author":74,"featured_media":33867,"comment_status":"open","ping_status":"open","sticky":false,"template":"","format":"standard","meta":{"footnotes":""},"categories":[2372],"tags":[2379],"coauthors":[2164],"class_list":["post-33869","post","type-post","status-publish","format-standard","has-post-thumbnail","hentry","category-divers","tag-featured-fr"],"aioseo_notices":[],"_links":{"self":[{"href":"https:\/\/archive.cafe.crea.ca\/fr\/wp-json\/wp\/v2\/posts\/33869"}],"collection":[{"href":"https:\/\/archive.cafe.crea.ca\/fr\/wp-json\/wp\/v2\/posts"}],"about":[{"href":"https:\/\/archive.cafe.crea.ca\/fr\/wp-json\/wp\/v2\/types\/post"}],"author":[{"embeddable":true,"href":"https:\/\/archive.cafe.crea.ca\/fr\/wp-json\/wp\/v2\/users\/74"}],"replies":[{"embeddable":true,"href":"https:\/\/archive.cafe.crea.ca\/fr\/wp-json\/wp\/v2\/comments?post=33869"}],"version-history":[{"count":1,"href":"https:\/\/archive.cafe.crea.ca\/fr\/wp-json\/wp\/v2\/posts\/33869\/revisions"}],"predecessor-version":[{"id":33870,"href":"https:\/\/archive.cafe.crea.ca\/fr\/wp-json\/wp\/v2\/posts\/33869\/revisions\/33870"}],"wp:featuredmedia":[{"embeddable":true,"href":"https:\/\/archive.cafe.crea.ca\/fr\/wp-json\/wp\/v2\/media\/33867"}],"wp:attachment":[{"href":"https:\/\/archive.cafe.crea.ca\/fr\/wp-json\/wp\/v2\/media?parent=33869"}],"wp:term":[{"taxonomy":"category","embeddable":true,"href":"https:\/\/archive.cafe.crea.ca\/fr\/wp-json\/wp\/v2\/categories?post=33869"},{"taxonomy":"post_tag","embeddable":true,"href":"https:\/\/archive.cafe.crea.ca\/fr\/wp-json\/wp\/v2\/tags?post=33869"},{"taxonomy":"author","embeddable":true,"href":"https:\/\/archive.cafe.crea.ca\/fr\/wp-json\/wp\/v2\/coauthors?post=33869"}],"curies":[{"name":"wp","href":"https:\/\/api.w.org\/{rel}","templated":true}]}}