{"id":33843,"date":"2020-01-31T14:02:28","date_gmt":"2020-01-31T19:02:28","guid":{"rendered":"https:\/\/archive.cafe.crea.ca\/?p=33843"},"modified":"2020-01-31T14:02:31","modified_gmt":"2020-01-31T19:02:31","slug":"saveurs-de-la-semaine-apprenez-tout-sur-les-mythes-et-realites-dune-hypotheque-inversee","status":"publish","type":"post","link":"https:\/\/archive.cafe.crea.ca\/fr\/saveurs-de-la-semaine-apprenez-tout-sur-les-mythes-et-realites-dune-hypotheque-inversee\/","title":{"rendered":"Saveurs de la semaine : apprenez tout sur les mythes et r\u00e9alit\u00e9s d\u2019une hypoth\u00e8que invers\u00e9e."},"content":{"rendered":"\n<p><em>Les Saveurs de la semaine sont votre source hebdomadaire de nouvelles et de reportages sur l\u2019immobilier qui auraient pu vous \u00e9chapper. Notre \u00e9quipe des Saveurs de la semaine se d\u00e9voue \u00e0 parcourir le Web pour trouver des reportages myst\u00e9rieux, bizarres, int\u00e9ressants et informatifs sur l\u2019immobilier ou des sujets connexes. En avez-vous d\u00e9nich\u00e9 un? Que diriez-vous de le mentionner dans notre section de commentaires ou de le faire conna\u00eetre sur Twitter en utilisant le mot-clic #SaveursDeLaSemaine? Servez-vous une bonne tasse de caf\u00e9 frais et savourez ces reportages. Vous pourriez m\u00eame en faire part \u00e0 vos amis et coll\u00e8gues\u2026 Bonne lecture!<\/em><\/p>\n\n\n\n<p>Les conseils de la semaine&nbsp;: <a rel=\"noreferrer noopener\" aria-label=\" (opens in a new tab)\" href=\"https:\/\/www.journaldemontreal.com\/2020\/01\/27\/faut-il-vendre-sa-maison-avant-den-acheter-une-autre\" target=\"_blank\">faut-il vendre sa maison avant d\u2019en racheter une<\/a>; les <a rel=\"noreferrer noopener\" aria-label=\" (opens in a new tab)\" href=\"https:\/\/www.journaldemontreal.com\/2020\/01\/25\/immobilier-previsions-2020\" target=\"_blank\">pr\u00e9visions 2020<\/a>; <a rel=\"noreferrer noopener\" aria-label=\" (opens in a new tab)\" href=\"https:\/\/www.lesoleil.com\/maison\/acheter-le-condo-voisin-pour-sagrandir-782de48dcb1c8691ed02e27291f9d9f5\" target=\"_blank\">acheter le condo voisin pour s\u2019agrandir<\/a>; <a rel=\"noreferrer noopener\" aria-label=\" (opens in a new tab)\" href=\"https:\/\/www.lesoleil.com\/maison\/unir-deux-condos-une-tendance-dans-le-marche-de-luxe-d015ae6afd9e942688d7e0904ca74438\" target=\"_blank\">unir deux&nbsp;condos, une tendance dans le march\u00e9 de luxe<\/a>; <a rel=\"noreferrer noopener\" aria-label=\" (opens in a new tab)\" href=\"https:\/\/www.lapresse.ca\/maison\/immobilier\/202001\/24\/01-5258147-votre-voisin-a-t-il-des-droits-chez-vous-.php\" target=\"_blank\">votre voisin a-t-il des droits chez vous<\/a>; les <a rel=\"noreferrer noopener\" aria-label=\" (opens in a new tab)\" href=\"https:\/\/www.lesaffaires.com\/mes-finances\/immobilier\/hypotheque-inversee-mythes-et-realites\/615449\" target=\"_blank\">mythes et r\u00e9alit\u00e9s d\u2019une hypoth\u00e8que invers\u00e9e<\/a>; <a rel=\"noreferrer noopener\" aria-label=\" (opens in a new tab)\" href=\"https:\/\/www.lapresse.ca\/maison\/decoration\/202001\/24\/01-5258144-jamais-sans-mes-cd.php\" target=\"_blank\">connaissez-vous quelqu\u2019un qui ne d\u00e9m\u00e9nage jamais sans ses CD<\/a>; la <a rel=\"noreferrer noopener\" aria-label=\" (opens in a new tab)\" href=\"https:\/\/www.lapresse.ca\/maison\/decoration\/202001\/24\/01-5258160-la-tendance-est-a-lantitendance.php\" target=\"_blank\">tendance est \u00e0\u2026 l\u2019anti tendance<\/a> et la <a href=\"https:\/\/www.lapresse.ca\/maison\/cour-et-jardin\/202001\/24\/01-5258152-sanseviere-une-belle-mere-facile-a-vivre.php\" target=\"_blank\" rel=\"noreferrer noopener\" aria-label=\" (opens in a new tab)\">sansevi\u00e8re, une \u00ab&nbsp;belle-m\u00e8re&nbsp;\u00bb facile \u00e0 vivre<\/a>.<\/p>\n\n\n\n<p><em>La Presse<\/em> explique comment la <a href=\"https:\/\/www.lapresse.ca\/affaires\/202001\/27\/01-5258464-la-technologie-bouscule-limmobilier-commercial.php\" target=\"_blank\" rel=\"noreferrer noopener\" aria-label=\" (opens in a new tab)\">technologie bouscule l\u2019immobilier commercial<\/a>.<\/p>\n\n\n\n<p><em>Le Parisien<\/em> discute d\u2019une <a href=\"http:\/\/www.leparisien.fr\/immobilier\/charte-pour-faire-respecter-l-encadrement-des-loyers-a-paris-les-professionnels-n-y-croient-pas-27-01-2020-8245107.php\" target=\"_blank\" rel=\"noreferrer noopener\" aria-label=\" (opens in a new tab)\">charte pour faire respecter l\u2019encadrement des loyers \u00e0 Paris<\/a>.<\/p>\n\n\n\n<p><em>La Tribune<\/em> publie la <a href=\"https:\/\/www.latribune.fr\/supplement\/les-diagnostics-immobiliers-exiges-avant-de-vendre-ou-louer-836688.html\" target=\"_blank\" rel=\"noreferrer noopener\" aria-label=\" (opens in a new tab)\">liste des diagnostics immobiliers exig\u00e9s avant de vendre ou louer en France<\/a>.<\/p>\n\n\n\n<p><em>La Vie Immo<\/em> r\u00e9v\u00e8le que <a rel=\"noreferrer noopener\" aria-label=\" (opens in a new tab)\" href=\"https:\/\/www.lavieimmo.com\/immobilier-international\/berlin-impose-a-son-tour-un-plafonnement-des-loyers-47788.html\" target=\"_blank\">Berlin impose \u00e0 son tour un plafonnement des loyers<\/a>; que <a rel=\"noreferrer noopener\" aria-label=\" (opens in a new tab)\" href=\"https:\/\/www.lavieimmo.com\/immobilier-saint-jean-cap-ferrat-2053\/c-est-un-milliardaire-ukrainien-qui-aurait-achete-la-villa-les-cedres-pour-200-millions-d-euros-47760.html\" target=\"_blank\">c\u2019est un milliardaire ukrainien qui aurait achet\u00e9 la villa \u00ab&nbsp;Les C\u00e8dres&nbsp;\u00bb pour 200&nbsp;millions d\u2019euros<\/a> et qu\u2019\u00e0 d\u00e9faut <a href=\"https:\/\/www.lavieimmo.com\/insolite\/a-defaut-d-un-acheteur-l-appartement-le-plus-cher-du-monde-a-trouve-un-locataire-a-monaco-47774.html\" target=\"_blank\" rel=\"noreferrer noopener\" aria-label=\" (opens in a new tab)\">d\u2019un acheteur, l\u2019appartement le plus cher du monde a trouv\u00e9 un locataire<\/a>.<\/p>\n\n\n\n<p><em>My Sweet\u2019Immo<\/em> \u00e9value les <a rel=\"noreferrer noopener\" aria-label=\" (opens in a new tab)\" href=\"https:\/\/www.mysweetimmo.com\/2020\/01\/28\/harry-et-meghan-leurs-projets-immobiliers-au-canada\/\" target=\"_blank\">projets immobiliers canadiens d\u2019Harry et Meghan<\/a> et propose <a href=\"https:\/\/www.mysweetimmo.com\/2020\/01\/19\/10-techniques-de-home-staging-pour-embellir-votre-bien\/\" target=\"_blank\" rel=\"noreferrer noopener\" aria-label=\" (opens in a new tab)\">dix&nbsp;techniques de valorisation pour embellir votre bien<\/a> immobilier.<\/p>\n\n\n\n<p>Bonne fin\nde semaine!<\/p>\n","protected":false},"excerpt":{"rendered":"<p>Les Saveurs de la semaine sont votre source hebdomadaire de nouvelles et de reportages sur l\u2019immobilier qui auraient pu vous \u00e9chapper. Notre \u00e9quipe des Saveurs de la semaine se d\u00e9voue \u00e0 parcourir le Web pour trouver des reportages myst\u00e9rieux, bizarres, int\u00e9ressants et informatifs sur l\u2019immobilier ou des sujets connexes. En avez-vous d\u00e9nich\u00e9 un? Que diriez-vous &hellip; <a href=\"https:\/\/archive.cafe.crea.ca\/fr\/saveurs-de-la-semaine-apprenez-tout-sur-les-mythes-et-realites-dune-hypotheque-inversee\/\" class=\"more-link\">Continue reading <span class=\"screen-reader-text\">Saveurs de la semaine : apprenez tout sur les mythes et r\u00e9alit\u00e9s d\u2019une hypoth\u00e8que invers\u00e9e.<\/span><\/a><\/p>\n","protected":false},"author":24,"featured_media":33845,"comment_status":"open","ping_status":"open","sticky":false,"template":"","format":"standard","meta":{"footnotes":""},"categories":[2372],"tags":[],"coauthors":[2157],"class_list":["post-33843","post","type-post","status-publish","format-standard","has-post-thumbnail","hentry","category-divers"],"aioseo_notices":[],"_links":{"self":[{"href":"https:\/\/archive.cafe.crea.ca\/fr\/wp-json\/wp\/v2\/posts\/33843"}],"collection":[{"href":"https:\/\/archive.cafe.crea.ca\/fr\/wp-json\/wp\/v2\/posts"}],"about":[{"href":"https:\/\/archive.cafe.crea.ca\/fr\/wp-json\/wp\/v2\/types\/post"}],"author":[{"embeddable":true,"href":"https:\/\/archive.cafe.crea.ca\/fr\/wp-json\/wp\/v2\/users\/24"}],"replies":[{"embeddable":true,"href":"https:\/\/archive.cafe.crea.ca\/fr\/wp-json\/wp\/v2\/comments?post=33843"}],"version-history":[{"count":2,"href":"https:\/\/archive.cafe.crea.ca\/fr\/wp-json\/wp\/v2\/posts\/33843\/revisions"}],"predecessor-version":[{"id":33850,"href":"https:\/\/archive.cafe.crea.ca\/fr\/wp-json\/wp\/v2\/posts\/33843\/revisions\/33850"}],"wp:featuredmedia":[{"embeddable":true,"href":"https:\/\/archive.cafe.crea.ca\/fr\/wp-json\/wp\/v2\/media\/33845"}],"wp:attachment":[{"href":"https:\/\/archive.cafe.crea.ca\/fr\/wp-json\/wp\/v2\/media?parent=33843"}],"wp:term":[{"taxonomy":"category","embeddable":true,"href":"https:\/\/archive.cafe.crea.ca\/fr\/wp-json\/wp\/v2\/categories?post=33843"},{"taxonomy":"post_tag","embeddable":true,"href":"https:\/\/archive.cafe.crea.ca\/fr\/wp-json\/wp\/v2\/tags?post=33843"},{"taxonomy":"author","embeddable":true,"href":"https:\/\/archive.cafe.crea.ca\/fr\/wp-json\/wp\/v2\/coauthors?post=33843"}],"curies":[{"name":"wp","href":"https:\/\/api.w.org\/{rel}","templated":true}]}}