{"id":33816,"date":"2020-01-28T10:17:24","date_gmt":"2020-01-28T15:17:24","guid":{"rendered":"https:\/\/archive.cafe.crea.ca\/?p=33816"},"modified":"2020-02-14T15:57:31","modified_gmt":"2020-02-14T20:57:31","slug":"comment-preparer-la-propriete-dun-client-avant-de-linscrire","status":"publish","type":"post","link":"https:\/\/archive.cafe.crea.ca\/fr\/comment-preparer-la-propriete-dun-client-avant-de-linscrire\/","title":{"rendered":"Comment pr\u00e9parer la propri\u00e9t\u00e9 d\u2019un client avant de l\u2019inscrire"},"content":{"rendered":"\n<p>Les experts de l\u2019immobilier savent tr\u00e8s bien qu\u2019il est important de\npr\u00e9parer la propri\u00e9t\u00e9 d\u2019un client avant de pouvoir la vendre et que cela\nrequiert de la pr\u00e9paration. Pendant cette premi\u00e8re \u00e9tape, les clients sont\nsouvent pr\u00e9occup\u00e9s par le prix qu\u2019ils devraient demander pour leur propri\u00e9t\u00e9 et\npar la date \u00e0 laquelle ils devraient pr\u00e9voir de d\u00e9m\u00e9nager.<\/p>\n\n\n\n<p><strong>Partir du bon pied<\/strong><\/p>\n\n\n\n<p>Le prix et l\u2019\u00e9ch\u00e9ancier pourront \u00eatre d\u00e9termin\u00e9s une fois que vous aurez\n\u00e9valu\u00e9 minutieusement l\u2019\u00e9tat de la propri\u00e9t\u00e9 de votre client. Pourquoi? Parce\nque vous n\u2019avez qu\u2019une seule chance de faire bonne impression. Que ce soit en\npubliant des photos en ligne ou en organisant une visite de la propri\u00e9t\u00e9, la\npremi\u00e8re impression compte pour beaucoup.<\/p>\n\n\n\n<p>Une fa\u00e7on de produire une impression positive est de mettre intentionnellement en valeur les caract\u00e9ristiques de la propri\u00e9t\u00e9. Comme plusieurs facteurs influencent la vente d\u2019une propri\u00e9t\u00e9, toutes les caract\u00e9ristiques devraient \u00eatre \u00e9valu\u00e9es. Cela comprend notamment l\u2019<a rel=\"noreferrer noopener\" aria-label=\" (opens in a new tab)\" href=\"https:\/\/www.realtor.ca\/blog\/postpage\/9723\/1363\/curb-appeal-on-a-budget-landscaping-made-easy\" target=\"_blank\">attrait ext\u00e9rieur<\/a>, l\u2019<a rel=\"noreferrer noopener\" aria-label=\" (opens in a new tab)\" href=\"https:\/\/www.realtor.ca\/blog\/postpage\/9646\/1366\/find-your-light-designing-lighting-schemes-part-1-the-bedroom\" target=\"_blank\">\u00e9clairage<\/a>, la <a rel=\"noreferrer noopener\" aria-label=\" (opens in a new tab)\" href=\"https:\/\/www.realtor.ca\/blog\/postpage\/10329\/1366\/looking-ahead-at-2020-design-visions\" target=\"_blank\">palette de couleurs<\/a>, l\u2019<a rel=\"noreferrer noopener\" aria-label=\" (opens in a new tab)\" href=\"https:\/\/www.realtor.ca\/blog\/postpage\/10270\/1362\/staging-techniques-to-attract-better-buyers\" target=\"_blank\">utilisation de l\u2019espace<\/a> et m\u00eame l\u2019<a href=\"https:\/\/www.realtor.ca\/blog\/postpage\/10475\/1367\/8-eco-friendly-and-natural-tips-to-make-your-home-smell-fantastic\" target=\"_blank\" rel=\"noreferrer noopener\" aria-label=\" (opens in a new tab)\">odeur de la propri\u00e9t\u00e9<\/a>. La plupart du temps, les gens jugent une propri\u00e9t\u00e9 par son apparence, sans jamais y mettre les pieds. Si l\u2019ext\u00e9rieur ne pla\u00eet pas \u00e0 votre client, il pourrait ne pas \u00eatre int\u00e9ress\u00e9 par la propri\u00e9t\u00e9 et passer \u00e0 la suivante.<\/p>\n\n\n\n<p>Pr\u00e9parer la propri\u00e9t\u00e9 d\u2019un client avant de la mettre sur le march\u00e9 a\npour principal objectif de permettre aux acheteurs potentiels de s\u2019imaginer\nvivre dans la propri\u00e9t\u00e9. Une propri\u00e9t\u00e9 qui se d\u00e9marque des autres au moment de\nl\u2019inscription attirera un plus grand nombre d\u2019acheteurs potentiels possible et,\nultimement, le bon acheteur pour cette propri\u00e9t\u00e9.<\/p>\n\n\n\n<p><strong>Mise en valeur<\/strong><\/p>\n\n\n\n<p>D\u00e9sencombrer, d\u00e9personnaliser, r\u00e9parer, peindre, nettoyer, optimiser l\u2019espace et cr\u00e9er une ambiance plaisante sont des pr\u00e9paratifs qui peuvent aider \u00e0 susciter plusieurs offres, ce qui est l\u2019effet d\u00e9sir\u00e9. \u00c0 cette \u00e9tape du processus, l\u2019<a href=\"https:\/\/archive.cafe.crea.ca\/home-staging-can-help-sell-houses\/\" target=\"_blank\" rel=\"noreferrer noopener\" aria-label=\" (opens in a new tab)\">aide d\u2019un d\u00e9corateur professionnel pourrait \u00eatre profitable<\/a>.<\/p>\n\n\n\n<p class=\"has-text-color has-background has-very-light-gray-color has-vivid-red-background-color\">\u00ab&nbsp;La mise en valeur d\u2019une propri\u00e9t\u00e9 permet non seulement de pr\u00e9senter l\u2019architecture d\u2019une propri\u00e9t\u00e9 et de montrer aux acheteurs potentiels comment l\u2019espace peut \u00eatre meubl\u00e9, mais elle pourrait aussi r\u00e9duire le d\u00e9lai de vente.&nbsp;\u00bb \u2013 Irene&nbsp;Bilinski, courti\u00e8re immobili\u00e8re membre de l\u2019ACI<\/p>\n\n\n\n<p><strong>Photographie<\/strong><\/p>\n\n\n\n<p>Une fois que la propri\u00e9t\u00e9 de votre client a \u00e9t\u00e9 mise en valeur et qu\u2019elle est pr\u00eate \u00e0 \u00eatre inscrite, l\u2019\u00e9tape finale consiste \u00e0 <a href=\"https:\/\/archive.cafe.crea.ca\/how-great-photography-can-make-your-listings-pop\/\" target=\"_blank\" rel=\"noreferrer noopener\" aria-label=\" (opens in a new tab)\">retenir les services d\u2019un photographe professionnel<\/a>. Choisir un photographe qui ma\u00eetrise les \u00e9clairages, les angles et les ombres aidera \u00e0 g\u00e9n\u00e9rer un engouement pour la propri\u00e9t\u00e9. Selon mon exp\u00e9rience, les propri\u00e9t\u00e9s qui sont bien pr\u00e9sent\u00e9es et entretenues se vendent plus rapidement et plus cher.<\/p>\n\n\n\n<p class=\"has-text-color has-background has-very-light-gray-color has-vivid-red-background-color\">\u00ab&nbsp;La photo d\u2019architecture consiste \u00e0 vendre une impression, tandis\nque la photographie immobili\u00e8re sert \u00e0 vendre un espace. Un bon photographe\nimmobilier peut combiner ces deux&nbsp;\u00e9l\u00e9ments, proc\u00e9der rapidement et\nminimiser les co\u00fbts.&nbsp;\u00bb \u2013 Allan&nbsp;Hall, un photographe de Regina<\/p>\n\n\n\n<p>Pr\u00e9sentez une propri\u00e9t\u00e9 \u00e0 son meilleur d\u00e8s le d\u00e9part, et votre client\nr\u00e9coltera les fruits de ces efforts et il n\u2019oubliera jamais l\u2019expert de l\u2019immobilier\nqui l\u2019aura aid\u00e9 \u00e0 obtenir ce r\u00e9sultat!<\/p>\n\n\n\n<p>Et vous, avez-vous des conseils pour pr\u00e9parer une nouvelle inscription? Faites-nous-en part \u00e0 la\nsection Commentaires, ci-dessous.<\/p>\n","protected":false},"excerpt":{"rendered":"<p>Les experts de l\u2019immobilier savent tr\u00e8s bien qu\u2019il est important de pr\u00e9parer la propri\u00e9t\u00e9 d\u2019un client avant de pouvoir la vendre et que cela requiert de la pr\u00e9paration. Pendant cette premi\u00e8re \u00e9tape, les clients sont souvent pr\u00e9occup\u00e9s par le prix qu\u2019ils devraient demander pour leur propri\u00e9t\u00e9 et par la date \u00e0 laquelle ils devraient pr\u00e9voir &hellip; <a href=\"https:\/\/archive.cafe.crea.ca\/fr\/comment-preparer-la-propriete-dun-client-avant-de-linscrire\/\" class=\"more-link\">Continue reading <span class=\"screen-reader-text\">Comment pr\u00e9parer la propri\u00e9t\u00e9 d\u2019un client avant de l\u2019inscrire<\/span><\/a><\/p>\n","protected":false},"author":145,"featured_media":33812,"comment_status":"open","ping_status":"open","sticky":false,"template":"","format":"standard","meta":{"footnotes":""},"categories":[2372],"tags":[2379,2380,2377],"coauthors":[2408],"class_list":["post-33816","post","type-post","status-publish","format-standard","has-post-thumbnail","hentry","category-divers","tag-featured-fr","tag-featured-fr-2","tag-sidebar-fr"],"aioseo_notices":[],"_links":{"self":[{"href":"https:\/\/archive.cafe.crea.ca\/fr\/wp-json\/wp\/v2\/posts\/33816"}],"collection":[{"href":"https:\/\/archive.cafe.crea.ca\/fr\/wp-json\/wp\/v2\/posts"}],"about":[{"href":"https:\/\/archive.cafe.crea.ca\/fr\/wp-json\/wp\/v2\/types\/post"}],"author":[{"embeddable":true,"href":"https:\/\/archive.cafe.crea.ca\/fr\/wp-json\/wp\/v2\/users\/145"}],"replies":[{"embeddable":true,"href":"https:\/\/archive.cafe.crea.ca\/fr\/wp-json\/wp\/v2\/comments?post=33816"}],"version-history":[{"count":2,"href":"https:\/\/archive.cafe.crea.ca\/fr\/wp-json\/wp\/v2\/posts\/33816\/revisions"}],"predecessor-version":[{"id":33965,"href":"https:\/\/archive.cafe.crea.ca\/fr\/wp-json\/wp\/v2\/posts\/33816\/revisions\/33965"}],"wp:featuredmedia":[{"embeddable":true,"href":"https:\/\/archive.cafe.crea.ca\/fr\/wp-json\/wp\/v2\/media\/33812"}],"wp:attachment":[{"href":"https:\/\/archive.cafe.crea.ca\/fr\/wp-json\/wp\/v2\/media?parent=33816"}],"wp:term":[{"taxonomy":"category","embeddable":true,"href":"https:\/\/archive.cafe.crea.ca\/fr\/wp-json\/wp\/v2\/categories?post=33816"},{"taxonomy":"post_tag","embeddable":true,"href":"https:\/\/archive.cafe.crea.ca\/fr\/wp-json\/wp\/v2\/tags?post=33816"},{"taxonomy":"author","embeddable":true,"href":"https:\/\/archive.cafe.crea.ca\/fr\/wp-json\/wp\/v2\/coauthors?post=33816"}],"curies":[{"name":"wp","href":"https:\/\/api.w.org\/{rel}","templated":true}]}}