{"id":33800,"date":"2020-01-24T14:31:09","date_gmt":"2020-01-24T19:31:09","guid":{"rendered":"https:\/\/archive.cafe.crea.ca\/?p=33800"},"modified":"2020-01-24T14:46:44","modified_gmt":"2020-01-24T19:46:44","slug":"saveurs-de-la-semaine-decouvrez-comment-mieux-vous-proteger-des-dommages-associes-a-lhiver","status":"publish","type":"post","link":"https:\/\/archive.cafe.crea.ca\/fr\/saveurs-de-la-semaine-decouvrez-comment-mieux-vous-proteger-des-dommages-associes-a-lhiver\/","title":{"rendered":"Saveurs de la semaine : d\u00e9couvrez comment mieux vous prot\u00e9ger des dommages associ\u00e9s \u00e0 l\u2019hiver"},"content":{"rendered":"\n<p><em>Les Saveurs de la semaine sont votre source hebdomadaire de nouvelles et de reportages sur l\u2019immobilier qui auraient pu vous \u00e9chapper. Notre \u00e9quipe des Saveurs de la semaine se d\u00e9voue \u00e0 parcourir le Web pour trouver des reportages myst\u00e9rieux, bizarres, int\u00e9ressants et informatifs sur l\u2019immobilier ou des sujets connexes. En avez-vous d\u00e9nich\u00e9 un? Que diriez-vous de le mentionner dans notre section de commentaires ou de le faire conna\u00eetre sur Twitter en utilisant le mot-clic #SaveursDeLaSemaine? Servez-vous une bonne tasse de caf\u00e9 frais et savourez ces reportages. Vous pourriez m\u00eame en faire part \u00e0 vos amis et coll\u00e8gues\u2026 Bonne lecture!<\/em> <\/p>\n\n\n\n<p>Les conseils de la semaine&nbsp;: des <a rel=\"noreferrer noopener\" aria-label=\" (opens in a new tab)\" href=\"https:\/\/www.journaldequebec.com\/2020\/01\/18\/precisions-au-sujet-de-votre-assurance-habitation\" target=\"_blank\">pr\u00e9cisions au sujet de votre assurance habitation<\/a>; la <a rel=\"noreferrer noopener\" aria-label=\" (opens in a new tab)\" href=\"https:\/\/www.journaldequebec.com\/2020\/01\/18\/10-mythes-de-limmobilier-a-deboulonner-deuxieme-partie\" target=\"_blank\">deuxi\u00e8me partie des 10&nbsp;mythes de l\u2019immobilier \u00e0 d\u00e9boulonner<\/a>; <a rel=\"noreferrer noopener\" aria-label=\" (opens in a new tab)\" href=\"https:\/\/www.journaldemontreal.com\/2020\/01\/20\/dois-je-vendre-ma-maison-au-rabais-si-elle-ne-se-vend-pas\" target=\"_blank\">devrait-on baisser le prix de sa propri\u00e9t\u00e9 si elle ne se vend pas<\/a>; <a rel=\"noreferrer noopener\" aria-label=\" (opens in a new tab)\" href=\"https:\/\/www.journaldemontreal.com\/2020\/01\/20\/14-nouveautes--du-ikea-a-acheter-des-fevrier\" target=\"_blank\">14&nbsp;nouveaut\u00e9s de IKEA \u00e0 acheter d\u00e8s f\u00e9vrier<\/a>; les <a rel=\"noreferrer noopener\" aria-label=\" (opens in a new tab)\" href=\"https:\/\/www.journaldemontreal.com\/2020\/01\/11\/dommages-associes-a-lhiver-une-protection-adaptee-et-de-la-prevention\" target=\"_blank\">dommages associ\u00e9s \u00e0 l\u2019hiver&nbsp;: une protection adapt\u00e9e et de la pr\u00e9vention<\/a>; une <a rel=\"noreferrer noopener\" aria-label=\" (opens in a new tab)\" href=\"https:\/\/www.lesoleil.com\/maison\/deco-feline--bienvenue-dans-la-jungle-0fe6081d5af235748751a8be6bddae16\" target=\"_blank\">d\u00e9coration aux motifs f\u00e9lins<\/a>; un <a rel=\"noreferrer noopener\" aria-label=\" (opens in a new tab)\" href=\"https:\/\/www.lapresse.ca\/maison\/decoration\/202001\/17\/01-5257272-une-deco-pour-mieux-traverser-lhiver.php\" target=\"_blank\">d\u00e9cor pour mieux traverser l\u2019hiver<\/a>; <a rel=\"noreferrer noopener\" aria-label=\" (opens in a new tab)\" href=\"https:\/\/www.lapresse.ca\/maison\/cour-et-jardin\/202001\/17\/01-5257274-sauver-les-arbres-urbains-un-a-la-fois.php\" target=\"_blank\">sauver les arbres urbains, un \u00e0 la fois<\/a>; <a rel=\"noreferrer noopener\" aria-label=\" (opens in a new tab)\" href=\"https:\/\/www.lapresse.ca\/maison\/cour-et-jardin\/202001\/17\/01-5257181-plantes-des-fetes-faire-durer-le-plaisir.php\" target=\"_blank\">faire durer le plaisir des plantes des F\u00eates<\/a>; des <a rel=\"noreferrer noopener\" aria-label=\" (opens in a new tab)\" href=\"https:\/\/www.lapresse.ca\/maison\/immobilier\/202001\/16\/01-5257052-petites-renos-pour-augmenter-la-valeur-de-votre-maison.php\" target=\"_blank\">petites r\u00e9novations pour augmenter la valeur de votre maison<\/a>; <a rel=\"noreferrer noopener\" aria-label=\" (opens in a new tab)\" href=\"https:\/\/www.lapresse.ca\/maison\/immobilier\/202001\/15\/01-5256927-cinq-choses-a-savoir-avant-de-louer-votre-maison.php\" target=\"_blank\">cinq&nbsp;choses \u00e0 savoir avant de louer votre maison<\/a>; <a rel=\"noreferrer noopener\" aria-label=\" (opens in a new tab)\" href=\"https:\/\/www.lapresse.ca\/maison\/decoration\/202001\/10\/01-5256351-oser-les-carreaux-etonnants.php\" target=\"_blank\">oser les carreaux \u00e9tonnants<\/a>; <a rel=\"noreferrer noopener\" aria-label=\" (opens in a new tab)\" href=\"https:\/\/www.lapresse.ca\/maison\/immobilier\/202001\/17\/01-5257198-habiter-un-lieu-de-culte.php\" target=\"_blank\">habiter un lieu de culte<\/a> et <a href=\"https:\/\/www.lapresse.ca\/maison\/decoration\/202001\/22\/01-5257849-malgre-vos-bonnes-intentions-vous-pourriez-ruiner-vos-meubles.php\" target=\"_blank\" rel=\"noreferrer noopener\" aria-label=\" (opens in a new tab)\">malgr\u00e9 vos bonnes intentions, vous pourriez ruiner vos meubles<\/a>.<\/p>\n\n\n\n<p><em>La Presse<\/em> traite du <a href=\"https:\/\/www.lapresse.ca\/maison\/immobilier\/202001\/17\/01-5257195-service-daide-pour-acheteurs-de-residences-neuves.php\" target=\"_blank\" rel=\"noreferrer noopener\" aria-label=\" (opens in a new tab)\">nouveau service d\u2019aide pour les acheteurs d\u2019une r\u00e9sidence neuve<\/a>.<\/p>\n\n\n\n<p><em>Le Journal de Qu\u00e9bec<\/em> nous informe sur le <a href=\"https:\/\/www.journaldequebec.com\/2020\/01\/11\/metier-de-limmobilier-urbaniste-le-specialiste-de-lamenagement-du-territoire\" target=\"_blank\" rel=\"noreferrer noopener\" aria-label=\" (opens in a new tab)\">m\u00e9tier d\u2019urbaniste&nbsp;: le sp\u00e9cialiste de l\u2019am\u00e9nagement du territoire<\/a>.<\/p>\n\n\n\n<p><em>ICI Colombie-Britannique-Yukon<\/em> rapporte que <a href=\"https:\/\/ici.radio-canada.ca\/nouvelle\/1467533\/agents-immobiliers-blanchiment-argent-marche-noir-vancouver-condos\" target=\"_blank\" rel=\"noreferrer noopener\" aria-label=\" (opens in a new tab)\">les agents immobiliers de la province devront suivre un cours sur le blanchiment d\u2019argent en C.-B<\/a>.<\/p>\n\n\n\n<p><em>Le Journal de Qu\u00e9bec<\/em> relate qu\u2019\u00e0 Paris, <a href=\"https:\/\/www.journaldequebec.com\/2020\/01\/23\/paris-un-hotel-particulier-vendu-plus-de-35-millions-deuros-aux-encheres\" target=\"_blank\" rel=\"noreferrer noopener\" aria-label=\" (opens in a new tab)\">un h\u00f4tel particulier a \u00e9t\u00e9 vendu pour plus de 35&nbsp;millions d\u2019euros aux ench\u00e8res<\/a>.<\/p>\n\n\n\n<p>Sordide! <em>Le Progr\u00e8s<\/em> r\u00e9v\u00e8le qu\u2019en <a href=\"https:\/\/www.leprogres.fr\/france-monde\/2020\/01\/18\/pour-acquerir-un-bien-immobilier-ils-se-mariaient-avec-des-morts\" target=\"_blank\" rel=\"noreferrer noopener\" aria-label=\" (opens in a new tab)\">Bulgarie, un r\u00e9seau d\u2019arnaqueurs se \u00ab&nbsp;mariaient&nbsp;\u00bb avec des morts dans le but d\u2019acqu\u00e9rir leurs biens immobiliers<\/a>.<\/p>\n\n\n\n<p><em>IDEAT<\/em> propose <a href=\"https:\/\/ideat.thegoodhub.com\/2020\/01\/21\/maison-objet-10-produits-insolites-originaux\/\" target=\"_blank\" rel=\"noreferrer noopener\" aria-label=\" (opens in a new tab)\">10&nbsp;produits insolites et originaux rep\u00e9r\u00e9s par la r\u00e9daction<\/a> du blogue.<\/p>\n\n\n\n<p><em>My Sweet\u2019Immo<\/em> indique qu\u2019en <a rel=\"noreferrer noopener\" aria-label=\" (opens in a new tab)\" href=\"https:\/\/www.mysweetimmo.com\/2020\/01\/23\/immobilier-de-prestige-paris-se-classe-en-tete-devant-new-york-tokyo-los-angeles-et-hong-kong\/\" target=\"_blank\">immobilier de prestige, Paris se classe en t\u00eate devant New&nbsp;York, Tokyo, Los&nbsp;Angeles et Hong&nbsp;Kong<\/a> et conseille <a href=\"https:\/\/www.mysweetimmo.com\/2020\/01\/23\/retraites-futurs-retraites-pourquoi-il-faut-investir-dans-limmobilier\/\" target=\"_blank\" rel=\"noreferrer noopener\" aria-label=\" (opens in a new tab)\">aux retrait\u00e9s et aux futurs retrait\u00e9s d\u2019investir dans l\u2019immobilier<\/a>.<\/p>\n\n\n\n<p><em>La Vie Immo<\/em> raconte la triste histoire des <a rel=\"noreferrer noopener\" aria-label=\" (opens in a new tab)\" href=\"https:\/\/www.lavieimmo.com\/construction\/au-village-de-miquelon-les-habitants-craignent-de-finir-sous-les-eaux-47716.html\" target=\"_blank\">habitants de Miquelon, qui craignent de finir sous les eaux<\/a>; note que <a rel=\"noreferrer noopener\" aria-label=\" (opens in a new tab)\" href=\"https:\/\/www.lavieimmo.com\/placement-immobilier\/le-crowdfunding-immobilier-se-democratise-et-a-battu-tous-ses-records-en-2019-47680.html\" target=\"_blank\">le crowdfunding immobilier s\u2019est d\u00e9mocratis\u00e9 et a battu des records en 2019<\/a> et se demande si <a href=\"https:\/\/www.lavieimmo.com\/immobilier-international\/l-american-dream-ce-centre-commercial-pharaonique-pres-de-new-york-va-t-il-tenir-ses-promesses-47598.html\" target=\"_blank\" rel=\"noreferrer noopener\" aria-label=\" (opens in a new tab)\">l\u2019American Dream, ce centre commercial pharaonique pr\u00e8s de New&nbsp;York, tiendra ses promesses<\/a>.<\/p>\n\n\n\n<p>Et pour conclure, voici l\u2019\u00e9tonnant r\u00e9cit <a rel=\"noreferrer noopener\" aria-label=\" (opens in a new tab)\" href=\"https:\/\/www.lavieimmo.com\/insolite\/une-proprietaire-decouvre-que-son-logement-loue-sur-airbnb-a-servi-pour-le-tournage-d-un-film-porno-47652.html\" target=\"_blank\">d\u2019une propri\u00e9taire qui a d\u00e9couvert que son logement lou\u00e9 sur Airbnb a servi pour le tournage d\u2019un film pour adulte<\/a>s. <\/p>\n\n\n\n<p>\u00c0 la semaine prochaine! <\/p>\n","protected":false},"excerpt":{"rendered":"<p>Les Saveurs de la semaine sont votre source hebdomadaire de nouvelles et de reportages sur l\u2019immobilier qui auraient pu vous \u00e9chapper. Notre \u00e9quipe des Saveurs de la semaine se d\u00e9voue \u00e0 parcourir le Web pour trouver des reportages myst\u00e9rieux, bizarres, int\u00e9ressants et informatifs sur l\u2019immobilier ou des sujets connexes. En avez-vous d\u00e9nich\u00e9 un? Que diriez-vous &hellip; <a href=\"https:\/\/archive.cafe.crea.ca\/fr\/saveurs-de-la-semaine-decouvrez-comment-mieux-vous-proteger-des-dommages-associes-a-lhiver\/\" class=\"more-link\">Continue reading <span class=\"screen-reader-text\">Saveurs de la semaine : d\u00e9couvrez comment mieux vous prot\u00e9ger des dommages associ\u00e9s \u00e0 l\u2019hiver<\/span><\/a><\/p>\n","protected":false},"author":24,"featured_media":33799,"comment_status":"open","ping_status":"open","sticky":false,"template":"","format":"standard","meta":{"footnotes":""},"categories":[2372],"tags":[],"coauthors":[2157],"class_list":["post-33800","post","type-post","status-publish","format-standard","has-post-thumbnail","hentry","category-divers"],"aioseo_notices":[],"_links":{"self":[{"href":"https:\/\/archive.cafe.crea.ca\/fr\/wp-json\/wp\/v2\/posts\/33800"}],"collection":[{"href":"https:\/\/archive.cafe.crea.ca\/fr\/wp-json\/wp\/v2\/posts"}],"about":[{"href":"https:\/\/archive.cafe.crea.ca\/fr\/wp-json\/wp\/v2\/types\/post"}],"author":[{"embeddable":true,"href":"https:\/\/archive.cafe.crea.ca\/fr\/wp-json\/wp\/v2\/users\/24"}],"replies":[{"embeddable":true,"href":"https:\/\/archive.cafe.crea.ca\/fr\/wp-json\/wp\/v2\/comments?post=33800"}],"version-history":[{"count":4,"href":"https:\/\/archive.cafe.crea.ca\/fr\/wp-json\/wp\/v2\/posts\/33800\/revisions"}],"predecessor-version":[{"id":33809,"href":"https:\/\/archive.cafe.crea.ca\/fr\/wp-json\/wp\/v2\/posts\/33800\/revisions\/33809"}],"wp:featuredmedia":[{"embeddable":true,"href":"https:\/\/archive.cafe.crea.ca\/fr\/wp-json\/wp\/v2\/media\/33799"}],"wp:attachment":[{"href":"https:\/\/archive.cafe.crea.ca\/fr\/wp-json\/wp\/v2\/media?parent=33800"}],"wp:term":[{"taxonomy":"category","embeddable":true,"href":"https:\/\/archive.cafe.crea.ca\/fr\/wp-json\/wp\/v2\/categories?post=33800"},{"taxonomy":"post_tag","embeddable":true,"href":"https:\/\/archive.cafe.crea.ca\/fr\/wp-json\/wp\/v2\/tags?post=33800"},{"taxonomy":"author","embeddable":true,"href":"https:\/\/archive.cafe.crea.ca\/fr\/wp-json\/wp\/v2\/coauthors?post=33800"}],"curies":[{"name":"wp","href":"https:\/\/api.w.org\/{rel}","templated":true}]}}