{"id":33779,"date":"2020-01-17T13:48:52","date_gmt":"2020-01-17T18:48:52","guid":{"rendered":"https:\/\/archive.cafe.crea.ca\/?p=33779"},"modified":"2020-01-17T13:48:54","modified_gmt":"2020-01-17T18:48:54","slug":"saveurs-de-la-semaine-le-phenomene-des-communautes-reservees-aux-50-ans-et-plus","status":"publish","type":"post","link":"https:\/\/archive.cafe.crea.ca\/fr\/saveurs-de-la-semaine-le-phenomene-des-communautes-reservees-aux-50-ans-et-plus\/","title":{"rendered":"Saveurs de la semaine : le ph\u00e9nom\u00e8ne des communaut\u00e9s r\u00e9serv\u00e9es aux 50 ans et plus"},"content":{"rendered":"\n<p><em>Les Saveurs de la semaine sont votre source hebdomadaire de nouvelles et de reportages sur l\u2019immobilier qui auraient pu vous \u00e9chapper. Notre \u00e9quipe des Saveurs de la semaine se d\u00e9voue \u00e0 parcourir le Web pour trouver des reportages myst\u00e9rieux, bizarres, int\u00e9ressants et informatifs sur l\u2019immobilier ou des sujets connexes. En avez-vous d\u00e9nich\u00e9 un? Que diriez-vous de le mentionner dans notre section de commentaires ou de le faire conna\u00eetre sur Twitter en utilisant le mot-clic&nbsp;#SaveursDeLaSemaine? Servez-vous une bonne tasse de caf\u00e9 frais et savourez ces reportages. Vous pourriez m\u00eame en faire part \u00e0 vos amis et coll\u00e8gues\u2026 Bonne lecture!<\/em><\/p>\n\n\n\n<p>Les conseils de la semaine&nbsp;: <a rel=\"noreferrer noopener\" aria-label=\" (opens in a new tab)\" href=\"https:\/\/www.journaldemontreal.com\/2020\/01\/11\/5-mythes-de-limmobilier-a-deboulonner\" target=\"_blank\">cinq&nbsp;mythes de l\u2019immobilier \u00e0 d\u00e9boulonner<\/a>; un <a rel=\"noreferrer noopener\" aria-label=\" (opens in a new tab)\" href=\"https:\/\/www.lapresse.ca\/maison\/decoration\/202001\/03\/01-5255631-retour-sur-les-tendances-couleur-des-15-dernieres-annees.php\" target=\"_blank\">retour sur les tendances couleur des 15&nbsp;derni\u00e8res ann\u00e9es<\/a>; <a rel=\"noreferrer noopener\" aria-label=\" (opens in a new tab)\" href=\"https:\/\/www.lapresse.ca\/maison\/decoration\/202001\/06\/01-5255801-comment-inviter-le-bleu-pantone-chez-soi.php\" target=\"_blank\">comment inviter le bleu Pantone chez soi<\/a>; le <a href=\"https:\/\/www.lapresse.ca\/maison\/decoration\/202001\/13\/01-5256593-chic-compost-.php\">compostage chic<\/a>; comment <a rel=\"noreferrer noopener\" aria-label=\" (opens in a new tab)\" href=\"https:\/\/www.lesoleil.com\/maison\/cocon-creatif-repartir-a-zero-et-tout-reinventer-56bcbd7c1d0eb1bdb1442828d09d8bab\" target=\"_blank\">repartir \u00e0 z\u00e9ro et tout r\u00e9inventer<\/a>; <a rel=\"noreferrer noopener\" aria-label=\" (opens in a new tab)\" href=\"https:\/\/www.journaldemontreal.com\/2020\/01\/13\/votre-cote-de-credit-influence-t-elle-votre-financement-hypothecaire\" target=\"_blank\">votre cote de cr\u00e9dit influence-t-elle votre financement hypoth\u00e9caire<\/a> et <a href=\"https:\/\/www.tvanouvelles.ca\/2020\/01\/12\/comment-faire-son-premier-million-avec-limmobilier\" target=\"_blank\" rel=\"noreferrer noopener\" aria-label=\" (opens in a new tab)\">comment faire son premier million avec l\u2019immobilier<\/a>.<\/p>\n\n\n\n<p>Daniel&nbsp;Germain du <em>Journal de Montr\u00e9al<\/em> se demande <a rel=\"noreferrer noopener\" aria-label=\" (opens in a new tab)\" href=\"https:\/\/www.journaldemontreal.com\/2020\/01\/10\/faut-il-craindre-une-explosion-des-frais-de-condominium\" target=\"_blank\">s\u2019il faut craindre une explosion des frais de condominium<\/a> et <a href=\"https:\/\/www.journaldemontreal.com\/2020\/01\/08\/a-quand-la-fin-des-frais-abusifs-pour-bris-dhypotheque\" target=\"_blank\" rel=\"noreferrer noopener\" aria-label=\" (opens in a new tab)\">si on verra la fin des frais abusifs pour bris d\u2019hypoth\u00e8que<\/a>.<\/p>\n\n\n\n<p><em>Le Devoir<\/em> parle <a rel=\"noreferrer noopener\" aria-label=\" (opens in a new tab)\" href=\"https:\/\/www.ledevoir.com\/societe\/570609\/mot-cle-des-ghettos-illegaux-pour-les-50-ans-et\" target=\"_blank\">des ghettos ill\u00e9gaux pour les 50&nbsp;ans et plus<\/a>, tandis que <a rel=\"noreferrer noopener\" aria-label=\" (opens in a new tab)\" href=\"https:\/\/www.lapresse.ca\/actualites\/202001\/15\/01-5256982-dans-mon-ghetto-de-vieux.php\" target=\"_blank\">Rima&nbsp;Elkouri de <\/a><em><a rel=\"noreferrer noopener\" aria-label=\" (opens in a new tab)\" href=\"https:\/\/www.lapresse.ca\/actualites\/202001\/15\/01-5256982-dans-mon-ghetto-de-vieux.php\" target=\"_blank\">La Presse<\/a><\/em><a rel=\"noreferrer noopener\" aria-label=\" (opens in a new tab)\" href=\"https:\/\/www.lapresse.ca\/actualites\/202001\/15\/01-5256982-dans-mon-ghetto-de-vieux.php\" target=\"_blank\"> \u00e9crit sur \u00ab&nbsp;les ghettos de vieux&nbsp;\u00bb<\/a>.<\/p>\n\n\n\n<p><em>Finance et Investissement<\/em> r\u00e9v\u00e8le que <a href=\"https:\/\/www.finance-investissement.com\/nouvelles\/actualites\/limmobilier-propulse-par-les-milleniaux-et-les-immigrants\/\" target=\"_blank\" rel=\"noreferrer noopener\" aria-label=\" (opens in a new tab)\">l\u2019immobilier est propuls\u00e9 par la g\u00e9n\u00e9ration Y et les immigrants<\/a>.<\/p>\n\n\n\n<p><em>Agence France-Presse<\/em> met en ligne un <a href=\"https:\/\/youtu.be\/1fcEJ2RXMYg\" target=\"_blank\" rel=\"noreferrer noopener\" aria-label=\" (opens in a new tab)\">topo sur le ph\u00e9nom\u00e8ne des microchambres dans le secteur de l\u2019h\u00f4tellerie europ\u00e9en<\/a>.<\/p>\n\n\n\n<p><em>Le Journal du Centre<\/em> traite d\u2019une <a href=\"https:\/\/www.lejdc.fr\/nevers-58000\/actualites\/une-annonce-pleine-d-humour-pour-vendre-une-maison-de-la-nievre-dans-un-coin-pas-encore-colonise-par-les-citadins_13723836\/\" target=\"_blank\" rel=\"noreferrer noopener\" aria-label=\" (opens in a new tab)\">annonce pleine d\u2019humour<\/a> qui tente d\u2019attirer un acheteur parisien, fatigu\u00e9 d\u2019y vivre.<\/p>\n\n\n\n<p><em>La Vie Immo<\/em> rapporte que <a rel=\"noreferrer noopener\" aria-label=\" (opens in a new tab)\" href=\"https:\/\/www.lavieimmo.com\/immobilier-international\/toutes-les-installations-construites-pour-les-jo-de-2016-de-rio-de-janeiro-devront-fermer-47632.html\" target=\"_blank\">toutes les installations construites pour les JO de 2016 de Rio&nbsp;de&nbsp;Janeiro devront fermer<\/a>, que <a rel=\"noreferrer noopener\" aria-label=\" (opens in a new tab)\" href=\"https:\/\/www.lavieimmo.com\/immobilier-international\/l-actrice-jennifer-lawrence-peine-a-vendre-son-penthouse-de-380-m2-a-new-york-47618.html\" target=\"_blank\">l\u2019actrice Jennifer&nbsp;Lawrence peine \u00e0 vendre son penthouse \u00e0 New&nbsp;York<\/a> et que le <a href=\"https:\/\/www.lavieimmo.com\/divers-immobilier\/le-montant-des-taxes-de-sejour-collectees-par-airbnb-en-france-a-double-en-un-an-47584.html\" target=\"_blank\" rel=\"noreferrer noopener\" aria-label=\" (opens in a new tab)\">montant des taxes de s\u00e9jour collect\u00e9es par Airbnb en France a doubl\u00e9 en un an<\/a>.<\/p>\n\n\n\n<p><em>My Sweet\u2019Immo<\/em> \u00e9crit sur le <a rel=\"noreferrer noopener\" aria-label=\" (opens in a new tab)\" href=\"https:\/\/www.mysweetimmo.com\/2020\/01\/03\/le-fabuleux-reveillon-dharry-et-meghan-dans-un-manoir-grand-luxe-au-canada\/\" target=\"_blank\">manoir de luxe au Canada o\u00f9 ont r\u00e9veillonn\u00e9 Harry et Meghan<\/a> ainsi que sur la <a href=\"https:\/\/www.mysweetimmo.com\/2020\/01\/08\/carlos-ghosn-ce-que-lon-sait-de-sa-collection-de-maisons-a-travers-le-monde\/\" target=\"_blank\" rel=\"noreferrer noopener\" aria-label=\" (opens in a new tab)\">collection de maisons \u00e0 travers le monde de l\u2019ex-patron de Nissan, Carlos&nbsp;Ghosn<\/a>.<\/p>\n\n\n\n<p>\u00c0 la\nsemaine prochaine!<\/p>\n","protected":false},"excerpt":{"rendered":"<p>Les Saveurs de la semaine sont votre source hebdomadaire de nouvelles et de reportages sur l\u2019immobilier qui auraient pu vous \u00e9chapper. Notre \u00e9quipe des Saveurs de la semaine se d\u00e9voue \u00e0 parcourir le Web pour trouver des reportages myst\u00e9rieux, bizarres, int\u00e9ressants et informatifs sur l\u2019immobilier ou des sujets connexes. En avez-vous d\u00e9nich\u00e9 un? Que diriez-vous &hellip; <a href=\"https:\/\/archive.cafe.crea.ca\/fr\/saveurs-de-la-semaine-le-phenomene-des-communautes-reservees-aux-50-ans-et-plus\/\" class=\"more-link\">Continue reading <span class=\"screen-reader-text\">Saveurs de la semaine : le ph\u00e9nom\u00e8ne des communaut\u00e9s r\u00e9serv\u00e9es aux 50 ans et plus<\/span><\/a><\/p>\n","protected":false},"author":24,"featured_media":33780,"comment_status":"open","ping_status":"open","sticky":false,"template":"","format":"standard","meta":{"footnotes":""},"categories":[2372],"tags":[],"coauthors":[2157],"class_list":["post-33779","post","type-post","status-publish","format-standard","has-post-thumbnail","hentry","category-divers"],"aioseo_notices":[],"_links":{"self":[{"href":"https:\/\/archive.cafe.crea.ca\/fr\/wp-json\/wp\/v2\/posts\/33779"}],"collection":[{"href":"https:\/\/archive.cafe.crea.ca\/fr\/wp-json\/wp\/v2\/posts"}],"about":[{"href":"https:\/\/archive.cafe.crea.ca\/fr\/wp-json\/wp\/v2\/types\/post"}],"author":[{"embeddable":true,"href":"https:\/\/archive.cafe.crea.ca\/fr\/wp-json\/wp\/v2\/users\/24"}],"replies":[{"embeddable":true,"href":"https:\/\/archive.cafe.crea.ca\/fr\/wp-json\/wp\/v2\/comments?post=33779"}],"version-history":[{"count":2,"href":"https:\/\/archive.cafe.crea.ca\/fr\/wp-json\/wp\/v2\/posts\/33779\/revisions"}],"predecessor-version":[{"id":33783,"href":"https:\/\/archive.cafe.crea.ca\/fr\/wp-json\/wp\/v2\/posts\/33779\/revisions\/33783"}],"wp:featuredmedia":[{"embeddable":true,"href":"https:\/\/archive.cafe.crea.ca\/fr\/wp-json\/wp\/v2\/media\/33780"}],"wp:attachment":[{"href":"https:\/\/archive.cafe.crea.ca\/fr\/wp-json\/wp\/v2\/media?parent=33779"}],"wp:term":[{"taxonomy":"category","embeddable":true,"href":"https:\/\/archive.cafe.crea.ca\/fr\/wp-json\/wp\/v2\/categories?post=33779"},{"taxonomy":"post_tag","embeddable":true,"href":"https:\/\/archive.cafe.crea.ca\/fr\/wp-json\/wp\/v2\/tags?post=33779"},{"taxonomy":"author","embeddable":true,"href":"https:\/\/archive.cafe.crea.ca\/fr\/wp-json\/wp\/v2\/coauthors?post=33779"}],"curies":[{"name":"wp","href":"https:\/\/api.w.org\/{rel}","templated":true}]}}