{"id":33580,"date":"2019-12-20T11:54:56","date_gmt":"2019-12-20T16:54:56","guid":{"rendered":"https:\/\/archive.cafe.crea.ca\/?p=33580"},"modified":"2020-01-30T08:29:16","modified_gmt":"2020-01-30T13:29:16","slug":"vous-cherchez-une-resolution-du-nouvel-an-presentez-votre-candidature-pour-sieger-a-lun-des-comites-de-laci","status":"publish","type":"post","link":"https:\/\/archive.cafe.crea.ca\/fr\/vous-cherchez-une-resolution-du-nouvel-an-presentez-votre-candidature-pour-sieger-a-lun-des-comites-de-laci\/","title":{"rendered":"Vous cherchez une r\u00e9solution du Nouvel An? Pr\u00e9sentez votre candidature pour si\u00e9ger \u00e0 l\u2019un des comit\u00e9s de l\u2019ACI"},"content":{"rendered":"\n<p>Le 1<sup>er&nbsp;<\/sup>janvier prochain marquera non\nseulement le d\u00e9but d\u2019une nouvelle ann\u00e9e, mais aussi d\u2019une nouvelle d\u00e9cennie!\nMes coll\u00e8gues du conseil d\u2019administration de l\u2019ACI et moi avons un d\u00e9fi pour\nnos membres en cette saison festive&nbsp;: s\u2019engager \u00e0 s\u2019impliquer davantage\ndans la communaut\u00e9 immobili\u00e8re en 2020. Ils peuvent le faire \u00e0 l\u2019\u00e9chelle\nlocale, provinciale ou nationale, ou mieux encore, \u00e0 tous ces niveaux! Il\nsuffit de saisir l\u2019une de ces occasions stimulantes, qui vous permettront de\ncro\u00eetre professionnellement tout en enrichissant ce secteur que vous aimez\ntant. Je vous le dis par exp\u00e9rience&nbsp;: vous ne le regretterez pas!<\/p>\n\n\n\n<p>L\u2019ACI sollicite les candidatures de membres qui souhaitent si\u00e9ger b\u00e9n\u00e9volement \u00e0 l\u2019un de ses 11 comit\u00e9s du conseil d\u2019administration et comit\u00e9s op\u00e9rationnels \u00e0 compter du printemps. Ces comit\u00e9s aiguillent le conseil d\u2019administration et le chef de la direction dans des domaines importants comme la gouvernance et les finances, les affaires f\u00e9d\u00e9rales ou encore la campagne publicitaire nationale.<\/p>\n\n\n\n<p>Notre conseil saisit bien l\u2019importance d\u2019enrichir nos\ncomit\u00e9s d\u2019une vari\u00e9t\u00e9 de points de vue et d\u2019exp\u00e9riences. Nous tenons \u00e0 ce que\nnos comit\u00e9s et notre conseil d\u2019administration refl\u00e8tent l\u2019incroyable diversit\u00e9\nde nos membres. Voil\u00e0 pourquoi nous sollicitons la participation des membres de\nl\u2019ACI de partout au pays.<\/p>\n\n\n\n<p>Si j\u2019ai piqu\u00e9 votre int\u00e9r\u00eat, poursuivez votre lecture\npour en savoir plus sur le processus de nomination des membres des comit\u00e9s et l\u2019engagement\nb\u00e9n\u00e9vole.<\/p>\n\n\n\n<p><strong>Pourquoi si\u00e9ger \u00e0 un comit\u00e9?<\/strong><\/p>\n\n\n\n<p>Les personnes qui si\u00e8gent \u00e0 un comit\u00e9 de l\u2019ACI mettent\n\u00e0 profit leurs points de vue, leur expertise et leur talent en contribuant, au\nnom de leurs coll\u00e8gues, au travail de notre association. Ils acqui\u00e8rent une\nexp\u00e9rience \u00e0 l\u2019\u00e9chelle nationale qui s\u2019av\u00e9rera pr\u00e9cieuse s\u2019ils d\u00e9cident\n\u00e9ventuellement d\u2019occuper un poste de direction. <\/p>\n\n\n\n<p>Et comme vous \u00eates courtier ou agent immobilier, vous\naimez s\u00fbrement tisser des liens. En si\u00e9geant \u00e0 l\u2019un de nos comit\u00e9s, vous vous\nferez des contacts et de vrais amis d\u2019un bout \u00e0 l\u2019autre du pays.<\/p>\n\n\n\n<p style=\"text-align:left\" class=\"has-text-color has-background has-medium-font-size has-very-light-gray-color has-vivid-red-background-color\"><strong>Comment pr\u00e9senter ma candidature \u00e0 un comit\u00e9 de l\u2019ACI?<\/strong><em><br><\/em><a rel=\"noreferrer noopener\" aria-label=\"Veuillez cliquer ici pour remplir le formulaire en ligne (opens in a new tab)\" href=\"https:\/\/crea-aci.ca1.qualtrics.com\/jfe\/form\/SV_djlWSRxid7WhD1P?Q_Language=FR\" target=\"_blank\"><em>Veuillez cliquer ici pour remplir le formulaire en ligne<\/em><\/a><em>; dites-nous pourquoi vous voulez si\u00e9ger au(x) comit\u00e9(s) de votre choix et en quoi vous y apporterez une contribution utile. Les candidatures doivent \u00eatre soumises d\u2019ici le 1<\/em><sup><em>er<\/em><\/sup><em> f\u00e9vrier 2020.<\/em><\/p>\n\n\n\n<p><strong>Dans quels comit\u00e9s y a-t-il des si\u00e8ges pour les\nmembres de l\u2019ACI?<\/strong><\/p>\n\n\n\n<p>Les membres de l\u2019ACI et les repr\u00e9sentants des employ\u00e9s\ndes chambres et associations de tout le Canada peuvent si\u00e9ger aux comit\u00e9s\nsuivants (mandats d\u2019un an)&nbsp;:<\/p>\n\n\n\n<ul class=\"wp-block-list\"><li>Comit\u00e9 des directeurs d\u2019association<\/li><li>Comit\u00e9 d\u2019audit<\/li><li>Comit\u00e9 des propri\u00e9taires\/gestionnaires d\u2019agence<\/li><li>Comit\u00e9 des affaires f\u00e9d\u00e9rales<\/li><li>Comit\u00e9 des finances<\/li><li>Comit\u00e9 international<\/li><li>Comit\u00e9 sur la gouvernance et le R\u00e8glement int\u00e9rieur<\/li><li>Comit\u00e9 de la campagne de publicit\u00e9 nationale<\/li><li>Comit\u00e9 REALTORS Care<sup>\u00ae<\/sup><\/li><li>Comit\u00e9 du Code REALTOR<sup>\u00ae<\/sup><\/li><li>Comit\u00e9 de la technologie<\/li><\/ul>\n\n\n\n<p>Pour en savoir plus sur les r\u00f4les et les responsabilit\u00e9s de ces comit\u00e9s, <a href=\"https:\/\/www.realtorlink.ca\/content\/dam\/realtorlink\/crea\/english\/Resources_Compliance\/Legal_Compliance_National_Standards\/Compliance_Resources\/GovernanceManual\/CREA%20Governance%20Manual%20Part%202%20-%20Practices%20January%202020.pdf#page=52\">cliquez ici pour lire leurs mandats<\/a>. (Remarque\u00a0: Vous devrez ouvrir une session dans le Lien IMMOBILIER<sup>MC<\/sup> pour acc\u00e9der \u00e0 ce document. Communiquez avec votre chambre immobili\u00e8re si vous avez besoin d\u2019aide en lien avec vos identifiants.)<\/p>\n\n\n\n<p><strong>\u00c0 combien de comit\u00e9s peut-on poser sa\ncandidature?<\/strong><\/p>\n\n\n\n<p>Vous pouvez poser votre candidature \u00e0 un maximum de deux&nbsp;comit\u00e9s\nrelevant du conseil d\u2019administration et \u00e0 un maximum de deux&nbsp;comit\u00e9s\nop\u00e9rationnels.<\/p>\n\n\n\n<p><strong>Quelle est la dur\u00e9e du mandat d\u2019un membre de\ncomit\u00e9?<\/strong><\/p>\n\n\n\n<p>La dur\u00e9e du mandat est habituellement d\u2019un an. Le\nmembre d\u2019un comit\u00e9 peut demander de reconduire son mandat.<\/p>\n\n\n\n<p><strong>Les r\u00e9unions des comit\u00e9s se font-elles par conf\u00e9rence\nt\u00e9l\u00e9phonique ou en personne? \u00c0 quelle fr\u00e9quence ont-elles lieu?<\/strong><\/p>\n\n\n\n<p>La plupart des r\u00e9unions de comit\u00e9s ont lieu en\npersonne au moins une fois l\u2019an, d\u2019ordinaire au si\u00e8ge social de l\u2019ACI \u00e0 Ottawa.\nEn plus des r\u00e9unions en personne, les pr\u00e9sidents des comit\u00e9s peuvent convoquer\ndes r\u00e9unions par conf\u00e9rence t\u00e9l\u00e9phonique ou vid\u00e9oconf\u00e9rence. Les membres des\ncomit\u00e9s se font rembourser leurs frais de d\u00e9placement pour assister aux\nr\u00e9unions, conform\u00e9ment aux politiques et pratiques de l\u2019ACI.<\/p>\n\n\n\n<p><strong>Quels sont les crit\u00e8res d\u2019admissibilit\u00e9 \u00e0 un\nsi\u00e8ge au sein des comit\u00e9s?<\/strong><\/p>\n\n\n\n<p>Pour bon nombre des si\u00e8ges, le seul crit\u00e8re est d\u2019\u00eatre membre en r\u00e8gle de l\u2019ACI. D\u2019autres postes sont ouverts aux membres du personnel des chambres et associations. Tous les membres nomm\u00e9s des comit\u00e9s doivent aussi suivre <a href=\"https:\/\/hub.realtorlink.ca\/learn\/course\/146\/Leadership100\" target=\"_blank\" rel=\"noreferrer noopener\" aria-label=\" (opens in a new tab)\">Leadership&nbsp;100<\/a>, un cours gratuit d\u2019une dur\u00e9e maximale de deux&nbsp;heures qui est offert en ligne en tout temps, avant d\u2019assister \u00e0 leur premi\u00e8re r\u00e9union.<\/p>\n\n\n\n<p><strong>Comment saurai-je si on a retenu ma candidature?<\/strong><\/p>\n\n\n\n<p>Une fois votre candidature soumise, vous recevrez un\naccus\u00e9 de r\u00e9ception par courriel. Quand les comit\u00e9s auront \u00e9t\u00e9 form\u00e9s en\nmai&nbsp;2020, nous informerons les personnes de l\u2019\u00e9tat de leur candidature.\nLes si\u00e8ges vacants \u00e9tant limit\u00e9s chaque ann\u00e9e, ne vous d\u00e9couragez pas si votre\ncandidature n\u2019a pas \u00e9t\u00e9 retenue&nbsp;: tentez de nouveau votre chance l\u2019an\nprochain.<\/p>\n\n\n\n<p><strong>D\u2019autres questions?<\/strong><\/p>\n\n\n\n<p>Si vous avez d\u2019autres questions, n\u2019h\u00e9sitez pas \u00e0 les\nposer \u00e0 <a href=\"mailto:info@crea.ca\" target=\"_blank\" rel=\"noreferrer noopener\">info@crea.ca<\/a>\nou dans la section Commentaires ci-dessous.<\/p>\n\n\n\n<p>Tous nos meilleurs v\u0153ux de succ\u00e8s pour 2020.<\/p>\n","protected":false},"excerpt":{"rendered":"<p>Le 1er&nbsp;janvier prochain marquera non seulement le d\u00e9but d\u2019une nouvelle ann\u00e9e, mais aussi d\u2019une nouvelle d\u00e9cennie! Mes coll\u00e8gues du conseil d\u2019administration de l\u2019ACI et moi avons un d\u00e9fi pour nos membres en cette saison festive&nbsp;: s\u2019engager \u00e0 s\u2019impliquer davantage dans la communaut\u00e9 immobili\u00e8re en 2020. Ils peuvent le faire \u00e0 l\u2019\u00e9chelle locale, provinciale ou nationale, &hellip; <a href=\"https:\/\/archive.cafe.crea.ca\/fr\/vous-cherchez-une-resolution-du-nouvel-an-presentez-votre-candidature-pour-sieger-a-lun-des-comites-de-laci\/\" class=\"more-link\">Continue reading <span class=\"screen-reader-text\">Vous cherchez une r\u00e9solution du Nouvel An? Pr\u00e9sentez votre candidature pour si\u00e9ger \u00e0 l\u2019un des comit\u00e9s de l\u2019ACI<\/span><\/a><\/p>\n","protected":false},"author":128,"featured_media":33577,"comment_status":"open","ping_status":"open","sticky":false,"template":"","format":"standard","meta":{"footnotes":""},"categories":[2366],"tags":[2378,2380],"coauthors":[2381],"class_list":["post-33580","post","type-post","status-publish","format-standard","has-post-thumbnail","hentry","category-nouvelles-de-laci","tag-featured","tag-featured-fr-2"],"aioseo_notices":[],"_links":{"self":[{"href":"https:\/\/archive.cafe.crea.ca\/fr\/wp-json\/wp\/v2\/posts\/33580"}],"collection":[{"href":"https:\/\/archive.cafe.crea.ca\/fr\/wp-json\/wp\/v2\/posts"}],"about":[{"href":"https:\/\/archive.cafe.crea.ca\/fr\/wp-json\/wp\/v2\/types\/post"}],"author":[{"embeddable":true,"href":"https:\/\/archive.cafe.crea.ca\/fr\/wp-json\/wp\/v2\/users\/128"}],"replies":[{"embeddable":true,"href":"https:\/\/archive.cafe.crea.ca\/fr\/wp-json\/wp\/v2\/comments?post=33580"}],"version-history":[{"count":12,"href":"https:\/\/archive.cafe.crea.ca\/fr\/wp-json\/wp\/v2\/posts\/33580\/revisions"}],"predecessor-version":[{"id":33822,"href":"https:\/\/archive.cafe.crea.ca\/fr\/wp-json\/wp\/v2\/posts\/33580\/revisions\/33822"}],"wp:featuredmedia":[{"embeddable":true,"href":"https:\/\/archive.cafe.crea.ca\/fr\/wp-json\/wp\/v2\/media\/33577"}],"wp:attachment":[{"href":"https:\/\/archive.cafe.crea.ca\/fr\/wp-json\/wp\/v2\/media?parent=33580"}],"wp:term":[{"taxonomy":"category","embeddable":true,"href":"https:\/\/archive.cafe.crea.ca\/fr\/wp-json\/wp\/v2\/categories?post=33580"},{"taxonomy":"post_tag","embeddable":true,"href":"https:\/\/archive.cafe.crea.ca\/fr\/wp-json\/wp\/v2\/tags?post=33580"},{"taxonomy":"author","embeddable":true,"href":"https:\/\/archive.cafe.crea.ca\/fr\/wp-json\/wp\/v2\/coauthors?post=33580"}],"curies":[{"name":"wp","href":"https:\/\/api.w.org\/{rel}","templated":true}]}}