{"id":33512,"date":"2019-12-03T10:45:36","date_gmt":"2019-12-03T15:45:36","guid":{"rendered":"https:\/\/archive.cafe.crea.ca\/?p=33512"},"modified":"2019-12-03T10:45:38","modified_gmt":"2019-12-03T15:45:38","slug":"conseils-pour-reussir-votre-photo-professionnelle","status":"publish","type":"post","link":"https:\/\/archive.cafe.crea.ca\/fr\/conseils-pour-reussir-votre-photo-professionnelle\/","title":{"rendered":"Conseils pour r\u00e9ussir votre photo professionnelle"},"content":{"rendered":"\n<p>Qu\u2019on utilise les panneaux d\u2019affichage, les bancs d\u2019autobus, les m\u00e9dias sociaux ou les cartes professionnelles, en immobilier, se vendre soi-m\u00eame a toujours \u00e9t\u00e9 aussi important que vendre des propri\u00e9t\u00e9s. <\/p>\n\n\n\n<p>Que votre photo soit sur des panneaux immobiliers ou <a href=\"https:\/\/member.realtor.ca\/Realtor\/MyProfile.aspx\" target=\"_blank\" rel=\"noreferrer noopener\" aria-label=\"votre profil de REALTOR.ca (opens in a new tab)\">votre profil de REALTOR.ca<\/a>, elle sera s\u00fbrement la premi\u00e8re image professionnelle qu\u2019un client potentiel aura de vous. Elle devrait donc \u00eatre r\u00e9cente (cessez d\u2019utiliser cette \u00ab charmante \u00bb photo de 1995) et professionnelle (tout comme vous l\u2019\u00eates!). <\/p>\n\n\n\n<p>Pour vous aider \u00e0 faire une premi\u00e8re bonne impression, nous avons pr\u00e9par\u00e9 une liste de conseils pratiques pour que votre prochaine photo soit resplendissante.<\/p>\n\n\n\n<ol class=\"wp-block-list\"><li><strong>Faites appel \u00e0 un professionnel <\/strong><\/li><\/ol>\n\n\n\n<p>R\u00e9glons une chose tout de suite : \u00e9vitez les \u00e9goportraits \u00e0 tout prix. En tant que courtier ou agent immobilier, votre image est votre marque et devrait \u00eatre prise en charge par un professionnel. Faire appel \u00e0 un photographe signifie que vous consacrerez moins de temps \u00e0 comprendre ce que sont l\u2019ouverture et l\u2019ISO, et davantage \u00e0 vous mettre en valeur. <\/p>\n\n\n\n<p><strong>2. Soyez pr\u00e9par\u00e9<\/strong><\/p>\n\n\n\n<p>Le jour de la photo, ne laissez rien au hasard. Si vous n\u2019\u00eates pas certain de savoir quoi porter, apportez deux tenues \u2013 propres et repass\u00e9es bien s\u00fbr. N\u2019oubliez pas que les choses peuvent para\u00eetre diff\u00e9rentes en photo, alors apportez du maquillage, juste au cas. Et n\u2019oubliez pas du papier matifiant, pour att\u00e9nuer l\u2019effet de peau luisante.<\/p>\n\n\n\n<p><strong>3. Soyez sur votre 36<\/strong><\/p>\n\n\n\n<p>Para\u00eetre \u00e0 son meilleur devrait aller de soi; toutefois, nombreux sont ceux qui oublient ce qui devrait \u00eatre la chose la plus essentielle dans la pr\u00e9paration d\u2019une s\u00e9ance de photo. <\/p>\n\n\n\n<p>Pr\u00e9sentez-vous de la m\u00eame mani\u00e8re que si vous rencontriez un client pour la premi\u00e8re fois : soyez propre et professionnel. Une apparence soign\u00e9e et bien mise n\u2019est pas que pour le public; elle vous donnera un sentiment de confiance qui rendra votre sourire plus convaincant.   <\/p>\n\n\n\n<p><strong>4. Choisissez une tenue famili\u00e8re<\/strong><\/p>\n\n\n\n<p>Soyez \u00e0 votre meilleur, mais sans vous aventurer sur un terrain inhabituel. Choisissez une tenue avec laquelle vous \u00eates \u00e0 l\u2019aise. Ce n\u2019est pas le moment d\u2019essayer un nouveau style pour votre photo de profil professionnel. R\u00e9servez les essais de style pour vos vacances et portez les v\u00eatements que vous aimez et que vous connaissez. Votre photo de profil devrait \u00eatre un portrait fid\u00e8le de votre apparence professionnelle au quotidien. <\/p>\n\n\n\n<p><strong>5. Posez naturellement<\/strong><\/p>\n\n\n\n<p>Pour plusieurs, poser est la partie la plus difficile d\u2019une prise de photo. Si vous vous sentez embarrass\u00e9 durant la s\u00e9ance, cela se verra sur la photo. Essayez autant que possible d\u2019\u00eatre naturel et \u00e9vitez de para\u00eetre trop rigide. Penchez-vous l\u00e9g\u00e8rement vers l\u2019appareil photo, d\u00e9tendez vos \u00e9paules et ayez un joli sourire naturel. Cela pourrait vous aider de pratiquer devant le miroir avant la s\u00e9ance. Votre photographe devrait aussi pouvoir vous guider. <\/p>\n\n\n\n<p><strong>6. Choisissez l\u2019arri\u00e8re-plan<\/strong><\/p>\n\n\n\n<p>Si vous optez pour un style tout-aller, choisissez un arri\u00e8re-plan neutre ou flou pour garder l\u2019attention sur vous. Cela dit, il ne faut pas h\u00e9siter \u00e0 projeter votre marque. Vous vendez des propri\u00e9t\u00e9s commerciales? Consid\u00e9rez utiliser un centre d\u2019affaires comme arri\u00e8re-plan. Utilisez votre meilleur jugement, mais n\u2019oubliez pas que le sujet le plus important sur la photo doit toujours \u00eatre vous. <\/p>\n\n\n\n<p><strong>7. Variez les prises de vue <\/strong><\/p>\n\n\n\n<p>Demandez \u00e0 votre photographe de faire plusieurs variantes de votre photo de profil : plus pr\u00e8s, plus loin et sous diff\u00e9rents angles. De cette fa\u00e7on, vous aurez plusieurs options et pourrez utiliser des versions l\u00e9g\u00e8rement diff\u00e9rentes selon les contextes, tout en restant fid\u00e8le \u00e0 votre marque. Vous pouvez aussi faire savoir \u00e0 votre photographe o\u00f9 vous pr\u00e9voyez utiliser les photos pour vous assurer de les recadrer ad\u00e9quatement. Par exemple, plusieurs plateformes de m\u00e9dias sociaux utilisent un cadre circulaire pour les photos de profil. Pour ce faire, assurez-vous d\u2019avoir d\u2019un angle assez large.<\/p>\n\n\n\n<p><strong>8. Demandez conseil \u00e0 un ami<\/strong><\/p>\n\n\n\n<p>Pour choisir la photo qui vous met le plus en valeur, demandez \u00e0 un ami en qui vous avez confiance de regarder les photos avec vous. <\/p>\n\n\n\n<p>Avez-vous des trucs pour prendre une photo? Faites-nous-en part dans la section Commentaires. <\/p>\n","protected":false},"excerpt":{"rendered":"<p>Qu\u2019on utilise les panneaux d\u2019affichage, les bancs d\u2019autobus, les m\u00e9dias sociaux ou les cartes professionnelles, en immobilier, se vendre soi-m\u00eame a toujours \u00e9t\u00e9 aussi important que vendre des propri\u00e9t\u00e9s. Que votre photo soit sur des panneaux immobiliers ou votre profil de REALTOR.ca, elle sera s\u00fbrement la premi\u00e8re image professionnelle qu\u2019un client potentiel aura de vous. &hellip; <a href=\"https:\/\/archive.cafe.crea.ca\/fr\/conseils-pour-reussir-votre-photo-professionnelle\/\" class=\"more-link\">Continue reading <span class=\"screen-reader-text\">Conseils pour r\u00e9ussir votre photo professionnelle<\/span><\/a><\/p>\n","protected":false},"author":137,"featured_media":33510,"comment_status":"open","ping_status":"open","sticky":false,"template":"","format":"standard","meta":{"footnotes":""},"categories":[2372],"tags":[2378,2380],"coauthors":[2400],"class_list":["post-33512","post","type-post","status-publish","format-standard","has-post-thumbnail","hentry","category-divers","tag-featured","tag-featured-fr-2"],"aioseo_notices":[],"_links":{"self":[{"href":"https:\/\/archive.cafe.crea.ca\/fr\/wp-json\/wp\/v2\/posts\/33512"}],"collection":[{"href":"https:\/\/archive.cafe.crea.ca\/fr\/wp-json\/wp\/v2\/posts"}],"about":[{"href":"https:\/\/archive.cafe.crea.ca\/fr\/wp-json\/wp\/v2\/types\/post"}],"author":[{"embeddable":true,"href":"https:\/\/archive.cafe.crea.ca\/fr\/wp-json\/wp\/v2\/users\/137"}],"replies":[{"embeddable":true,"href":"https:\/\/archive.cafe.crea.ca\/fr\/wp-json\/wp\/v2\/comments?post=33512"}],"version-history":[{"count":1,"href":"https:\/\/archive.cafe.crea.ca\/fr\/wp-json\/wp\/v2\/posts\/33512\/revisions"}],"predecessor-version":[{"id":33513,"href":"https:\/\/archive.cafe.crea.ca\/fr\/wp-json\/wp\/v2\/posts\/33512\/revisions\/33513"}],"wp:featuredmedia":[{"embeddable":true,"href":"https:\/\/archive.cafe.crea.ca\/fr\/wp-json\/wp\/v2\/media\/33510"}],"wp:attachment":[{"href":"https:\/\/archive.cafe.crea.ca\/fr\/wp-json\/wp\/v2\/media?parent=33512"}],"wp:term":[{"taxonomy":"category","embeddable":true,"href":"https:\/\/archive.cafe.crea.ca\/fr\/wp-json\/wp\/v2\/categories?post=33512"},{"taxonomy":"post_tag","embeddable":true,"href":"https:\/\/archive.cafe.crea.ca\/fr\/wp-json\/wp\/v2\/tags?post=33512"},{"taxonomy":"author","embeddable":true,"href":"https:\/\/archive.cafe.crea.ca\/fr\/wp-json\/wp\/v2\/coauthors?post=33512"}],"curies":[{"name":"wp","href":"https:\/\/api.w.org\/{rel}","templated":true}]}}