{"id":33500,"date":"2019-11-29T13:56:26","date_gmt":"2019-11-29T18:56:26","guid":{"rendered":"https:\/\/archive.cafe.crea.ca\/?p=33500"},"modified":"2019-11-29T13:56:28","modified_gmt":"2019-11-29T18:56:28","slug":"saveurs-de-la-semaine-quel-est-le-meilleur-temps-de-lannee-pour-magasiner-une-piscine","status":"publish","type":"post","link":"https:\/\/archive.cafe.crea.ca\/fr\/saveurs-de-la-semaine-quel-est-le-meilleur-temps-de-lannee-pour-magasiner-une-piscine\/","title":{"rendered":"Saveurs de la semaine : quel est le meilleur temps de l\u2019ann\u00e9e pour magasiner une piscine?"},"content":{"rendered":"\n<p><em>Les Saveurs de la semaine sont votre source hebdomadaire de nouvelles et de reportages sur l\u2019immobilier qui auraient pu vous \u00e9chapper.&nbsp;Notre \u00e9quipe des Saveurs de la semaine s\u2019acharne \u00e0 parcourir le Web \u00e0 la recherche de reportages obscurs, bizarres, int\u00e9ressants et informatifs sur l\u2019immobilier ou des sujets connexes. Si vous d\u00e9sirez en contribuer un, veuillez l\u2019afficher \u00e0 notre section r\u00e9serv\u00e9e aux commentaires ou gazouiller sur le reportage en utilisant le mot-clic&nbsp;#Saveursdelasemaine. Faites-vous couler une bonne tasse de caf\u00e9 frais, savourez ces reportages\u2026 et faites-en peut-\u00eatre m\u00eame part \u00e0 vos amis et coll\u00e8gues. Bonne lecture!<\/em><\/p>\n\n\n\n<p>Les conseils de la semaine&nbsp;: un <a rel=\"noreferrer noopener\" aria-label=\" (opens in a new tab)\" href=\"https:\/\/www.journaldemontreal.com\/2019\/11\/27\/un-petit-coup-de-pouce-a-lachat-dune-maison\" target=\"_blank\">petit coup de pouce \u00e0 l\u2019achat d\u2019une maison<\/a>; <a rel=\"noreferrer noopener\" aria-label=\" (opens in a new tab)\" href=\"https:\/\/www.journaldemontreal.com\/2019\/11\/25\/lentrepreneur-fait-faillite-suis-je-protege-des-hypotheques-legales\" target=\"_blank\">comment se prot\u00e9ger au cas o\u00f9 l\u2019entrepreneur ferait faillite<\/a>; le <a rel=\"noreferrer noopener\" aria-label=\" (opens in a new tab)\" href=\"https:\/\/www.journaldemontreal.com\/2019\/11\/22\/lhiver-est-la-cest-le-bon-temps-pour-magasiner-lachat-de-sa-piscine\" target=\"_blank\">bon temps pour magasiner une piscine<\/a>; <a rel=\"noreferrer noopener\" aria-label=\" (opens in a new tab)\" href=\"https:\/\/www.journaldequebec.com\/2019\/11\/23\/processus-dachat-8-questions-a-vous-poser-pour-determiner-vos-besoins\" target=\"_blank\">huit&nbsp;questions \u00e0 se poser pour d\u00e9terminer ses besoins<\/a>; <a rel=\"noreferrer noopener\" aria-label=\" (opens in a new tab)\" href=\"https:\/\/www.lesoleil.com\/maison\/12-trucs-de-pros-pour-un-sapin-de-noel-parfait-6c086ce492120d1da19621880361b142\" target=\"_blank\">12&nbsp;trucs de pros pour un sapin de No\u00ebl parfait<\/a>; <a rel=\"noreferrer noopener\" aria-label=\" (opens in a new tab)\" href=\"https:\/\/www.lesoleil.com\/maison\/voir-grandir-son-sapin-de-noel-adoptif-abea277318da9aeb8866dc627a729f8a\" target=\"_blank\">voir grandir son sapin de No\u00ebl \u00ab&nbsp;adoptif&nbsp;\u00bb<\/a>; un <a rel=\"noreferrer noopener\" aria-label=\" (opens in a new tab)\" href=\"https:\/\/www.lesoleil.com\/maison\/un-guide-pratique-pour-renover-et-sauver-la-planete-eba26e918d0949c2cfcc3f7493b4a9a2\" target=\"_blank\">guide pratique pour r\u00e9nover et sauver la plan\u00e8te<\/a>; les <a rel=\"noreferrer noopener\" aria-label=\" (opens in a new tab)\" href=\"https:\/\/www.lapresse.ca\/maison\/decoration\/201911\/22\/01-5250804-les-canapes-prennent-le-large.php\" target=\"_blank\">canap\u00e9s prennent le large<\/a>; le <a rel=\"noreferrer noopener\" aria-label=\" (opens in a new tab)\" href=\"https:\/\/www.lapresse.ca\/maison\/decoration\/201911\/22\/01-5250823-le-papier-peint-se-reinvente.php\" target=\"_blank\">papier peint se r\u00e9invente<\/a> et <a href=\"https:\/\/www.lapresse.ca\/noel\/201911\/22\/01-5250851-energivores-les-decos-exterieures-de-noel-.php?utm_categorieinterne=trafficdrivers&amp;utm_contenuinterne=cyberpresse_B13b_decoration_320591_section_POS2\" target=\"_blank\" rel=\"noreferrer noopener\" aria-label=\" (opens in a new tab)\">cinq&nbsp;d\u00e9corations de No\u00ebl ext\u00e9rieures potentiellement \u00e9nergivores<\/a>. <\/p>\n\n\n\n<p><em>Le Dauphin\u00e9<\/em> pr\u00e9cise <a href=\"https:\/\/www.ledauphine.com\/magazine-immobilier\/2019\/11\/28\/comment-se-deroule-un-achat-immobilier-aux-etats-unis\" target=\"_blank\" rel=\"noreferrer noopener\" aria-label=\" (opens in a new tab)\">comment se d\u00e9roule un achat immobilier aux \u00c9tats-Unis<\/a>.<\/p>\n\n\n\n<p><em>Korii<\/em> rapporte qu\u2019avec <a href=\"https:\/\/korii.slate.fr\/tech\/blockchain-immobilier-cryptomonnais-futur-revolution-transactions\" target=\"_blank\" rel=\"noreferrer noopener\" aria-label=\" (opens in a new tab)\">la technologie de cha\u00eene de blocs, l\u2019immobilier devrait enfin passer \u00e0 l\u2019\u00e8re num\u00e9rique<\/a>.<\/p>\n\n\n\n<p><em>Le Figaro<\/em> r\u00e9v\u00e8le que <a href=\"https:\/\/immobilier.lefigaro.fr\/article\/les-agents-immobiliers-ont-leur-symbole-de-reconnaissance_d6f282c2-1063-11ea-8bf6-37a3558e7c02\/\" target=\"_blank\" rel=\"noreferrer noopener\" aria-label=\" (opens in a new tab)\">les agents immobiliers fran\u00e7ais ont maintenant leur symbole de reconnaissance<\/a>.<\/p>\n\n\n\n<p><em>Journal de l\u2019Agence<\/em> \u00e9crit que <a href=\"https:\/\/www.journaldelagence.com\/1174748-les-professionnels-de-limmobilier-ont-la-confiance-des-francais\" target=\"_blank\" rel=\"noreferrer noopener\" aria-label=\" (opens in a new tab)\">les professionnels de l\u2019immobilier ont la confiance des Fran\u00e7ais<\/a>.<\/p>\n\n\n\n<p><em>Futura Maison<\/em> pr\u00e9sente <a href=\"https:\/\/www.futura-sciences.com\/maison\/questions-reponses\/finances-cinq-methodes-bien-estimer-valeur-bien-immobilier-12615\/\" target=\"_blank\" rel=\"noreferrer noopener\" aria-label=\" (opens in a new tab)\">cinq&nbsp;m\u00e9thodes pour bien estimer la valeur d\u2019un bien immobilier<\/a> en France.<\/p>\n\n\n\n<p><em>L\u2019Observateur<\/em> mentionne que le <a href=\"https:\/\/www.nouvelobs.com\/special-paris-ile-de-france\/20191126.OBS21566\/le-grand-paris-express-echauffe-les-prix-de-l-immobilier-dans-la-premiere-couronne.html\" target=\"_blank\" rel=\"noreferrer noopener\" aria-label=\" (opens in a new tab)\">Grand Paris Express \u00e9chauffe les prix de l\u2019immobilier dans la premi\u00e8re couronne<\/a>. <\/p>\n\n\n\n<p><em>La Tribune<\/em> parle de <em><a href=\"https:\/\/acteursdeleconomie.latribune.fr\/territoire\/immobilier\/2019-11-27\/immobilier-coliving-ou-comment-vivre-autrement-en-partageant-ses-espaces-834079.html\" target=\"_blank\" rel=\"noreferrer noopener\" aria-label=\" (opens in a new tab)\">coliving<\/a><\/em><a href=\"https:\/\/acteursdeleconomie.latribune.fr\/territoire\/immobilier\/2019-11-27\/immobilier-coliving-ou-comment-vivre-autrement-en-partageant-ses-espaces-834079.html\" target=\"_blank\" rel=\"noreferrer noopener\" aria-label=\" (opens in a new tab)\"> ou une fa\u00e7on de vivre autrement en partageant ses espaces<\/a>.<\/p>\n\n\n\n<p><em>Le Courier Expat<\/em> affirme que <a href=\"https:\/\/www.courrierinternational.com\/article\/espagne-immobilier-les-francais-toujours-au-rendez-vous\" target=\"_blank\" rel=\"noreferrer noopener\" aria-label=\" (opens in a new tab)\">sur le march\u00e9 immobilier espagnol, les Fran\u00e7ais sont toujours au rendez-vous<\/a>.<\/p>\n\n\n\n<p><em>La Libre<\/em> de Belgique pr\u00e9sente un article sur <a href=\"https:\/\/www.lalibre.be\/economie\/immo\/quand-les-promoteurs-immobiliers-et-les-artistes-travaillent-main-dans-la-main-5dde5ca19978e272f936f7f9\" target=\"_blank\" rel=\"noreferrer noopener\" aria-label=\" (opens in a new tab)\">l\u2019int\u00e9gration de l\u2019art et de l\u2019immobilier<\/a>. <\/p>\n\n\n\n<p><em>Le Nouvelliste<\/em> note qu\u2019\u00e0 <a href=\"https:\/\/www.lenouvelliste.ch\/articles\/valais\/canton\/zermatt-le-patrimoine-immobilier-des-hotels-seiler-rachete-886827\" target=\"_blank\" rel=\"noreferrer noopener\" aria-label=\" (opens in a new tab)\">Zermatt, le patrimoine immobilier des h\u00f4tels Seiler a \u00e9t\u00e9 rachet\u00e9<\/a>.<\/p>\n\n\n\n<p><em>Les \u00c9chos<\/em> publie un <a rel=\"noreferrer noopener\" aria-label=\" (opens in a new tab)\" href=\"https:\/\/www.lesechos.fr\/patrimoine\/immobilier\/immobilier-palmares-des-stations-de-ski-haut-de-gamme-1150967\" target=\"_blank\">palmar\u00e8s des stations de ski haut de gamme<\/a> et r\u00e9v\u00e8le que l\u2019immobilier \u00e0 Paris est <a href=\"https:\/\/www.lesechos.fr\/patrimoine\/immobilier\/immobilier-a-paris-vers-les-10300-euros-le-m2-1152171\" target=\"_blank\" rel=\"noreferrer noopener\" aria-label=\" (opens in a new tab)\">en route vers les 10&nbsp;300&nbsp;euros le m\u00e8tre carr\u00e9<\/a>.<\/p>\n\n\n\n<p><em>My Sweet\u2019Immo<\/em> d\u00e9voile <a rel=\"noreferrer noopener\" aria-label=\" (opens in a new tab)\" href=\"https:\/\/www.mysweetimmo.com\/2019\/11\/25\/enfin-un-insigne-officiel-pour-les-professionnels-de-limmobilier\/\" target=\"_blank\">l\u2019insigne officiel des professionnels de l\u2019immobilier en France<\/a>; pr\u00e9sente <a rel=\"noreferrer noopener\" aria-label=\" (opens in a new tab)\" href=\"https:\/\/www.mysweetimmo.com\/2019\/11\/27\/qui-est-vesta-la-nouvelle-deesse-de-limmobilier\/\" target=\"_blank\">Vesta, la d\u00e9esse de l\u2019immobilier<\/a> et ajoute que <a href=\"https:\/\/www.mysweetimmo.com\/2019\/11\/22\/location-meublee-lassemblee-nationale-vote-des-controles-renforces-a-partir-du-1er-decembre\/\" target=\"_blank\" rel=\"noreferrer noopener\" aria-label=\" (opens in a new tab)\">l\u2019Assembl\u00e9e nationale a vot\u00e9 pour le renforcement des contr\u00f4les sur la location des logements meubl\u00e9s<\/a>.<\/p>\n\n\n\n<p><em>La Vie Immo<\/em> pr\u00e9sente un topo sur les <a rel=\"noreferrer noopener\" aria-label=\" (opens in a new tab)\" href=\"https:\/\/www.lavieimmo.com\/divers-immobilier\/les-villes-misent-de-plus-en-plus-sur-les-espaces-verts-et-l-activite-des-paysagistes-s-envole-47240.html\" target=\"_blank\">villes qui misent de plus en plus sur les espaces verts<\/a>; prend note qu\u2019en <a rel=\"noreferrer noopener\" aria-label=\" (opens in a new tab)\" href=\"https:\/\/www.lavieimmo.com\/immobilier-international\/en-grande-bretagne-les-conservateurs-veulent-surtaxer-les-acheteurs-immobiliers-etrangers-47196.html\" target=\"_blank\">Grande-Bretagne, les conservateurs veulent surtaxer les acheteurs \u00e9trangers<\/a> et se demande <a href=\"https:\/\/www.lavieimmo.com\/construction\/qui-va-construire-le-futur-village-olympique-pour-les-jo-2024-47194.html\" target=\"_blank\" rel=\"noreferrer noopener\" aria-label=\" (opens in a new tab)\">qui construira le futur village Olympique des JO 2024<\/a>.<\/p>\n\n\n\n<p>Bonne\nsemaine!<\/p>\n","protected":false},"excerpt":{"rendered":"<p>Les Saveurs de la semaine sont votre source hebdomadaire de nouvelles et de reportages sur l\u2019immobilier qui auraient pu vous \u00e9chapper.&nbsp;Notre \u00e9quipe des Saveurs de la semaine s\u2019acharne \u00e0 parcourir le Web \u00e0 la recherche de reportages obscurs, bizarres, int\u00e9ressants et informatifs sur l\u2019immobilier ou des sujets connexes. Si vous d\u00e9sirez en contribuer un, veuillez &hellip; <a href=\"https:\/\/archive.cafe.crea.ca\/fr\/saveurs-de-la-semaine-quel-est-le-meilleur-temps-de-lannee-pour-magasiner-une-piscine\/\" class=\"more-link\">Continue reading <span class=\"screen-reader-text\">Saveurs de la semaine : quel est le meilleur temps de l\u2019ann\u00e9e pour magasiner une piscine?<\/span><\/a><\/p>\n","protected":false},"author":24,"featured_media":33501,"comment_status":"open","ping_status":"open","sticky":false,"template":"","format":"standard","meta":{"footnotes":""},"categories":[2372],"tags":[],"coauthors":[2157],"class_list":["post-33500","post","type-post","status-publish","format-standard","has-post-thumbnail","hentry","category-divers"],"aioseo_notices":[],"_links":{"self":[{"href":"https:\/\/archive.cafe.crea.ca\/fr\/wp-json\/wp\/v2\/posts\/33500"}],"collection":[{"href":"https:\/\/archive.cafe.crea.ca\/fr\/wp-json\/wp\/v2\/posts"}],"about":[{"href":"https:\/\/archive.cafe.crea.ca\/fr\/wp-json\/wp\/v2\/types\/post"}],"author":[{"embeddable":true,"href":"https:\/\/archive.cafe.crea.ca\/fr\/wp-json\/wp\/v2\/users\/24"}],"replies":[{"embeddable":true,"href":"https:\/\/archive.cafe.crea.ca\/fr\/wp-json\/wp\/v2\/comments?post=33500"}],"version-history":[{"count":2,"href":"https:\/\/archive.cafe.crea.ca\/fr\/wp-json\/wp\/v2\/posts\/33500\/revisions"}],"predecessor-version":[{"id":33507,"href":"https:\/\/archive.cafe.crea.ca\/fr\/wp-json\/wp\/v2\/posts\/33500\/revisions\/33507"}],"wp:featuredmedia":[{"embeddable":true,"href":"https:\/\/archive.cafe.crea.ca\/fr\/wp-json\/wp\/v2\/media\/33501"}],"wp:attachment":[{"href":"https:\/\/archive.cafe.crea.ca\/fr\/wp-json\/wp\/v2\/media?parent=33500"}],"wp:term":[{"taxonomy":"category","embeddable":true,"href":"https:\/\/archive.cafe.crea.ca\/fr\/wp-json\/wp\/v2\/categories?post=33500"},{"taxonomy":"post_tag","embeddable":true,"href":"https:\/\/archive.cafe.crea.ca\/fr\/wp-json\/wp\/v2\/tags?post=33500"},{"taxonomy":"author","embeddable":true,"href":"https:\/\/archive.cafe.crea.ca\/fr\/wp-json\/wp\/v2\/coauthors?post=33500"}],"curies":[{"name":"wp","href":"https:\/\/api.w.org\/{rel}","templated":true}]}}