{"id":33474,"date":"2019-11-26T09:58:58","date_gmt":"2019-11-26T14:58:58","guid":{"rendered":"https:\/\/archive.cafe.crea.ca\/?p=33474"},"modified":"2020-01-13T11:25:49","modified_gmt":"2020-01-13T16:25:49","slug":"une-nouvelle-animation-explique-comment-utiliser-la-marque-realtor-correctement","status":"publish","type":"post","link":"https:\/\/archive.cafe.crea.ca\/fr\/une-nouvelle-animation-explique-comment-utiliser-la-marque-realtor-correctement\/","title":{"rendered":"Une nouvelle animation explique comment utiliser la marque REALTOR\u00ae correctement"},"content":{"rendered":"\n<p>Enfin, le jour que tout le monde attendait! Eh bien, peut-\u00eatre pas tout le monde, mais moi je l\u2019attendais avec impatience. Il y a m\u00eame des chambres et des associations qui m\u2019ont demand\u00e9 quand ce jour arriverait.<\/p>\n\n\n\n<p>\u00cates-vous pr\u00eat?<\/p>\n\n\n\n<p>Voici la nouvelle animation sur la marque REALTOR\u00ae!<\/p>\n\n\n\n<p>Ceux qui sont membres de L\u2019Association canadienne de l\u2019immeuble depuis longtemps se souviendront peut-\u00eatre de l\u2019animation qui mettait en vedette Mark, un vaillant d\u00e9fenseur des marques de commerce de l\u2019ACI. Ce dernier expliquait comment utiliser la marque REALTOR\u00ae correctement. Il \u00e9tait assez rigolo, si j\u2019ose dire.<\/p>\n\n\n\n<figure class=\"wp-block-image is-resized\"><img loading=\"lazy\" decoding=\"async\" src=\"https:\/\/archive.cafe.crea.ca\/wp-content\/uploads\/2019\/11\/mark-1.png\" alt=\"\" class=\"wp-image-33466\" width=\"113\" height=\"206\" srcset=\"https:\/\/archive.cafe.crea.ca\/wp-content\/uploads\/2019\/11\/mark-1.png 453w, https:\/\/archive.cafe.crea.ca\/wp-content\/uploads\/2019\/11\/mark-1-314x571.png 314w\" sizes=\"(max-width: 113px) 100vw, 113px\" \/><\/figure>\n\n\n\n<p>Eh bien, en 2015, nous avons modifi\u00e9 nos politiques sur l\u2019utilisation de la marque REALTOR\u00ae et la vid\u00e9o est devenue d\u00e9pass\u00e9e. Nous l\u2019avons donc retir\u00e9e du Lien IMMOBILIERMC, mais ce changement a laiss\u00e9 un vide dans notre mat\u00e9riel de formation. Aujourd\u2019hui, nous avons enfin une nouvelle animation qui explique comment utiliser la marque REALTOR\u00ae correctement et pourquoi il est important de respecter notre politique sur les marques de commerce.<\/p>\n\n\n\n<p>Pouvez-vous ajouter des modificateurs \u00e0 REALTOR\u00ae? Pouvez-vous l\u2019int\u00e9grer dans votre profil ou nom d\u2019utilisateur sur les m\u00e9dias sociaux? Savez-vous ce qu\u2019est la r\u00e8gle de l\u2019utilisation subs\u00e9quente?<\/p>\n\n\n\n<figure class=\"wp-block-image is-resized\"><img loading=\"lazy\" decoding=\"async\" src=\"https:\/\/archive.cafe.crea.ca\/wp-content\/uploads\/2019\/11\/Mark-2.png\" alt=\"\" class=\"wp-image-33468\" width=\"119\" height=\"206\"\/><\/figure>\n\n\n\n<p>Le nouveau personnage a des r\u00e9ponses \u00e0 ces questions. Peut-\u00eatre devrions-nous l\u2019appeler Mark 2.0? Non, c\u2019est d\u00e9mod\u00e9. Marky Mark? Euh, non. Je trouverai bien autre chose.<\/p>\n\n\n\n<p>La nouvelle vid\u00e9o a une allure moderne, ne dure que cinq minutes et explique les politiques actuelles sur la marque REALTOR\u00ae, notamment les r\u00e8gles de forme et de contexte de la marque REALTOR\u00ae. Mais le meilleur point \u00e0 retenir est que si vous regardez la vid\u00e9o, vous n\u2019aurez pas \u00e0 m\u2019\u00e9couter parler pendant des heures de l\u2019utilisation appropri\u00e9e de la marque!<\/p>\n\n\n\n<figure><iframe loading=\"lazy\" width=\"560\" height=\"315\" src=\"https:\/\/www.youtube.com\/embed\/iolwHvGOnTM\" allowfullscreen=\"\"><\/iframe><\/figure>\n\n\n\n<p>Mark n\u2019a toutefois pris qu\u2019une retraite partielle. Il est toujours la vedette de notre animation sur l\u2019utilisation de la marque MLS\u00ae. Nous nous affairons \u00e0 mettre \u00e0 jour cette animation et esp\u00e9rons qu\u2019elle sera pr\u00eate d\u2019ici la fin de l\u2019ann\u00e9e ou le d\u00e9but de la nouvelle ann\u00e9e. Apr\u00e8s quoi, Mark pourra profiter pleinement de sa retraite. En attendant, Mark continuera \u00e0 informer nos membres au sujet de la marque MLS\u00ae, tandis que notre nouveau personnage (Mar\u2019que?) les informera au sujet de la marque REALTOR\u00ae. Ne ratez pas notre animation!<\/p>\n\n\n\n<p><em>L\u2019article ci-dessus est publi\u00e9 \u00e0 titre d<\/em><em>\u2019<\/em><em>information; il ne constitue nullement des conseils juridiques et ne cherche pas \u00e0 se substituer \u00e0 un conseiller juridique.<\/em><\/p>\n","protected":false},"excerpt":{"rendered":"<p>Enfin, le jour que tout le monde attendait! Eh bien, peut-\u00eatre pas tout le monde, mais moi je l\u2019attendais avec impatience. Il y a m\u00eame des chambres et des associations qui m\u2019ont demand\u00e9 quand ce jour arriverait. \u00cates-vous pr\u00eat? Voici la nouvelle animation sur la marque REALTOR\u00ae! Ceux qui sont membres de L\u2019Association canadienne de &hellip; <a href=\"https:\/\/archive.cafe.crea.ca\/fr\/une-nouvelle-animation-explique-comment-utiliser-la-marque-realtor-correctement\/\" class=\"more-link\">Continue reading <span class=\"screen-reader-text\">Une nouvelle animation explique comment utiliser la marque REALTOR\u00ae correctement<\/span><\/a><\/p>\n","protected":false},"author":38,"featured_media":33472,"comment_status":"open","ping_status":"open","sticky":false,"template":"","format":"standard","meta":{"footnotes":""},"categories":[2368],"tags":[2378],"coauthors":[2186],"class_list":["post-33474","post","type-post","status-publish","format-standard","has-post-thumbnail","hentry","category-questions-juridiques","tag-featured"],"aioseo_notices":[],"_links":{"self":[{"href":"https:\/\/archive.cafe.crea.ca\/fr\/wp-json\/wp\/v2\/posts\/33474"}],"collection":[{"href":"https:\/\/archive.cafe.crea.ca\/fr\/wp-json\/wp\/v2\/posts"}],"about":[{"href":"https:\/\/archive.cafe.crea.ca\/fr\/wp-json\/wp\/v2\/types\/post"}],"author":[{"embeddable":true,"href":"https:\/\/archive.cafe.crea.ca\/fr\/wp-json\/wp\/v2\/users\/38"}],"replies":[{"embeddable":true,"href":"https:\/\/archive.cafe.crea.ca\/fr\/wp-json\/wp\/v2\/comments?post=33474"}],"version-history":[{"count":2,"href":"https:\/\/archive.cafe.crea.ca\/fr\/wp-json\/wp\/v2\/posts\/33474\/revisions"}],"predecessor-version":[{"id":33731,"href":"https:\/\/archive.cafe.crea.ca\/fr\/wp-json\/wp\/v2\/posts\/33474\/revisions\/33731"}],"wp:featuredmedia":[{"embeddable":true,"href":"https:\/\/archive.cafe.crea.ca\/fr\/wp-json\/wp\/v2\/media\/33472"}],"wp:attachment":[{"href":"https:\/\/archive.cafe.crea.ca\/fr\/wp-json\/wp\/v2\/media?parent=33474"}],"wp:term":[{"taxonomy":"category","embeddable":true,"href":"https:\/\/archive.cafe.crea.ca\/fr\/wp-json\/wp\/v2\/categories?post=33474"},{"taxonomy":"post_tag","embeddable":true,"href":"https:\/\/archive.cafe.crea.ca\/fr\/wp-json\/wp\/v2\/tags?post=33474"},{"taxonomy":"author","embeddable":true,"href":"https:\/\/archive.cafe.crea.ca\/fr\/wp-json\/wp\/v2\/coauthors?post=33474"}],"curies":[{"name":"wp","href":"https:\/\/api.w.org\/{rel}","templated":true}]}}