{"id":33448,"date":"2019-11-22T10:38:54","date_gmt":"2019-11-22T15:38:54","guid":{"rendered":"https:\/\/archive.cafe.crea.ca\/?p=33448"},"modified":"2019-12-17T10:15:31","modified_gmt":"2019-12-17T15:15:31","slug":"abordabilite-du-logement-ce-que-les-membres-de-laci-peuvent-faire-des-maintenant","status":"publish","type":"post","link":"https:\/\/archive.cafe.crea.ca\/fr\/abordabilite-du-logement-ce-que-les-membres-de-laci-peuvent-faire-des-maintenant\/","title":{"rendered":"Abordabilit\u00e9 du logement : ce que les membres de l\u2019ACI peuvent faire d\u00e8s maintenant"},"content":{"rendered":"\n<p><em>R\u00e9dig\u00e9 par Michael Bourque, chef de la direction de l\u2019Association canadienne de l\u2019immeuble. <\/em><\/p>\n\n\n\n<p>Ce n\u2019est pas un hasard si la Journ\u00e9e nationale de l\u2019habitation vient conclure la premi\u00e8re Semaine REALTORS Care\u00ae de l\u2019ACI. La Journ\u00e9e nationale de l\u2019habitation constitue l\u2019occasion id\u00e9ale de r\u00e9fl\u00e9chir au r\u00f4le important que tient un logement s\u00e9curitaire et abordable dans l\u2019\u00e9panouissement des personnes et des collectivit\u00e9s. Nous devons prendre conscience que beaucoup trop de Canadiens se heurtent \u00e0 des obstacles pour r\u00e9pondre \u00e0 ce besoin humain fondamental. Puisque les courtiers et agents immobiliers sont en premi\u00e8re ligne pour aider les gens \u00e0 trouver un logement, qu\u2019il s\u2019agisse de louer ou d\u2019acheter, il est logique que nous engagions cette conversation importante.<\/p>\n\n\n\n<p>\u00c0 cette fin, j\u2019ai rencontr\u00e9 au d\u00e9but du mois Michel&nbsp;Tremblay, premier vice-pr\u00e9sident, Politiques et innovation \u00e0 la Soci\u00e9t\u00e9 canadienne d\u2019hypoth\u00e8ques et de logement (SCHL). Je lui ai pos\u00e9 des questions au nom de la communaut\u00e9 immobili\u00e8re sur la toute premi\u00e8re <a rel=\"noreferrer noopener\" aria-label=\" (opens in a new tab)\" href=\"https:\/\/www.cmhc-schl.gc.ca\/fr\/nhs\" target=\"_blank\">Strat\u00e9gie nationale sur le logement<\/a> canadienne, le <a href=\"https:\/\/www.cmhc-schl.gc.ca\/fr\/housing-observer-online\/2019-housing-observer\/president-ceo-evan-siddall-announces-ambitious-housing-target-2030\" target=\"_blank\" rel=\"noreferrer noopener\" aria-label=\" (opens in a new tab)\">but ultime de la SCHL pour 2030<\/a> et la fa\u00e7on dont les courtiers et agents immobiliers peuvent s\u2019impliquer.<\/p>\n\n\n\n<figure><iframe loading=\"lazy\" width=\"560\" height=\"315\" src=\"https:\/\/www.youtube.com\/embed\/yYPwtVnvowo\" allowfullscreen=\"\"><\/iframe><\/figure>\n\n\n\n<p>Au cours de ma conversation avec Michel, il est\napparu clairement que nos organisations souhaitent toutes les deux r\u00e9soudre le\nprobl\u00e8me de l\u2019abordabilit\u00e9 du logement et \u00e9liminer les obstacles qui freinent l\u2019offre\nde nouveaux logements. Cette victoire profiterait \u00e0 tout l\u2019\u00e9ventail de\nlogements.<\/p>\n\n\n\n<p>Alors, que peuvent faire les courtiers et agents\nimmobiliers pour aider \u00e0 faire changer les choses et trouver des r\u00e9ponses \u00e0 ces\nquestions importantes? Michel a pr\u00e9sent\u00e9 des suggestions ci\u2011dessous sur la\nfa\u00e7on dont les courtiers et agents immobiliers peuvent tirer parti de leur\ninfluence au sein de leurs collectivit\u00e9s et apporter un changement concret.<\/p>\n\n\n\n<ul class=\"wp-block-list\"><li>La recherche de locataires pour les immeubles locatifs des clients est un domaine d\u2019activit\u00e9 essentiel pour de nombreux courtiers et agents immobiliers, et un nombre croissant de logements \u00e0 louer se trouvent sur <a href=\"http:\/\/www.realtor.ca\" target=\"_blank\" rel=\"noreferrer noopener\" aria-label=\" (opens in a new tab)\">REALTOR.ca<\/a>. Les membres comprennent que l\u2019accession \u00e0 la propri\u00e9t\u00e9 n\u2019est pas n\u00e9cessairement la meilleure solution pour chacun. La location d\u2019une propri\u00e9t\u00e9 est une option tout aussi acceptable et, dans certains cas, pr\u00e9f\u00e9rable pour de nombreux m\u00e9nages. Dans cette optique, les courtiers et agents immobiliers peuvent aider \u00e0 lutter contre la stigmatisation injuste et n\u00e9gative que certaines personnes associent aux locataires et aux immeubles locatifs. Nous soutenons publiquement le march\u00e9 locatif, tout autant que le march\u00e9 de la vente de propri\u00e9t\u00e9s. Comme Michel l\u2019a dit, \u00ab&nbsp;un foyer est un foyer; un toit est un toit&nbsp;\u00bb.<\/li><\/ul>\n\n\n\n<ul class=\"wp-block-list\"><li>Les courtiers et agents immobiliers\npeuvent \u00e9galement aider \u00e0 lutter contre la mentalit\u00e9 \u00ab&nbsp;pas\ndans ma cour&nbsp;\u00bb li\u00e9e au logement abordable. Ils font conna\u00eetre les\nretomb\u00e9es de cette solution sur les personnes et les familles qui ont besoin de\nces logements, ainsi que sur l\u2019ensemble de nos collectivit\u00e9s. Par exemple, des\nrecherches effectu\u00e9es par le Canadian Centre for Economic Analysis r\u00e9v\u00e8lent qu\u2019investir\ndans le logement abordable fournit non seulement un toit \u00e0 ceux qui ne r\u00e9ussissent\npas \u00e0 payer le loyer du march\u00e9, mais g\u00e9n\u00e8re \u00e9galement des milliards de dollars\nen avantages socio-\u00e9conomiques.<a href=\"#_ftn1\">[1]<\/a><\/li><\/ul>\n\n\n\n<ul class=\"wp-block-list\"><li>De m\u00eame, les courtiers et agents\nimmobiliers peuvent soutenir le mouvement de densification r\u00e9sidentielle au\nsein de leurs collectivit\u00e9s. Evan&nbsp;Siddall, pr\u00e9sident et premier dirigeant\nde la SCHL, a d\u00e9clar\u00e9&nbsp;: \u00ab&nbsp;L\u2019\u00e9talement urbain et la construction de\ngrandes maisons sur de grands terrains engendrent des co\u00fbts importants non\nseulement pour les acheteurs, mais aussi pour les gouvernements, la soci\u00e9t\u00e9 et\nl\u2019environnement&nbsp;\u00bb.<a href=\"#_ftn2\">[2]<\/a><\/li><\/ul>\n\n\n\n<p>La discussion avec Michel a donn\u00e9 beaucoup de\nmati\u00e8re \u00e0 r\u00e9flexion, pour la Semaine REALTORS Care\u00ae et pour ce qui suivra. Je\nle lui ai affirm\u00e9 que l\u2019ACI et la communaut\u00e9 immobili\u00e8re ont h\u00e2te de poursuivre\nleur relation avec la SCHL, de collaborer pour faire avancer la Strat\u00e9gie\nnationale sur le logement et de trouver plusieurs autres moyens de contribuer afin\nde rendre le logement abordable partout au Canada.<\/p>\n\n\n\n<p><em>Note de la r\u00e9daction&nbsp;: La SCHL organisera sa deuxi\u00e8me Conf\u00e9rence nationale sur le logement les&nbsp;12 et 13&nbsp;mai&nbsp;2020 \u00e0 l\u2019h\u00f4tel The&nbsp;Westin Ottawa. Si vous soutenez son plan ambitieux dont l\u2019objectif est de faciliter, pour les Canadiens, l\u2019acc\u00e8s \u00e0 un logement correspondant \u00e0 leurs besoins et \u00e0 leur budget, assurez-vous de noter ces dates sur votre calendrier et de <a href=\"https:\/\/www.cmhc-schl.gc.ca\/fr\/nhs\/national-housing-conference\" target=\"_blank\" rel=\"noreferrer noopener\" aria-label=\" (opens in a new tab)\">visiter son site Web<\/a> pour vous inscrire afin de recevoir des mises \u00e0 jour.<\/em><br><\/p>\n\n\n\n<hr class=\"wp-block-separator\"\/>\n\n\n\n<p><a href=\"#_ftnref1\">[1]<\/a> <a href=\"https:\/\/business.financialpost.com\/real-estate\/mortgages\/why-investing-in-community-housing-can-be-worth-every-penny-and-more-to-the-economy\" target=\"_blank\" rel=\"noreferrer noopener\" aria-label=\" (opens in a new tab)\">https:\/\/business.financialpost.com\/real-estate\/mortgages\/why-investing-in-community-housing-can-be-worth-every-penny-and-more-to-the-economy<\/a><\/p>\n\n\n\n<p><a href=\"#_ftnref2\">[2]<\/a> https:\/\/www.cmhc-schl.gc.ca\/fr\/media-newsroom\/speeches\/2018\/takes-a-village-build-a-city-housing-affordability-shared-responsibility<\/p>\n","protected":false},"excerpt":{"rendered":"<p>R\u00e9dig\u00e9 par Michael Bourque, chef de la direction de l\u2019Association canadienne de l\u2019immeuble. Ce n\u2019est pas un hasard si la Journ\u00e9e nationale de l\u2019habitation vient conclure la premi\u00e8re Semaine REALTORS Care\u00ae de l\u2019ACI. La Journ\u00e9e nationale de l\u2019habitation constitue l\u2019occasion id\u00e9ale de r\u00e9fl\u00e9chir au r\u00f4le important que tient un logement s\u00e9curitaire et abordable dans l\u2019\u00e9panouissement &hellip; <a href=\"https:\/\/archive.cafe.crea.ca\/fr\/abordabilite-du-logement-ce-que-les-membres-de-laci-peuvent-faire-des-maintenant\/\" class=\"more-link\">Continue reading <span class=\"screen-reader-text\">Abordabilit\u00e9 du logement : ce que les membres de l\u2019ACI peuvent faire d\u00e8s maintenant<\/span><\/a><\/p>\n","protected":false},"author":110,"featured_media":33446,"comment_status":"open","ping_status":"open","sticky":false,"template":"","format":"standard","meta":{"footnotes":""},"categories":[2369],"tags":[2377],"coauthors":[2318],"class_list":["post-33448","post","type-post","status-publish","format-standard","has-post-thumbnail","hentry","category-defense-des-interets","tag-sidebar-fr"],"aioseo_notices":[],"_links":{"self":[{"href":"https:\/\/archive.cafe.crea.ca\/fr\/wp-json\/wp\/v2\/posts\/33448"}],"collection":[{"href":"https:\/\/archive.cafe.crea.ca\/fr\/wp-json\/wp\/v2\/posts"}],"about":[{"href":"https:\/\/archive.cafe.crea.ca\/fr\/wp-json\/wp\/v2\/types\/post"}],"author":[{"embeddable":true,"href":"https:\/\/archive.cafe.crea.ca\/fr\/wp-json\/wp\/v2\/users\/110"}],"replies":[{"embeddable":true,"href":"https:\/\/archive.cafe.crea.ca\/fr\/wp-json\/wp\/v2\/comments?post=33448"}],"version-history":[{"count":2,"href":"https:\/\/archive.cafe.crea.ca\/fr\/wp-json\/wp\/v2\/posts\/33448\/revisions"}],"predecessor-version":[{"id":33453,"href":"https:\/\/archive.cafe.crea.ca\/fr\/wp-json\/wp\/v2\/posts\/33448\/revisions\/33453"}],"wp:featuredmedia":[{"embeddable":true,"href":"https:\/\/archive.cafe.crea.ca\/fr\/wp-json\/wp\/v2\/media\/33446"}],"wp:attachment":[{"href":"https:\/\/archive.cafe.crea.ca\/fr\/wp-json\/wp\/v2\/media?parent=33448"}],"wp:term":[{"taxonomy":"category","embeddable":true,"href":"https:\/\/archive.cafe.crea.ca\/fr\/wp-json\/wp\/v2\/categories?post=33448"},{"taxonomy":"post_tag","embeddable":true,"href":"https:\/\/archive.cafe.crea.ca\/fr\/wp-json\/wp\/v2\/tags?post=33448"},{"taxonomy":"author","embeddable":true,"href":"https:\/\/archive.cafe.crea.ca\/fr\/wp-json\/wp\/v2\/coauthors?post=33448"}],"curies":[{"name":"wp","href":"https:\/\/api.w.org\/{rel}","templated":true}]}}