{"id":33362,"date":"2019-11-08T14:49:29","date_gmt":"2019-11-08T19:49:29","guid":{"rendered":"https:\/\/archive.cafe.crea.ca\/?p=33362"},"modified":"2019-11-08T14:49:30","modified_gmt":"2019-11-08T19:49:30","slug":"saveurs-de-la-semaine-ce-quil-faut-savoir-avant-de-signer-un-contrat-de-deneigement","status":"publish","type":"post","link":"https:\/\/archive.cafe.crea.ca\/fr\/saveurs-de-la-semaine-ce-quil-faut-savoir-avant-de-signer-un-contrat-de-deneigement\/","title":{"rendered":"Saveurs de la semaine : ce qu\u2019il faut savoir avant de signer un contrat de d\u00e9neigement"},"content":{"rendered":"\n<p><em>Les Saveurs de la semaine sont votre source hebdomadaire de nouvelles et de reportages sur l\u2019immobilier qui auraient pu vous \u00e9chapper.&nbsp;Notre \u00e9quipe des Saveurs de la semaine s\u2019acharne \u00e0 parcourir le Web \u00e0 la recherche de reportages obscurs, bizarres, int\u00e9ressants et informatifs sur l\u2019immobilier ou des sujets connexes. Si vous d\u00e9sirez en contribuer un, veuillez l\u2019afficher \u00e0 notre section r\u00e9serv\u00e9e aux commentaires ou gazouiller sur le reportage en utilisant le mot-clic&nbsp;#Saveursdelasemaine. Faites-vous couler une bonne tasse de caf\u00e9 frais, savourez ces reportages\u2026 et faites-en peut-\u00eatre m\u00eame part \u00e0 vos amis et coll\u00e8gues. Bonne lecture!<\/em><\/p>\n\n\n\n<p>Les conseils de la semaine&nbsp;: <a rel=\"noreferrer noopener\" aria-label=\" (opens in a new tab)\" href=\"https:\/\/www.journaldemontreal.com\/2019\/11\/06\/prudence-avant-de-signer-votre-contrat-de-deneigement\" target=\"_blank\">ce qu\u2019il faut savoir avant de signer un contrat de d\u00e9neigement<\/a>; ce que <a rel=\"noreferrer noopener\" aria-label=\" (opens in a new tab)\" href=\"https:\/\/www.journaldemontreal.com\/2019\/11\/05\/que-couvre-votre-assurance-habitation-en-cas-de-panne-delectricite\" target=\"_blank\">couvre votre assurance en cas de panne d\u2019\u00e9lectricit\u00e9<\/a>; <a rel=\"noreferrer noopener\" aria-label=\" (opens in a new tab)\" href=\"https:\/\/www.lesoleil.com\/maison\/en-tete-des-tendances-en-plein-visage-17bc913fefe3ca46bdad3d92142a30ef\" target=\"_blank\">la tendance est aux visages<\/a>; c\u2019est <a rel=\"noreferrer noopener\" aria-label=\" (opens in a new tab)\" href=\"https:\/\/www.lesoleil.com\/maison\/lheure-de-verifier-vos-avertisseurs-6a03a3518b053850188068d7f2eafb56\" target=\"_blank\">l\u2019heure de v\u00e9rifier ses avertisseurs<\/a>; <a rel=\"noreferrer noopener\" aria-label=\" (opens in a new tab)\" href=\"https:\/\/www.lapresse.ca\/maison\/renovation\/201911\/06\/01-5248555-petites-renos-dautomne-adieu-courants-dair-.php\" target=\"_blank\">adieu aux courants d\u2019air<\/a>; <a rel=\"noreferrer noopener\" aria-label=\" (opens in a new tab)\" href=\"https:\/\/www.lapresse.ca\/maison\/cour-et-jardin\/201911\/01\/01-5247946-faut-il-ramasser-les-feuilles-.php\" target=\"_blank\">faut-il ramasser les feuilles<\/a> et <a href=\"https:\/\/www.lapresse.ca\/maison\/immobilier\/201911\/01\/01-5247944-encheres-pour-taxes-impayees-bonnes-affaires-a-lhorizon-.php?utm_categorieinterne=trafficdrivers&amp;utm_contenuinterne=cyberpresse_B13b_immobilier_320590_section_POS3\" target=\"_blank\" rel=\"noreferrer noopener\" aria-label=\" (opens in a new tab)\">ench\u00e8res pour taxes impay\u00e9es<\/a>. <\/p>\n\n\n\n<p><em>La Presse<\/em> nous informe <a href=\"https:\/\/www.lapresse.ca\/maison\/renovation\/201911\/06\/01-5248555-petites-renos-dautomne-adieu-courants-dair-.php\" target=\"_blank\" rel=\"noreferrer noopener\" aria-label=\" (opens in a new tab)\">comment r\u00e9duire les infiltrations d\u2019air froid<\/a>.<\/p>\n\n\n\n<p><em>Zone Bourse<\/em> rapporte que <a href=\"https:\/\/www.zonebourse.com\/IMPLENIA-AG-173800\/actualite\/Green-Village-est-le-premier-projet-immobilier-genevois-a-obtenir-le-label-One-Planet-Living--29516657\/\" target=\"_blank\" rel=\"noreferrer noopener\" aria-label=\" (opens in a new tab)\">Green Village est le premier projet immobilier genevois \u00e0 obtenir la d\u00e9signation \u00ab&nbsp;One Planet Living&nbsp;\u00bb<\/a>.<\/p>\n\n\n\n<p>Pour nous aider \u00e0 pr\u00e9parer nos vacances d\u2019\u00e9t\u00e9, <em>Actu.fr<\/em> nous propose un topo sur <a href=\"https:\/\/actu.fr\/loisirs-culture\/airbnb-maisons-logements-touristiques-plus-beaux-insolites-strasbourg-dalsace_29144571.html\" target=\"_blank\" rel=\"noreferrer noopener\" aria-label=\" (opens in a new tab)\">les logements touristiques les plus beaux ou insolites de Strasbourg et d\u2019Alsace<\/a>.<\/p>\n\n\n\n<p><em>My Sweet\u2019Immo<\/em> discute de la <a rel=\"noreferrer noopener\" aria-label=\" (opens in a new tab)\" href=\"https:\/\/www.mysweetimmo.com\/2019\/11\/06\/la-digitalisation-du-secteur-une-opportunite-a-saisir-pour-les-agents-immobiliers\/\" target=\"_blank\">num\u00e9risation du secteur immobilier<\/a> et rapporte <a href=\"https:\/\/www.mysweetimmo.com\/2019\/11\/04\/location-saisonniere-type-airbnb-les-regles-du-jeu-se-durcissent-a-partir-du-1er-decembre\/\" target=\"_blank\" rel=\"noreferrer noopener\" aria-label=\" (opens in a new tab)\">que les r\u00e8gles entourant Airbnb en France se resserreront \u00e0 partir du 1<\/a><sup><a href=\"https:\/\/www.mysweetimmo.com\/2019\/11\/04\/location-saisonniere-type-airbnb-les-regles-du-jeu-se-durcissent-a-partir-du-1er-decembre\/\" target=\"_blank\" rel=\"noreferrer noopener\" aria-label=\" (opens in a new tab)\">er<\/a><\/sup><a href=\"https:\/\/www.mysweetimmo.com\/2019\/11\/04\/location-saisonniere-type-airbnb-les-regles-du-jeu-se-durcissent-a-partir-du-1er-decembre\/\" target=\"_blank\" rel=\"noreferrer noopener\" aria-label=\" (opens in a new tab)\">&nbsp;d\u00e9cembre<\/a>.<\/p>\n\n\n\n<p><em>La Vie Immo<\/em> raconte que, <a rel=\"noreferrer noopener\" aria-label=\" (opens in a new tab)\" href=\"https:\/\/www.lavieimmo.com\/divers-immobilier\/face-aux-locations-illegales-sur-airbnb-les-hlm-tapent-du-poing-sur-la-table-47022.html\" target=\"_blank\">face aux locations ill\u00e9gales sur Airbnb, les HLM fran\u00e7aises tapent du poing sur la table<\/a> et note que le <a href=\"https:\/\/www.lavieimmo.com\/construction\/le-gouvernement-lache-europacity-le-projet-de-megacomplexe-culturel-et-commercial-d-auchan-47034.html\" target=\"_blank\" rel=\"noreferrer noopener\" aria-label=\" (opens in a new tab)\">gouvernement l\u00e2che Europacity, le projet de m\u00e9gacomplexe culturel et commercial d\u2019Auchan<\/a>.<\/p>\n\n\n\n<p><br><\/p>\n","protected":false},"excerpt":{"rendered":"<p>Les Saveurs de la semaine sont votre source hebdomadaire de nouvelles et de reportages sur l\u2019immobilier qui auraient pu vous \u00e9chapper.&nbsp;Notre \u00e9quipe des Saveurs de la semaine s\u2019acharne \u00e0 parcourir le Web \u00e0 la recherche de reportages obscurs, bizarres, int\u00e9ressants et informatifs sur l\u2019immobilier ou des sujets connexes. Si vous d\u00e9sirez en contribuer un, veuillez &hellip; <a href=\"https:\/\/archive.cafe.crea.ca\/fr\/saveurs-de-la-semaine-ce-quil-faut-savoir-avant-de-signer-un-contrat-de-deneigement\/\" class=\"more-link\">Continue reading <span class=\"screen-reader-text\">Saveurs de la semaine : ce qu\u2019il faut savoir avant de signer un contrat de d\u00e9neigement<\/span><\/a><\/p>\n","protected":false},"author":24,"featured_media":33363,"comment_status":"open","ping_status":"open","sticky":false,"template":"","format":"standard","meta":{"footnotes":""},"categories":[2372],"tags":[],"coauthors":[2157],"class_list":["post-33362","post","type-post","status-publish","format-standard","has-post-thumbnail","hentry","category-divers"],"aioseo_notices":[],"_links":{"self":[{"href":"https:\/\/archive.cafe.crea.ca\/fr\/wp-json\/wp\/v2\/posts\/33362"}],"collection":[{"href":"https:\/\/archive.cafe.crea.ca\/fr\/wp-json\/wp\/v2\/posts"}],"about":[{"href":"https:\/\/archive.cafe.crea.ca\/fr\/wp-json\/wp\/v2\/types\/post"}],"author":[{"embeddable":true,"href":"https:\/\/archive.cafe.crea.ca\/fr\/wp-json\/wp\/v2\/users\/24"}],"replies":[{"embeddable":true,"href":"https:\/\/archive.cafe.crea.ca\/fr\/wp-json\/wp\/v2\/comments?post=33362"}],"version-history":[{"count":2,"href":"https:\/\/archive.cafe.crea.ca\/fr\/wp-json\/wp\/v2\/posts\/33362\/revisions"}],"predecessor-version":[{"id":33368,"href":"https:\/\/archive.cafe.crea.ca\/fr\/wp-json\/wp\/v2\/posts\/33362\/revisions\/33368"}],"wp:featuredmedia":[{"embeddable":true,"href":"https:\/\/archive.cafe.crea.ca\/fr\/wp-json\/wp\/v2\/media\/33363"}],"wp:attachment":[{"href":"https:\/\/archive.cafe.crea.ca\/fr\/wp-json\/wp\/v2\/media?parent=33362"}],"wp:term":[{"taxonomy":"category","embeddable":true,"href":"https:\/\/archive.cafe.crea.ca\/fr\/wp-json\/wp\/v2\/categories?post=33362"},{"taxonomy":"post_tag","embeddable":true,"href":"https:\/\/archive.cafe.crea.ca\/fr\/wp-json\/wp\/v2\/tags?post=33362"},{"taxonomy":"author","embeddable":true,"href":"https:\/\/archive.cafe.crea.ca\/fr\/wp-json\/wp\/v2\/coauthors?post=33362"}],"curies":[{"name":"wp","href":"https:\/\/api.w.org\/{rel}","templated":true}]}}