{"id":33245,"date":"2019-10-22T09:59:16","date_gmt":"2019-10-22T13:59:16","guid":{"rendered":"https:\/\/archive.cafe.crea.ca\/?p=33245"},"modified":"2019-10-22T09:59:20","modified_gmt":"2019-10-22T13:59:20","slug":"realtors-care-le-voyage-humanitaire-de-geoff-et-regan-archambault-au-kenya-a-lappui-de-k-i-d-s-initiative","status":"publish","type":"post","link":"https:\/\/archive.cafe.crea.ca\/fr\/realtors-care-le-voyage-humanitaire-de-geoff-et-regan-archambault-au-kenya-a-lappui-de-k-i-d-s-initiative\/","title":{"rendered":"REALTORS Care\u00ae : Le voyage humanitaire de Geoff et Regan Archambault au Kenya \u00e0 l\u2019appui de K.I.D.S. Initiative"},"content":{"rendered":"\n<p>Les membres de l\u2019ACI Geoff et Regan Archambault sont bien connus dans leur collectivit\u00e9 \u00e0 titre de g\u00e9n\u00e9reux donateurs, de bons administrateurs et de b\u00e2tisseurs communautaires. Mis en nomination par un coll\u00e8gue de Winnipeg (Manitoba), ils o<a rel=\"noreferrer noopener\" aria-label=\" (opens in a new tab)\" href=\"https:\/\/www.realtorscare.ca\/fr\/nos-histoires-fr\/geoff-et-regan-archambault-ont-recu-le-prix-canadien-realtors-care-2019\/\" target=\"_blank\">https:\/\/www.realtorscare.ca\/fr\/nos-histoires-fr\/geoff-et-regan-archambault-ont-recu-le-prix-canadien-realtors-care-2019\/<\/a>nt re\u00e7u le Prix canadien REALTORS Care\u00ae de 2019, fi\u00e8rement pr\u00e9sent\u00e9 par REALTOR.ca en avril dernier. En leur honneur et pour toute la g\u00e9n\u00e9rosit\u00e9 dont ils font preuve de fa\u00e7on inspirante, l\u2019ACI a remis 5 000 $ \u00e0 l\u2019organisme de bienfaisance de leur choix : <a href=\"http:\/\/www.kidsinitiative.ca\/\" target=\"_blank\" rel=\"noreferrer noopener\" aria-label=\"K.I.D.S. Kenya Initiative for Development &amp; Sustainability inc. (K.I.D.S. Initiative) (opens in a new tab)\">K.I.D.S. Kenya Initiative for Development &amp; Sustainability inc. (K.I.D.S. Initiative)<\/a> (en anglais).<\/p>\n\n\n\n<p><br> Parmi les nombreuses causes qu\u2019ils appuient, K.I.D.S. Initiative leur tient particuli\u00e8rement \u00e0 c\u0153ur, car ils s\u2019y investissent pleinement depuis le d\u00e9but et ont pu constater l\u2019impact positif de cette organisation.<br> La fondatrice, Cat Ross, n\u2019avait que 23 ans lorsqu\u2019elle s\u2019est rendue au Kenya pour y travailler dans des cliniques VIH\/sida. C\u2019est alors qu\u2019elle a eu l\u2019id\u00e9e de cr\u00e9er K.I.D.S. Initiative.<\/p>\n\n\n\n<figure class=\"wp-block-image\"><img loading=\"lazy\" decoding=\"async\" width=\"890\" height=\"590\" src=\"https:\/\/archive.cafe.crea.ca\/wp-content\/uploads\/2019\/10\/kenya_blog_1.jpg\" alt=\"\" class=\"wp-image-33241\" srcset=\"https:\/\/archive.cafe.crea.ca\/wp-content\/uploads\/2019\/10\/kenya_blog_1.jpg 890w, https:\/\/archive.cafe.crea.ca\/wp-content\/uploads\/2019\/10\/kenya_blog_1-768x509.jpg 768w, https:\/\/archive.cafe.crea.ca\/wp-content\/uploads\/2019\/10\/kenya_blog_1-861x571.jpg 861w\" sizes=\"(max-width: 890px) 100vw, 890px\" \/><\/figure>\n\n\n\n<p><br> \u00ab Je ne m\u2019attendais pas au choc \u00e0 mon retour ni au sentiment \u00e9prouv\u00e9 apr\u00e8s avoir vu autant de pauvret\u00e9. En rentrant \u00e0 la maison, j\u2019ai constat\u00e9 notre abondance : l\u2019acc\u00e8s \u00e0 l\u2019eau du robinet dans presque toutes les pi\u00e8ces, les toilettes \u00e0 chasse d\u2019eau, la gratuit\u00e9 de l\u2019\u00e9ducation et des soins de sant\u00e9, et tant de gaspillage \u00bb, explique-t-elle. \u00ab Je voyais le d\u00e9s\u00e9quilibre total entre l\u2019abondance dans laquelle nous vivons en Am\u00e9rique du Nord et le manque de ressources des Kenyans, ces personnes incroyables avec qui j\u2019avais b\u00e2ti des relations\u2026 il me fallait donc faire quelque chose. \u00bb <\/p>\n\n\n\n<p><br> Lorsque Mme Ross a mis sur pied le premier conseil d\u2019administration de K.I.D.S. Initiative, elle a fait part de sa vision \u00e0 Geoff Archambault et lui a demand\u00e9 s\u2019il \u00e9tait int\u00e9ress\u00e9 d\u2019y si\u00e9ger. \u00ab Il a accept\u00e9 sans h\u00e9siter et nous offre, depuis, un grand soutien \u00bb, rappelle-t-elle.<\/p>\n\n\n\n<p><br> K.I.D.S. Initiative a \u00e9t\u00e9 fond\u00e9 en 2010. Sa mission est de promouvoir le d\u00e9veloppement et l\u2019enrichissement du pays et d\u2019apporter des solutions durables aux partenaires du Kenya \u00e0 l\u2019aide de programmes d\u2019\u00e9ducation et de campagnes de financement locales au Canada. En tant que l\u2019un des membres fondateurs du conseil de K.I.D.S. Initiative, Geoff a jou\u00e9 un r\u00f4le d\u00e9terminant dans l\u2019\u00e9laboration des r\u00e8glements administratifs, de programmes et d\u2019activit\u00e9s de financement, de m\u00eame que dans la planification strat\u00e9gique.<\/p>\n\n\n\n<p><br> \u00ab L\u2019exp\u00e9rience de Geoff et de Regan, en tant que propri\u00e9taires d\u2019entreprise et partenaires prosp\u00e8res, \u00e9tait indispensable pour moi \u00e0 ce moment-l\u00e0. J\u2019\u00e9tais tr\u00e8s jeune lorsque j\u2019ai mis sur pied cette organisation \u00bb, raconte t elle. \u00ab Ils m\u2019ont transmis une foule de conseils et de connaissances. \u00bb<\/p>\n\n\n\n<p><br> En 2016, Geoff, Regan et leurs deux enfants ont accompagn\u00e9 Mme Ross lors d\u2019un voyage de distribution au Kenya pour voir de leurs propres yeux les projets en cours de K.I.D.S. Initiative. \u00ab Nous avons visit\u00e9 deux camps pour personnes d\u00e9plac\u00e9es et avons \u00e9t\u00e9 surpris par leur accueil chaleureux \u00e0 notre arriv\u00e9e \u00bb, se souvient Geoff. \u00ab Ces collectivit\u00e9s sont tellement reconnaissantes de l\u2019aide que nous leur apportons et du fait que nous revenons les aider. \u00bb<\/p>\n\n\n\n<p> (en anglais)<\/p>\n\n\n\n<iframe loading=\"lazy\" width=\"560\" height=\"315\" src=\"https:\/\/www.youtube.com\/embed\/7Vbgf5maRVs\" frameborder=\"0\" allow=\"accelerometer; autoplay; encrypted-media; gyroscope; picture-in-picture\" allowfullscreen=\"\"><\/iframe>\n\n\n\n<p><br> Pour les membres de la famille Archambault, ce fut un moment charni\u00e8re qui a chang\u00e9 leur perspective. \u00ab Mon plus grand constat est de voir \u00e0 quel point un petit geste peut avoir un grand impact sur plusieurs \u00bb, nous confie Geoff. \u00ab La serre de l\u2019un des orphelinats que nous soutenons \u00e9tait peu productive, car le syst\u00e8me de r\u00e9cup\u00e9ration d\u2019eau ne donnait pas son plein rendement \u2014 celui que nous leur avions fourni pour collecter l\u2019eau des toits ne suffisait pas \u00e0 la demande. Le directeur nous a dit que la ferme voisine pouvait les approvisionner en eau, mais qu\u2019ils devaient fournir la canalisation. C\u2019\u00e9tait trop pour eux \u00e0 ce moment-l\u00e0 et ils ont d\u00fb laisser passer cette occasion. Nous avons demand\u00e9 combien il en co\u00fbterait et on nous a r\u00e9pondu environ 600 $ canadiens. Nous nous sommes regard\u00e9s et avons d\u00e9cid\u00e9 sur le champ de r\u00e9gler la situation. Notre contact sur place a imm\u00e9diatement entam\u00e9 le processus et, en quelques jours, l\u2019eau \u00e9tait achemin\u00e9e \u00e0 l\u2019orphelinat. \u00bb<\/p>\n\n\n\n<figure class=\"wp-block-image\"><img loading=\"lazy\" decoding=\"async\" width=\"890\" height=\"590\" src=\"https:\/\/archive.cafe.crea.ca\/wp-content\/uploads\/2019\/10\/blog_2.jpg\" alt=\"\" class=\"wp-image-33243\" srcset=\"https:\/\/archive.cafe.crea.ca\/wp-content\/uploads\/2019\/10\/blog_2.jpg 890w, https:\/\/archive.cafe.crea.ca\/wp-content\/uploads\/2019\/10\/blog_2-768x509.jpg 768w, https:\/\/archive.cafe.crea.ca\/wp-content\/uploads\/2019\/10\/blog_2-861x571.jpg 861w\" sizes=\"(max-width: 890px) 100vw, 890px\" \/><\/figure>\n\n\n\n<p><br> K.I.D.S. Initiative voit \u00e0 ce que 100 % des dons soient investis directement dans ses programmes, lesquels visent des solutions durables. \u00ab La durabilit\u00e9 des activit\u00e9s entreprises par K.I.D.S. Initiative nous interpelle vraiment en tant que chefs d\u2019entreprise et donateurs \u00bb, mentionne Regan. \u00ab Nous aidons des gens \u00e0 franchir une nouvelle \u00e9tape dans leur vie pour qu\u2019ils puissent devenir autosuffisants. \u00bb<\/p>\n\n\n\n<p><em><br> Note de la r\u00e9daction : Nous acceptons maintenant les mises candidature pour le Prix canadien REALTORS Care\u00ae de 2020! Si vous connaissez un courtier ou agent immobilier membre de l\u2019ACI qui fait preuve d\u2019un engagement caritatif exemplaire dans sa collectivit\u00e9 et m\u00e9rite d\u2019\u00eatre honor\u00e9 \u00e0 l\u2019\u00e9chelle nationale, veuillez <a href=\"https:\/\/www.realtorscare.ca\/fr\/resources\/proposez-un-courtier-ou-agent-membre-pour-le-prix-canadien-realtors-care\/\" target=\"_blank\" rel=\"noreferrer noopener\" aria-label=\"soumettre sa candidature  (opens in a new tab)\">soumettre sa candidature <\/a>avant la date limite du 6 d\u00e9cembre 2019 \u00e0 16 h (HE).<\/em><\/p>\n","protected":false},"excerpt":{"rendered":"<p>Les membres de l\u2019ACI Geoff et Regan Archambault sont bien connus dans leur collectivit\u00e9 \u00e0 titre de g\u00e9n\u00e9reux donateurs, de bons administrateurs et de b\u00e2tisseurs communautaires. Mis en nomination par un coll\u00e8gue de Winnipeg (Manitoba), ils ohttps:\/\/www.realtorscare.ca\/fr\/nos-histoires-fr\/geoff-et-regan-archambault-ont-recu-le-prix-canadien-realtors-care-2019\/nt re\u00e7u le Prix canadien REALTORS Care\u00ae de 2019, fi\u00e8rement pr\u00e9sent\u00e9 par REALTOR.ca en avril dernier. En leur honneur &hellip; <a href=\"https:\/\/archive.cafe.crea.ca\/fr\/realtors-care-le-voyage-humanitaire-de-geoff-et-regan-archambault-au-kenya-a-lappui-de-k-i-d-s-initiative\/\" class=\"more-link\">Continue reading <span class=\"screen-reader-text\">REALTORS Care\u00ae : Le voyage humanitaire de Geoff et Regan Archambault au Kenya \u00e0 l\u2019appui de K.I.D.S. Initiative<\/span><\/a><\/p>\n","protected":false},"author":131,"featured_media":33239,"comment_status":"open","ping_status":"open","sticky":false,"template":"","format":"standard","meta":{"footnotes":""},"categories":[2369],"tags":[2378],"coauthors":[2394],"class_list":["post-33245","post","type-post","status-publish","format-standard","has-post-thumbnail","hentry","category-defense-des-interets","tag-featured"],"aioseo_notices":[],"_links":{"self":[{"href":"https:\/\/archive.cafe.crea.ca\/fr\/wp-json\/wp\/v2\/posts\/33245"}],"collection":[{"href":"https:\/\/archive.cafe.crea.ca\/fr\/wp-json\/wp\/v2\/posts"}],"about":[{"href":"https:\/\/archive.cafe.crea.ca\/fr\/wp-json\/wp\/v2\/types\/post"}],"author":[{"embeddable":true,"href":"https:\/\/archive.cafe.crea.ca\/fr\/wp-json\/wp\/v2\/users\/131"}],"replies":[{"embeddable":true,"href":"https:\/\/archive.cafe.crea.ca\/fr\/wp-json\/wp\/v2\/comments?post=33245"}],"version-history":[{"count":2,"href":"https:\/\/archive.cafe.crea.ca\/fr\/wp-json\/wp\/v2\/posts\/33245\/revisions"}],"predecessor-version":[{"id":33248,"href":"https:\/\/archive.cafe.crea.ca\/fr\/wp-json\/wp\/v2\/posts\/33245\/revisions\/33248"}],"wp:featuredmedia":[{"embeddable":true,"href":"https:\/\/archive.cafe.crea.ca\/fr\/wp-json\/wp\/v2\/media\/33239"}],"wp:attachment":[{"href":"https:\/\/archive.cafe.crea.ca\/fr\/wp-json\/wp\/v2\/media?parent=33245"}],"wp:term":[{"taxonomy":"category","embeddable":true,"href":"https:\/\/archive.cafe.crea.ca\/fr\/wp-json\/wp\/v2\/categories?post=33245"},{"taxonomy":"post_tag","embeddable":true,"href":"https:\/\/archive.cafe.crea.ca\/fr\/wp-json\/wp\/v2\/tags?post=33245"},{"taxonomy":"author","embeddable":true,"href":"https:\/\/archive.cafe.crea.ca\/fr\/wp-json\/wp\/v2\/coauthors?post=33245"}],"curies":[{"name":"wp","href":"https:\/\/api.w.org\/{rel}","templated":true}]}}