{"id":33179,"date":"2019-10-10T09:33:17","date_gmt":"2019-10-10T13:33:17","guid":{"rendered":"https:\/\/archive.cafe.crea.ca\/?p=33179"},"modified":"2019-10-10T09:33:20","modified_gmt":"2019-10-10T13:33:20","slug":"tout-ce-que-les-experts-de-limmobilier-doivent-savoir-au-sujet-du-radon","status":"publish","type":"post","link":"https:\/\/archive.cafe.crea.ca\/fr\/tout-ce-que-les-experts-de-limmobilier-doivent-savoir-au-sujet-du-radon\/","title":{"rendered":"Tout ce que les experts de l\u2019immobilier doivent savoir au sujet du radon"},"content":{"rendered":"\n<p>Avez-vous entendu parler du radon? <\/p>\n\n\n\n<p>Le radon est la premi\u00e8re cause de cancer du\npoumon chez les non-fumeurs. Ce gaz radioactif d\u2019origine naturelle, issu de la\nd\u00e9sint\u00e9gration de l\u2019uranium dans le sol, la roche et l\u2019eau, est pr\u00e9sent dans\ntoutes les propri\u00e9t\u00e9s. Il reste donc \u00e0 d\u00e9terminer si la quantit\u00e9 du produit constitue\nun danger.<\/p>\n\n\n\n<p>Non trait\u00e9, il peut poser de graves risques pour la sant\u00e9. La bonne nouvelle est que <a rel=\"noreferrer noopener\" aria-label=\" (opens in a new tab)\" href=\"https:\/\/www.canada.ca\/fr\/sante-canada.html\" target=\"_blank\">Sant\u00e9&nbsp;Canada<\/a> et L\u2019Association canadienne de l\u2019immeuble ont uni leurs efforts pour mettre \u00e0 jour la publication <em><a href=\"https:\/\/www.crea.ca\/wp-content\/uploads\/2016\/02\/Le_radon_Guide_du_proprietaire_ACI.pdf\" target=\"_blank\" rel=\"noreferrer noopener\" aria-label=\" (opens in a new tab)\">Le&nbsp;radon&nbsp;\u2014&nbsp;Guide&nbsp;du&nbsp;propri\u00e9taire<\/a><\/em>. Ce guide contient tout ce que vous devez savoir au sujet du radon dans le secteur immobilier, et un compl\u00e9ment d\u2019information pour vous aider \u00e0 conseiller vos clients.<\/p>\n\n\n\n<p>Les membres de l\u2019ACI repr\u00e9sentent une\nsource importante et fiable d\u2019information pour les acheteurs et les propri\u00e9taires-vendeurs.\nVoici donc trois points \u00e0 retenir pour offrir les meilleurs conseils \u00e0 vos clients\net les aider \u00e0 r\u00e9gler cette importante question de sant\u00e9.<\/p>\n\n\n\n<p><strong>Laissez\nles experts s\u2019en occuper <\/strong><\/p>\n\n\n\n<p>\u00c0 Sant\u00e9 Canada, nous ne nous attendons pas\n\u00e0 ce que les experts de l\u2019immobilier soient aussi experts en radon\u2014c\u2019est notre\ndomaine, apr\u00e8s tout! Nous offrons donc du soutien, pour vous et vos clients, afin\nde vous informer au sujet du radon et vous aider \u00e0 passer \u00e0 l\u2019action. <\/p>\n\n\n\n<p>Dans le cadre de notre programme d\u2019\u00e9ducation et de sensibilisation, nous offrons de la formation gratuite aux chambres et associations, partout au Canada. Vous pouvez aussi commander de la <a href=\"https:\/\/www.canada.ca\/fr\/services\/sante\/publications\/securite-et-risque-pour-sante.html\" target=\"_blank\" rel=\"noreferrer noopener\" aria-label=\" (opens in a new tab)\">documentation&nbsp;gratuite<\/a> en ligne, puis la partager avec vos clients. <\/p>\n\n\n\n<p>De plus, nos <a href=\"https:\/\/www.canada.ca\/fr\/sante-canada\/organisation\/contactez-nous\/radon.html\" target=\"_blank\" rel=\"noreferrer noopener\" aria-label=\" (opens in a new tab)\">experts&nbsp;en&nbsp;radon<\/a> sont pr\u00eats \u00e0 r\u00e9pondre \u00e0 vos questions ou \u00e0 celles de vos clients directement, partout au pays. <\/p>\n\n\n\n<p><strong>Inutile\nde mesurer le radon au cours d\u2019une transaction immobili\u00e8re<\/strong><\/p>\n\n\n\n<p>Sant\u00e9 Canada recommande aux propri\u00e9taires de\nmesurer le radon \u00e0 long terme, soit sur une p\u00e9riode d\u2019au moins trois mois\ndurant les mois d\u2019automne et d\u2019hiver. Pour cette raison, nous vous sugg\u00e9rons d\u2019\u00e9viter\nde le mesurer au cours d\u2019une transaction immobili\u00e8re. <\/p>\n\n\n\n<p>Dans certaines r\u00e9gions du Canada, les\nexperts de l\u2019immobilier n\u00e9gocient un cautionnement de retenue de garantie, d\u00e9tenu\nen fiducie, \u00e0 utiliser apr\u00e8s avoir mesur\u00e9 le taux de radon \u00e0 long terme. Si le taux\nde radon d\u00e9passe la norme canadienne de 200&nbsp;Bq\/m<sup>3<\/sup> (becquerels par\nm\u00e8tre cube), ce cautionnement est alors applicable contre une mesure\nd\u2019att\u00e9nuation, une fois la transaction immobili\u00e8re compl\u00e9t\u00e9e.<\/p>\n\n\n\n<p><strong>Pourquoi\nmesurer le radon?<\/strong><\/p>\n\n\n\n<p>En tant qu\u2019expert de l\u2019immobilier, vous communiquez\nfr\u00e9quemment avec vos clients. Vous avez donc d\u2019excellentes occasions de leur sugg\u00e9rer\nle moment id\u00e9al pour mesurer le radon. <\/p>\n\n\n\n<ul class=\"wp-block-list\"><li><strong>Mesure du radon avant la vente&nbsp;<\/strong>: Dans\nla plupart des propri\u00e9t\u00e9s, le taux de radon est faible, mais le seul moyen de\nle conna\u00eetre est de le mesurer. Recommandez \u00e0 vos clients de mesurer le radon, puis\nd\u2019en r\u00e9duire le niveau au besoin. Ils pourront ainsi inclure le faible taux de\nradon dans les caract\u00e9ristiques de vente de leur propri\u00e9t\u00e9.<\/li><li><strong>Mesure du radon apr\u00e8s l\u2019achat&nbsp;<\/strong>: Encouragez\nles clients \u00e0 mesurer le radon \u00e0 long terme, lorsqu\u2019ils emm\u00e9nagent dans leur\nnouvelle propri\u00e9t\u00e9. Certains membres ajoutent m\u00eame une trousse de mesure du\nradon \u00e0 long terme ou du mat\u00e9riel d\u2019information gratuit de Sant\u00e9 Canada dans le\npanier-cadeau qu\u2019ils offrent \u00e0 leurs clients.<\/li><\/ul>\n\n\n\n<p>Les propri\u00e9t\u00e9s dont le taux de radon est faible sont des propri\u00e9t\u00e9s saines. Mesurer le radon est facile et peut sauver des vies. Pour trouver un d\u00e9taillant \u00e0 proximit\u00e9, rendez-vous sur <a href=\"https:\/\/takeactiononradon.ca\/fr\/test-fr\/radon-test-kits-fr\/\" target=\"_blank\" rel=\"noreferrer noopener\" aria-label=\" (opens in a new tab)\">Occupe-toi&nbsp;du&nbsp;radon<\/a>. <\/p>\n\n\n\n<p>Pour obtenir un compl\u00e9ment d\u2019information \u00e0 fournir \u00e0 vos clients, ou pour en apprendre davantage sur la d\u00e9tection du radon, visitez <a href=\"https:\/\/www.crea.ca\/wp-content\/uploads\/2016\/02\/Le_radon_Guide_du_proprietaire_ACI.pdf\" target=\"_blank\" rel=\"noreferrer noopener\" aria-label=\" (opens in a new tab)\">Le radon&nbsp;\u2014&nbsp;Guide du propri\u00e9taire<\/a>. <\/p>\n","protected":false},"excerpt":{"rendered":"<p>Avez-vous entendu parler du radon? Le radon est la premi\u00e8re cause de cancer du poumon chez les non-fumeurs. Ce gaz radioactif d\u2019origine naturelle, issu de la d\u00e9sint\u00e9gration de l\u2019uranium dans le sol, la roche et l\u2019eau, est pr\u00e9sent dans toutes les propri\u00e9t\u00e9s. Il reste donc \u00e0 d\u00e9terminer si la quantit\u00e9 du produit constitue un danger. &hellip; <a href=\"https:\/\/archive.cafe.crea.ca\/fr\/tout-ce-que-les-experts-de-limmobilier-doivent-savoir-au-sujet-du-radon\/\" class=\"more-link\">Continue reading <span class=\"screen-reader-text\">Tout ce que les experts de l\u2019immobilier doivent savoir au sujet du radon<\/span><\/a><\/p>\n","protected":false},"author":140,"featured_media":33177,"comment_status":"open","ping_status":"open","sticky":false,"template":"","format":"standard","meta":{"footnotes":""},"categories":[2369],"tags":[],"coauthors":[2403],"class_list":["post-33179","post","type-post","status-publish","format-standard","has-post-thumbnail","hentry","category-defense-des-interets"],"aioseo_notices":[],"_links":{"self":[{"href":"https:\/\/archive.cafe.crea.ca\/fr\/wp-json\/wp\/v2\/posts\/33179"}],"collection":[{"href":"https:\/\/archive.cafe.crea.ca\/fr\/wp-json\/wp\/v2\/posts"}],"about":[{"href":"https:\/\/archive.cafe.crea.ca\/fr\/wp-json\/wp\/v2\/types\/post"}],"author":[{"embeddable":true,"href":"https:\/\/archive.cafe.crea.ca\/fr\/wp-json\/wp\/v2\/users\/140"}],"replies":[{"embeddable":true,"href":"https:\/\/archive.cafe.crea.ca\/fr\/wp-json\/wp\/v2\/comments?post=33179"}],"version-history":[{"count":2,"href":"https:\/\/archive.cafe.crea.ca\/fr\/wp-json\/wp\/v2\/posts\/33179\/revisions"}],"predecessor-version":[{"id":33183,"href":"https:\/\/archive.cafe.crea.ca\/fr\/wp-json\/wp\/v2\/posts\/33179\/revisions\/33183"}],"wp:featuredmedia":[{"embeddable":true,"href":"https:\/\/archive.cafe.crea.ca\/fr\/wp-json\/wp\/v2\/media\/33177"}],"wp:attachment":[{"href":"https:\/\/archive.cafe.crea.ca\/fr\/wp-json\/wp\/v2\/media?parent=33179"}],"wp:term":[{"taxonomy":"category","embeddable":true,"href":"https:\/\/archive.cafe.crea.ca\/fr\/wp-json\/wp\/v2\/categories?post=33179"},{"taxonomy":"post_tag","embeddable":true,"href":"https:\/\/archive.cafe.crea.ca\/fr\/wp-json\/wp\/v2\/tags?post=33179"},{"taxonomy":"author","embeddable":true,"href":"https:\/\/archive.cafe.crea.ca\/fr\/wp-json\/wp\/v2\/coauthors?post=33179"}],"curies":[{"name":"wp","href":"https:\/\/api.w.org\/{rel}","templated":true}]}}