{"id":33117,"date":"2019-10-01T09:53:50","date_gmt":"2019-10-01T13:53:50","guid":{"rendered":"https:\/\/archive.cafe.crea.ca\/?p=33117"},"modified":"2019-10-01T09:53:50","modified_gmt":"2019-10-01T13:53:50","slug":"de-vraies-idees-pour-laccession-a-la-propriete-en-vue-des-elections-federales-de-2019","status":"publish","type":"post","link":"https:\/\/archive.cafe.crea.ca\/fr\/de-vraies-idees-pour-laccession-a-la-propriete-en-vue-des-elections-federales-de-2019\/","title":{"rendered":"De VRAIES id\u00e9es pour l\u2019accession \u00e0 la propri\u00e9t\u00e9 en vue des \u00e9lections f\u00e9d\u00e9rales de 2019"},"content":{"rendered":"\n<p> \u00c0 l\u2019approche des \u00e9lections f\u00e9d\u00e9rales qui auront lieu ce mois-ci, on s\u2019attend \u00e0 ce que l\u2019abordabilit\u00e9 du logement soit une priorit\u00e9 pour tous les partis politiques. Comme les candidats au Parlement feront du porte-\u00e0-porte dans les 338 circonscriptions du Canada, vous aurez une occasion unique, dans les prochaines semaines, de discuter avec des candidats de tous les partis de l\u2019accession \u00e0 la propri\u00e9t\u00e9 et des solutions aux d\u00e9fis que pose l\u2019achat d\u2019une habitation dans leurs collectivit\u00e9s.<\/p>\n\n\n\n<p>Lorsque ces candidats\nse pr\u00e9senteront \u00e0 votre porte afin d\u2019obtenir votre soutien, c\u2019est \u00e0 vous, les\ncourtiers et agents immobiliers, de leur faire comprendre l\u2019importance de\nd\u00e9fendre des politiques qui r\u00e9pondent aux besoins des propri\u00e9taires et de ceux\nqui souhaitent r\u00e9aliser ce r\u00eave. Cette conversation initiale constitue la\npremi\u00e8re \u00e9tape pour influencer les d\u00e9cisions du gouvernement qui seront prises\nune fois que les votes auront \u00e9t\u00e9 recens\u00e9s et que les si\u00e8ges de la Chambre des\ncommunes auront \u00e9t\u00e9 attribu\u00e9s. C\u2019est l\u00e0 que les bases sont jet\u00e9es pour influer\nles d\u00e9cisions qui auront un impact sur vos clients et votre entreprise au cours\ndes quatre&nbsp;prochaines ann\u00e9es.<\/p>\n\n\n\n<p>Vous pouvez vous\nengager \u00e0 d\u00e9fendre les int\u00e9r\u00eats de vos clients de nombreuses fa\u00e7ons dans le\ncadre de cette \u00e9lection. Chaque petit geste peut avoir un impact et contribuer\n\u00e0 recentrer le discours politique sur nos enjeux. Voici des fa\u00e7ons dont les\nmembres de l\u2019ACI peuvent y contribuer&nbsp;:<\/p>\n\n\n\n<ul class=\"wp-block-list\"><li>Visitez <a rel=\"noreferrer noopener\" aria-label=\" (opens in a new tab)\" href=\"https:\/\/realideas.ca\/\" target=\"_blank\">crea.ca\/deVRAIESidees<\/a> afin d\u2019en savoir plus sur nos recommandations et sur les engagements \u00e9lectoraux des partis.<\/li><li>Allez sur les m\u00e9dias sociaux et faites passer le mot au sujet de l\u2019abordabilit\u00e9 du logement au moyen des images t\u00e9l\u00e9chargeables disponibles sur <a href=\"https:\/\/realideas.ca\/\" target=\"_blank\" rel=\"noreferrer noopener\" aria-label=\" (opens in a new tab)\">crea.ca\/deVRAIESidees<\/a>.<\/li><\/ul>\n\n\n\n<figure class=\"wp-block-image\"><img loading=\"lazy\" decoding=\"async\" width=\"1200\" height=\"628\" src=\"https:\/\/archive.cafe.crea.ca\/wp-content\/uploads\/2019\/09\/CREA-Election2019-SOCIAL-FR_SUPPLY-RECTANGLE.jpg\" alt=\"\" class=\"wp-image-33118\" srcset=\"https:\/\/archive.cafe.crea.ca\/wp-content\/uploads\/2019\/09\/CREA-Election2019-SOCIAL-FR_SUPPLY-RECTANGLE.jpg 1200w, https:\/\/archive.cafe.crea.ca\/wp-content\/uploads\/2019\/09\/CREA-Election2019-SOCIAL-FR_SUPPLY-RECTANGLE-768x402.jpg 768w, https:\/\/archive.cafe.crea.ca\/wp-content\/uploads\/2019\/09\/CREA-Election2019-SOCIAL-FR_SUPPLY-RECTANGLE-1091x571.jpg 1091w\" sizes=\"(max-width: 1200px) 100vw, 1200px\" \/><\/figure>\n\n\n\n<ul class=\"wp-block-list\"><li>Lorsqu\u2019un candidat se pr\u00e9sente chez vous,\nsaisissez cette occasion et abordez nos enjeux. Vous pouvez aussi le faire \u00e0 l\u2019arr\u00eat\nd\u2019autobus ou lors d\u2019un \u00e9v\u00e9nement communautaire. Si vous connaissez un des\ncandidats, assurez-vous de discuter avec lui de nos enjeux et de lui\ncommuniquer nos recommandations.<\/li><li>Participez \u00e0 des \u00e9v\u00e9nements o\u00f9 tous\nles candidats sont pr\u00e9sents. Une forte pr\u00e9sence permettra aux futurs\nparlementaires de comprendre la vaste port\u00e9e du r\u00e9seau immobilier.<\/li><\/ul>\n\n\n\n<p>Bien que tous les\npartis reconnaissent volontiers la valeur de l\u2019accession \u00e0 la propri\u00e9t\u00e9, les prochaines\n\u00e9lections repr\u00e9sentent l\u2019occasion de faire passer ce message aupr\u00e8s des\ncandidats qui formeront le prochain gouvernement du Canada.<\/p>\n","protected":false},"excerpt":{"rendered":"<p>\u00c0 l\u2019approche des \u00e9lections f\u00e9d\u00e9rales qui auront lieu ce mois-ci, on s\u2019attend \u00e0 ce que l\u2019abordabilit\u00e9 du logement soit une priorit\u00e9 pour tous les partis politiques. Comme les candidats au Parlement feront du porte-\u00e0-porte dans les 338 circonscriptions du Canada, vous aurez une occasion unique, dans les prochaines semaines, de discuter avec des candidats de &hellip; <a href=\"https:\/\/archive.cafe.crea.ca\/fr\/de-vraies-idees-pour-laccession-a-la-propriete-en-vue-des-elections-federales-de-2019\/\" class=\"more-link\">Continue reading <span class=\"screen-reader-text\">De VRAIES id\u00e9es pour l\u2019accession \u00e0 la propri\u00e9t\u00e9 en vue des \u00e9lections f\u00e9d\u00e9rales de 2019<\/span><\/a><\/p>\n","protected":false},"author":75,"featured_media":33115,"comment_status":"open","ping_status":"open","sticky":false,"template":"","format":"standard","meta":{"footnotes":""},"categories":[2369],"tags":[2378,2380],"coauthors":[2193],"class_list":["post-33117","post","type-post","status-publish","format-standard","has-post-thumbnail","hentry","category-defense-des-interets","tag-featured","tag-featured-fr-2"],"aioseo_notices":[],"_links":{"self":[{"href":"https:\/\/archive.cafe.crea.ca\/fr\/wp-json\/wp\/v2\/posts\/33117"}],"collection":[{"href":"https:\/\/archive.cafe.crea.ca\/fr\/wp-json\/wp\/v2\/posts"}],"about":[{"href":"https:\/\/archive.cafe.crea.ca\/fr\/wp-json\/wp\/v2\/types\/post"}],"author":[{"embeddable":true,"href":"https:\/\/archive.cafe.crea.ca\/fr\/wp-json\/wp\/v2\/users\/75"}],"replies":[{"embeddable":true,"href":"https:\/\/archive.cafe.crea.ca\/fr\/wp-json\/wp\/v2\/comments?post=33117"}],"version-history":[{"count":2,"href":"https:\/\/archive.cafe.crea.ca\/fr\/wp-json\/wp\/v2\/posts\/33117\/revisions"}],"predecessor-version":[{"id":33123,"href":"https:\/\/archive.cafe.crea.ca\/fr\/wp-json\/wp\/v2\/posts\/33117\/revisions\/33123"}],"wp:featuredmedia":[{"embeddable":true,"href":"https:\/\/archive.cafe.crea.ca\/fr\/wp-json\/wp\/v2\/media\/33115"}],"wp:attachment":[{"href":"https:\/\/archive.cafe.crea.ca\/fr\/wp-json\/wp\/v2\/media?parent=33117"}],"wp:term":[{"taxonomy":"category","embeddable":true,"href":"https:\/\/archive.cafe.crea.ca\/fr\/wp-json\/wp\/v2\/categories?post=33117"},{"taxonomy":"post_tag","embeddable":true,"href":"https:\/\/archive.cafe.crea.ca\/fr\/wp-json\/wp\/v2\/tags?post=33117"},{"taxonomy":"author","embeddable":true,"href":"https:\/\/archive.cafe.crea.ca\/fr\/wp-json\/wp\/v2\/coauthors?post=33117"}],"curies":[{"name":"wp","href":"https:\/\/api.w.org\/{rel}","templated":true}]}}