{"id":33088,"date":"2019-09-24T09:54:42","date_gmt":"2019-09-24T13:54:42","guid":{"rendered":"https:\/\/archive.cafe.crea.ca\/?p=33088"},"modified":"2019-09-24T09:54:45","modified_gmt":"2019-09-24T13:54:45","slug":"discuter-des-elections-lors-des-journees-du-cap-2019","status":"publish","type":"post","link":"https:\/\/archive.cafe.crea.ca\/fr\/discuter-des-elections-lors-des-journees-du-cap-2019\/","title":{"rendered":"Discuter des \u00e9lections lors des Journ\u00e9es du CAP 2019"},"content":{"rendered":"\n<p>Chaque ann\u00e9e, pendant les Journ\u00e9es du Comit\u00e9 d\u2019action politique (CAP), des agents et courtiers immobiliers engag\u00e9s politiquement de partout au Canada convergent vers la Colline du Parlement pour r\u00e9seauter, d\u00e9velopper leurs comp\u00e9tences en mati\u00e8re de d\u00e9fense des int\u00e9r\u00eats et d\u00e9montrer toute la force de nos efforts de lobbying.<\/p>\n\n\n\n<p>Les 34<sup>e<\/sup>&nbsp;Journ\u00e9es du CAP auront lieu du 6 au 8&nbsp;octobre dans la capitale nationale. Comme les \u00e9lections f\u00e9d\u00e9rales auront lieu le 21&nbsp;octobre, le moment ne pourrait pas \u00eatre mieux choisi; en effet, au cours des r\u00e9centes ann\u00e9es, aucune \u00e9lection n\u2019a \u00e9t\u00e9 aussi impr\u00e9visible.<\/p>\n\n\n\n<p>Dans le cadre de l\u2019\u00e9v\u00e9nement de cette ann\u00e9e, les novices en politique, tout comme les repr\u00e9sentants chevronn\u00e9s du CAP, auront l\u2019occasion de discuter des \u00e9lections avec un impressionnant panel de journalistes, de sondeurs et de strat\u00e8ges politiques. Les participants pourront aussi se pr\u00e9parer \u00e0 d\u00e9fendre les int\u00e9r\u00eats futurs des membres de l\u2019ACI, des propri\u00e9taires et des acheteurs potentiels. \u00c0 cette fin, ils pourront compter sur les conseils d\u2019anciens parlementaires. De plus, les membres auront la chance de r\u00e9seauter avec d\u2019autres repr\u00e9sentants du CAP et des employ\u00e9s de l\u2019ACI, ce qui renforcera notre r\u00e9seau de d\u00e9fense des int\u00e9r\u00eats.<\/p>\n\n\n\n<p>Jetez un coup d\u2019\u0153il au programme des Journ\u00e9es du CAP 2019.<\/p>\n\n\n\n<h2 class=\"wp-block-heading\"><strong>Conf\u00e9rences\nint\u00e9ressantes et enrichissantes<\/strong><\/h2>\n\n\n\n<p>Le\nprogramme de trois&nbsp;jours d\u00e9borde de conf\u00e9renciers captivants. Apr\u00e8s le\ncongr\u00e8s, vous aurez une perspective bien \u00e9quilibr\u00e9e de ce que les \u00e9lections de\ncette ann\u00e9e nous r\u00e9servent. Les Journ\u00e9es du CAP&nbsp;2019 mettront en vedette\nun groupe d\u2019experts des m\u00e9dias, d\u2019experts du domaine et de strat\u00e8ges politiques\nqui discuteront de ce qui s\u2019est bien pass\u00e9, de ce qui s\u2019est moins bien pass\u00e9, des candidats en hausse et en baisse\ndans les intentions de vote, et de ce \u00e0 quoi ils s\u2019attendent lors de l\u2019\u00e9lection\net apr\u00e8s.<\/p>\n\n\n\n<p>Les\nJourn\u00e9es du CAP&nbsp;2019 ne se limitent pas aux panels de professionnels des\nm\u00e9dias, de gourous des m\u00e9dias sociaux, de sondeurs et de consultants politiques&nbsp;:\ndeux&nbsp;conf\u00e9renciers d\u2019honneur y seront \u00e9galement. Les repr\u00e9sentants du CAP entendront\nl\u2019extraordinaire urbaniste et ancienne candidate \u00e0 la mairie de Toronto,\nJennifer&nbsp;Keesmaat, ainsi que le commentateur politique et ancien r\u00e9dacteur\nde discours du pr\u00e9sident am\u00e9ricain George&nbsp;W.&nbsp;Bush, David&nbsp;Frum.<\/p>\n\n\n\n<h2 class=\"wp-block-heading\"><strong>Information et formation sur la d\u00e9fense des int\u00e9r\u00eats<\/strong><\/h2>\n\n\n\n<p>L\u2019ACI et le r\u00e9seau du CAP d\u00e9ploient beaucoup d\u2019efforts pour favoriser l\u2019adoption de lois et de r\u00e8glements qui profitent aux propri\u00e9taires et permettent aux membres de mieux servir leurs clients.<\/p>\n\n\n\n<p>Durant le congr\u00e8s, les repr\u00e9sentants du CAP reverront\nles activit\u00e9s li\u00e9es aux relations gouvernementales de l\u2019ACI depuis la derni\u00e8re\nann\u00e9e, et auront une bonne id\u00e9e de ce qui suivra l\u2019\u00e9lection.<\/p>\n\n\n\n<p>Les repr\u00e9sentants du CAP d\u00e9montreront \u00e9galement\nleurs comp\u00e9tences en mati\u00e8re de d\u00e9fense des droits et obtiendront des conseils\nsur la fa\u00e7on de tenir une r\u00e9union efficace des d\u00e9put\u00e9s avec d\u2019anciens\nparlementaires.<\/p>\n\n\n\n<p>Pour obtenir des d\u00e9tails suppl\u00e9mentaires sur le congr\u00e8s, ainsi que des documents d\u2019information et le formulaire d\u2019inscription, visitez <a href=\"https:\/\/www.realtoractionnetwork.com\" target=\"_blank\" rel=\"noreferrer noopener\" aria-label=\" (opens in a new tab)\">realtoractionnetwork.com<\/a>. De plus, pour ne rater aucun fait saillant sur les m\u00e9dias sociaux, utilisez le mot-clic #CAP19ACI.<\/p>\n","protected":false},"excerpt":{"rendered":"<p>Chaque ann\u00e9e, pendant les Journ\u00e9es du Comit\u00e9 d\u2019action politique (CAP), des agents et courtiers immobiliers engag\u00e9s politiquement de partout au Canada convergent vers la Colline du Parlement pour r\u00e9seauter, d\u00e9velopper leurs comp\u00e9tences en mati\u00e8re de d\u00e9fense des int\u00e9r\u00eats et d\u00e9montrer toute la force de nos efforts de lobbying. Les 34e&nbsp;Journ\u00e9es du CAP auront lieu du &hellip; <a href=\"https:\/\/archive.cafe.crea.ca\/fr\/discuter-des-elections-lors-des-journees-du-cap-2019\/\" class=\"more-link\">Continue reading <span class=\"screen-reader-text\">Discuter des \u00e9lections lors des Journ\u00e9es du CAP 2019<\/span><\/a><\/p>\n","protected":false},"author":138,"featured_media":33086,"comment_status":"open","ping_status":"open","sticky":false,"template":"","format":"standard","meta":{"footnotes":""},"categories":[2369],"tags":[2380],"coauthors":[2401],"class_list":["post-33088","post","type-post","status-publish","format-standard","has-post-thumbnail","hentry","category-defense-des-interets","tag-featured-fr-2"],"aioseo_notices":[],"_links":{"self":[{"href":"https:\/\/archive.cafe.crea.ca\/fr\/wp-json\/wp\/v2\/posts\/33088"}],"collection":[{"href":"https:\/\/archive.cafe.crea.ca\/fr\/wp-json\/wp\/v2\/posts"}],"about":[{"href":"https:\/\/archive.cafe.crea.ca\/fr\/wp-json\/wp\/v2\/types\/post"}],"author":[{"embeddable":true,"href":"https:\/\/archive.cafe.crea.ca\/fr\/wp-json\/wp\/v2\/users\/138"}],"replies":[{"embeddable":true,"href":"https:\/\/archive.cafe.crea.ca\/fr\/wp-json\/wp\/v2\/comments?post=33088"}],"version-history":[{"count":2,"href":"https:\/\/archive.cafe.crea.ca\/fr\/wp-json\/wp\/v2\/posts\/33088\/revisions"}],"predecessor-version":[{"id":33091,"href":"https:\/\/archive.cafe.crea.ca\/fr\/wp-json\/wp\/v2\/posts\/33088\/revisions\/33091"}],"wp:featuredmedia":[{"embeddable":true,"href":"https:\/\/archive.cafe.crea.ca\/fr\/wp-json\/wp\/v2\/media\/33086"}],"wp:attachment":[{"href":"https:\/\/archive.cafe.crea.ca\/fr\/wp-json\/wp\/v2\/media?parent=33088"}],"wp:term":[{"taxonomy":"category","embeddable":true,"href":"https:\/\/archive.cafe.crea.ca\/fr\/wp-json\/wp\/v2\/categories?post=33088"},{"taxonomy":"post_tag","embeddable":true,"href":"https:\/\/archive.cafe.crea.ca\/fr\/wp-json\/wp\/v2\/tags?post=33088"},{"taxonomy":"author","embeddable":true,"href":"https:\/\/archive.cafe.crea.ca\/fr\/wp-json\/wp\/v2\/coauthors?post=33088"}],"curies":[{"name":"wp","href":"https:\/\/api.w.org\/{rel}","templated":true}]}}