{"id":33024,"date":"2019-09-13T16:29:46","date_gmt":"2019-09-13T20:29:46","guid":{"rendered":"https:\/\/archive.cafe.crea.ca\/?p=33024"},"modified":"2019-09-13T16:39:38","modified_gmt":"2019-09-13T20:39:38","slug":"saveurs-de-la-semaine-un-canard-avec-votre-cafe","status":"publish","type":"post","link":"https:\/\/archive.cafe.crea.ca\/fr\/saveurs-de-la-semaine-un-canard-avec-votre-cafe\/","title":{"rendered":"Saveurs de la semaine : un canard avec votre caf\u00e9?"},"content":{"rendered":"<p><em>Les Saveurs de la semaine sont votre source hebdomadaire de nouvelles et de reportages sur l\u2019immobilier qui auraient pu vous \u00e9chapper.\u00a0Notre \u00e9quipe des Saveurs de la semaine s\u2019acharne \u00e0 parcourir le Web \u00e0 la recherche de reportages obscurs, bizarres, int\u00e9ressants et informatifs sur l\u2019immobilier ou des sujets connexes. Si vous d\u00e9sirez en contribuer un, veuillez l\u2019afficher \u00e0 notre section r\u00e9serv\u00e9e aux commentaires ou gazouiller sur le reportage en utilisant le mot-clic\u00a0#Saveursdelasemaine. Faites-vous couler une bonne tasse de caf\u00e9 frais, savourez ces reportages\u2026 et faites-en peut-\u00eatre m\u00eame part \u00e0 vos amis et coll\u00e8gues. Bonne lecture!<\/em><\/p>\n<hr \/>\n<p>Les conseils de la semaine\u00a0: les caf\u00e9s \u00e0 canards\u00a0sont la nouvelle tendance dans le genre caf\u00e9s \u00e0 animaux; des oiseaux dans la chemin\u00e9e; des plantes d\u2019automne \u00e0 cultiver dans votre jardin; et une r\u00e9ception de th\u00e9 \u00e0 la Downton Abbey.<\/p>\n<p>Nous connaissons les caf\u00e9s \u00e0 chats, mais que dire des caf\u00e9s \u00e0 canards? <a href=\"https:\/\/quebec.huffingtonpost.ca\/entry\/cafe-canard_qc_5d729a77e4b0fde50c25ef81?utm_hp_ref=qc-insolite\" target=\"_blank\" rel=\"noopener noreferrer\">C\u2019est la nouvelle tendance dans certaines r\u00e9gions de la Chine.<\/a><\/p>\n<p>Ces d\u00e9corateurs croient que l\u2019art et l\u2019architecture vivent une relation symbiotique. <a href=\"https:\/\/www.lapresse.ca\/maison\/architecture\/201909\/06\/01-5240161-lart-pour-valoriser-larchitecture.php?utm_categorieinterne=trafficdrivers&amp;utm_contenuinterne=cyberpresse_B4_architecture_2641536_section_POS1\" target=\"_blank\" rel=\"noopener noreferrer\">Ils vous feront aimer davantage vos oeuvres pr\u00e9f\u00e9r\u00e9es.<\/a><\/p>\n<p><a href=\"https:\/\/www.lavoixdelest.ca\/actualites\/des-nids-de-martinets-ramoneurs-font-le-buzz-db24dac33aee89465930a7a154876d44\" target=\"_blank\" rel=\"noopener noreferrer\">Des experts rapportent que la population de martinets ramoneurs, en voie de disparition, fait un retour partout au Qu\u00e9bec.<\/a> Quel est leur habitat pr\u00e9f\u00e9r\u00e9? Les chemin\u00e9es, bien s\u00fbr!<\/p>\n<p><a href=\"https:\/\/www.lapresse.ca\/maison\/cour-et-jardin\/201909\/06\/01-5240159-des-bulbes-pour-faire-durer-le-plaisir.php\" target=\"_blank\" rel=\"noopener noreferrer\">Voici une belle liste de bulbes d\u2019automne qui donneront \u00e0 votre propri\u00e9t\u00e9 un air de paradis naturel<\/a>, au moins jusqu\u2019\u00e0 l\u2019hiver.<\/p>\n<p><a href=\"https:\/\/www.lesoleil.com\/maison\/le-journal-dans-le-decor-83248abac0c64487b33a88754729275e\" target=\"_blank\" rel=\"noopener noreferrer\">N\u2019y a-t-il pas de meilleure fa\u00e7on que de montrer votre respect pour l\u2019environnement<\/a> en transformant les d\u00e9chets en d\u00e9cor?<\/p>\n<p><a href=\"https:\/\/www.lesoleil.com\/le-mag\/une-touche-de-downton-abbey-au-chateau-frontenac-video-8d5a7dffd7faea66d02a3664163b59aa\" target=\"_blank\" rel=\"noopener noreferrer\">Qui n\u2019aime pas une belle r\u00e9ception de th\u00e9?<\/a> La semaine prochaine, le Ch\u00e2teau Frontenac tiendra sa toute premi\u00e8re r\u00e9ception de th\u00e9, dans une ambiance des ann\u00e9es\u00a01920, \u00e0 l\u2019occasion de la sortie tant attendue du film <em>Downton Abbey<\/em>.<\/p>\n","protected":false},"excerpt":{"rendered":"<p>Les Saveurs de la semaine sont votre source hebdomadaire de nouvelles et de reportages sur l\u2019immobilier qui auraient pu vous \u00e9chapper.\u00a0Notre \u00e9quipe des Saveurs de la semaine s\u2019acharne \u00e0 parcourir le Web \u00e0 la recherche de reportages obscurs, bizarres, int\u00e9ressants et informatifs sur l\u2019immobilier ou des sujets connexes. Si vous d\u00e9sirez en contribuer un, veuillez &hellip; <a href=\"https:\/\/archive.cafe.crea.ca\/fr\/saveurs-de-la-semaine-un-canard-avec-votre-cafe\/\" class=\"more-link\">Continue reading <span class=\"screen-reader-text\">Saveurs de la semaine : un canard avec votre caf\u00e9?<\/span><\/a><\/p>\n","protected":false},"author":137,"featured_media":33028,"comment_status":"open","ping_status":"open","sticky":false,"template":"","format":"standard","meta":{"footnotes":""},"categories":[2372],"tags":[],"coauthors":[2400],"class_list":["post-33024","post","type-post","status-publish","format-standard","has-post-thumbnail","hentry","category-divers"],"aioseo_notices":[],"_links":{"self":[{"href":"https:\/\/archive.cafe.crea.ca\/fr\/wp-json\/wp\/v2\/posts\/33024"}],"collection":[{"href":"https:\/\/archive.cafe.crea.ca\/fr\/wp-json\/wp\/v2\/posts"}],"about":[{"href":"https:\/\/archive.cafe.crea.ca\/fr\/wp-json\/wp\/v2\/types\/post"}],"author":[{"embeddable":true,"href":"https:\/\/archive.cafe.crea.ca\/fr\/wp-json\/wp\/v2\/users\/137"}],"replies":[{"embeddable":true,"href":"https:\/\/archive.cafe.crea.ca\/fr\/wp-json\/wp\/v2\/comments?post=33024"}],"version-history":[{"count":3,"href":"https:\/\/archive.cafe.crea.ca\/fr\/wp-json\/wp\/v2\/posts\/33024\/revisions"}],"predecessor-version":[{"id":33032,"href":"https:\/\/archive.cafe.crea.ca\/fr\/wp-json\/wp\/v2\/posts\/33024\/revisions\/33032"}],"wp:featuredmedia":[{"embeddable":true,"href":"https:\/\/archive.cafe.crea.ca\/fr\/wp-json\/wp\/v2\/media\/33028"}],"wp:attachment":[{"href":"https:\/\/archive.cafe.crea.ca\/fr\/wp-json\/wp\/v2\/media?parent=33024"}],"wp:term":[{"taxonomy":"category","embeddable":true,"href":"https:\/\/archive.cafe.crea.ca\/fr\/wp-json\/wp\/v2\/categories?post=33024"},{"taxonomy":"post_tag","embeddable":true,"href":"https:\/\/archive.cafe.crea.ca\/fr\/wp-json\/wp\/v2\/tags?post=33024"},{"taxonomy":"author","embeddable":true,"href":"https:\/\/archive.cafe.crea.ca\/fr\/wp-json\/wp\/v2\/coauthors?post=33024"}],"curies":[{"name":"wp","href":"https:\/\/api.w.org\/{rel}","templated":true}]}}