{"id":32728,"date":"2019-07-19T13:51:01","date_gmt":"2019-07-19T17:51:01","guid":{"rendered":"https:\/\/archive.cafe.crea.ca\/?p=32728"},"modified":"2019-07-19T13:17:06","modified_gmt":"2019-07-19T17:17:06","slug":"saveurs-de-la-semaine-le-festival-dete-de-quebec-se-termine-sur-une-note-positive-pour-les-hotes-airbnb","status":"publish","type":"post","link":"https:\/\/archive.cafe.crea.ca\/fr\/saveurs-de-la-semaine-le-festival-dete-de-quebec-se-termine-sur-une-note-positive-pour-les-hotes-airbnb\/","title":{"rendered":"Saveurs de la semaine : Le Festival d\u2019\u00e9t\u00e9 de Qu\u00e9bec se termine sur une note positive pour les h\u00f4tes Airbnb"},"content":{"rendered":"<p><em>Les Saveurs de la semaine sont votre source hebdomadaire de nouvelles et de reportages sur l\u2019immobilier qui auraient pu vous \u00e9chapper.<\/em><em>\u00a0Notre \u00e9quipe des Saveurs de la semaine s\u2019acharne \u00e0 parcourir le Web \u00e0 la recherche de reportages obscurs, bizarres, int\u00e9ressants et informatifs sur l\u2019immobilier ou des sujets connexes. Si vous d\u00e9sirez en contribuer un, veuillez l\u2019afficher \u00e0 notre section r\u00e9serv\u00e9e aux commentaires ou gazouiller sur le reportage en utilisant le mot-clic\u00a0<strong>#Saveursdelasemaine<\/strong>. Faites-vous couler une bonne tasse de caf\u00e9 frais, savourez ces reportages\u2026 et faites-en peut-\u00eatre m\u00eame part \u00e0 vos amis et coll\u00e8gues.<\/em><\/p>\n<p><em>Bonne lecture!<\/em><\/p>\n<hr \/>\n<p>Les conseils de la semaine\u00a0: <a href=\"https:\/\/www.journaldemontreal.com\/2019\/07\/12\/comment-accumuler-la-mise-de-fonds-pour-sacheter-une-maison\" target=\"_blank\" rel=\"noopener noreferrer\">comment accumuler la mise de fonds pour s\u2019acheter une maison<\/a>; le <a href=\"https:\/\/www.journaldemontreal.com\/2019\/07\/15\/le-pret-hypothecaire-est-il-une-bonne-dette\" target=\"_blank\" rel=\"noopener noreferrer\">pr\u00eat hypoth\u00e9caire est-il une bonne dette<\/a>; les <a href=\"https:\/\/www.lesoleil.com\/maison\/conditions-gagnantes-pour-peindre-ou-teindre-la-terrasse-dafdaa0b4adb07c9a3806eada0dce466\" target=\"_blank\" rel=\"noopener noreferrer\">conditions gagnantes pour peindre ou teindre la terrasse<\/a>; <a href=\"https:\/\/www.lesoleil.com\/maison\/gardez-les-plantes-en-pot-en-pleine-forme-db3d6cb4648e725d469bbd0b0892b296\" target=\"_blank\" rel=\"noopener noreferrer\">garder les plantes en pot en pleine forme<\/a>; un <a href=\"https:\/\/www.lesoleil.com\/maison\/coup-declat-pour-reseduire-la-clientele-8cc9397b8b8d901eb2c80da0fd4fd320\" target=\"_blank\" rel=\"noopener noreferrer\">coup d\u2019\u00e9clat pour (re)s\u00e9duire la client\u00e8le<\/a>; des <a href=\"https:\/\/www.lapresse.ca\/maison\/immobilier\/201907\/15\/01-5233952-locataires-pour-la-vie.php\" target=\"_blank\" rel=\"noopener noreferrer\">locataires pour la vie<\/a>; le <a href=\"https:\/\/www.lapresse.ca\/maison\/decoration\/201907\/16\/01-5234066-le-marche-florissant-des-plantes-doccasion.php\" target=\"_blank\" rel=\"noopener noreferrer\">march\u00e9 florissant des plantes \u00ab\u00a0d\u2019occasion\u00a0\u00bb<\/a>; des <a href=\"https:\/\/www.lapresse.ca\/maison\/cour-et-jardin\/201907\/12\/01-5233713-des-vegetaux-heureux-meme-pendant-nos-vacances.php\" target=\"_blank\" rel=\"noopener noreferrer\">v\u00e9g\u00e9taux heureux, m\u00eame pendant nos vacances<\/a>; <a href=\"https:\/\/www.lapresse.ca\/maison\/decoration\/201907\/12\/01-5233712-mon-oasis-a-moi.php\" target=\"_blank\" rel=\"noopener noreferrer\">mon oasis \u00e0 moi<\/a> et <a href=\"https:\/\/www.lapresse.ca\/maison\/renovation\/201907\/17\/01-5234193-lart-du-calfeutrage.php\" target=\"_blank\" rel=\"noopener noreferrer\">l\u2019art du calfeutrage<\/a>.<\/p>\n<p><em>Conseiller<\/em> se demande si <a href=\"https:\/\/www.conseiller.ca\/nouvelles\/economie\/le-canada-doit-il-craindre-une-bulle-immobiliere\/\" target=\"_blank\" rel=\"noopener noreferrer\">le Canada doit craindre une bulle immobili\u00e8re<\/a>.<\/p>\n<p>Joanie Fontaine des <em>Affaires<\/em> constate <a href=\"https:\/\/www.lesaffaires.com\/blogues\/joanie-fontaine\/immobilier-un-bon-2e-trimestre-malgre-un-mois-de-juin-moins-eclatant\/611440\" target=\"_blank\" rel=\"noopener noreferrer\">un bon deuxi\u00e8me trimestre pour l\u2019immobilier malgr\u00e9 un mois de juin moins \u00e9clatant<\/a>.<\/p>\n<p><em>Le Journal de Montr\u00e9al<\/em> souligne qu\u2019il <a href=\"https:\/\/www.journaldemontreal.com\/2019\/07\/18\/il-faut-22--h-pour-soffrir-un-logement-decent-de-deux-chambres-au-canada\" target=\"_blank\" rel=\"noopener noreferrer\">faut gagner 22\u00a0$ de l\u2019heure pour s\u2019offrir un logement d\u00e9cent de deux\u00a0chambres au Canada<\/a>.<\/p>\n<p><em>Le Journal de Qu\u00e9bec<\/em> note que les <a href=\"https:\/\/www.journaldequebec.com\/2019\/07\/15\/les-hotes-airbnb-font-des-affaires-dor-grace-au-feq\" target=\"_blank\" rel=\"noopener noreferrer\">h\u00f4tes Airbnb ont fait des affaires en or lors du Festival d\u2019\u00e9t\u00e9 de Qu\u00e9bec<\/a>.<\/p>\n<p><em>TVA Nouvelles<\/em> r\u00e9v\u00e8le que <a href=\"https:\/\/www.tvanouvelles.ca\/2019\/07\/13\/la-taxe-antispeculation-immobiliere-a-rapporte-115-millions--a-la-colombie-britannique\" target=\"_blank\" rel=\"noopener noreferrer\">la taxe antisp\u00e9culation immobili\u00e8re a rapport\u00e9 115\u00a0M$ \u00e0 la Colombie\u2011Britannique<\/a>.<\/p>\n<p><em>La Vie Immo<\/em> se demande si <a href=\"https:\/\/www.lavieimmo.com\/construction\/le-bois-peut-il-etre-l-avenir-du-beton-pour-le-batiment-46174.html\" target=\"_blank\" rel=\"noopener noreferrer\">le bois peut \u00eatre l\u2019avenir du b\u00e9ton pour le b\u00e2timent<\/a>; raconte qu\u2019\u00e0 <a href=\"https:\/\/www.lavieimmo.com\/immobilier-international\/a-monaco-14-villas-et-5-immeubles-vont-etre-construits-sur-l-eau-46104.html\" target=\"_blank\" rel=\"noopener noreferrer\">Monaco, 14\u00a0villas et 5\u00a0immeubles vont \u00eatre construits sur l\u2019eau<\/a> et ajoute que <a href=\"https:\/\/www.lavieimmo.com\/immobilier-international\/ces-maisons-de-l-architecte-du-musee-guggenheim-font-maintenant-partie-du-patrimoine-de-l-humanite-46070.html\" target=\"_blank\" rel=\"noopener noreferrer\">les \u0153uvres de l\u2019architecte du mus\u00e9e Guggenheim font maintenant partie du patrimoine de l\u2019humanit\u00e9<\/a>.<\/p>\n<p><em>My Sweet Immo<\/em> rapporte <a href=\"https:\/\/www.mysweetimmo.com\/2019\/07\/18\/moins-de-35-ans-generation-y-generation-de-locataires\/\" target=\"_blank\" rel=\"noopener noreferrer\">les moins de 35\u00a0ans, la g\u00e9n\u00e9ration Y, est une g\u00e9n\u00e9ration de locataires<\/a> et annonce qu\u2019\u00e0 <a href=\"https:\/\/www.mysweetimmo.com\/2019\/07\/12\/benverly-hills-the-manor-trouve-preneur-a-pres-120-millions-de-dollars\/\" target=\"_blank\" rel=\"noopener noreferrer\">Beverly Hills, \u00ab\u00a0The Manor\u00a0\u00bb a trouv\u00e9 preneurs \u00e0 pr\u00e8s de 120\u00a0millions de dollars<\/a>.<\/p>\n<p>Bonne semaine!<\/p>\n","protected":false},"excerpt":{"rendered":"<p>Les Saveurs de la semaine sont votre source hebdomadaire de nouvelles et de reportages sur l\u2019immobilier qui auraient pu vous \u00e9chapper.\u00a0Notre \u00e9quipe des Saveurs de la semaine s\u2019acharne \u00e0 parcourir le Web \u00e0 la recherche de reportages obscurs, bizarres, int\u00e9ressants et informatifs sur l\u2019immobilier ou des sujets connexes. Si vous d\u00e9sirez en contribuer un, veuillez &hellip; <a href=\"https:\/\/archive.cafe.crea.ca\/fr\/saveurs-de-la-semaine-le-festival-dete-de-quebec-se-termine-sur-une-note-positive-pour-les-hotes-airbnb\/\" class=\"more-link\">Continue reading <span class=\"screen-reader-text\">Saveurs de la semaine : Le Festival d\u2019\u00e9t\u00e9 de Qu\u00e9bec se termine sur une note positive pour les h\u00f4tes Airbnb<\/span><\/a><\/p>\n","protected":false},"author":24,"featured_media":32729,"comment_status":"open","ping_status":"open","sticky":false,"template":"","format":"standard","meta":{"footnotes":""},"categories":[2358],"tags":[],"coauthors":[2157],"class_list":["post-32728","post","type-post","status-publish","format-standard","has-post-thumbnail","hentry","category-etcetera"],"aioseo_notices":[],"_links":{"self":[{"href":"https:\/\/archive.cafe.crea.ca\/fr\/wp-json\/wp\/v2\/posts\/32728"}],"collection":[{"href":"https:\/\/archive.cafe.crea.ca\/fr\/wp-json\/wp\/v2\/posts"}],"about":[{"href":"https:\/\/archive.cafe.crea.ca\/fr\/wp-json\/wp\/v2\/types\/post"}],"author":[{"embeddable":true,"href":"https:\/\/archive.cafe.crea.ca\/fr\/wp-json\/wp\/v2\/users\/24"}],"replies":[{"embeddable":true,"href":"https:\/\/archive.cafe.crea.ca\/fr\/wp-json\/wp\/v2\/comments?post=32728"}],"version-history":[{"count":1,"href":"https:\/\/archive.cafe.crea.ca\/fr\/wp-json\/wp\/v2\/posts\/32728\/revisions"}],"predecessor-version":[{"id":32731,"href":"https:\/\/archive.cafe.crea.ca\/fr\/wp-json\/wp\/v2\/posts\/32728\/revisions\/32731"}],"wp:featuredmedia":[{"embeddable":true,"href":"https:\/\/archive.cafe.crea.ca\/fr\/wp-json\/wp\/v2\/media\/32729"}],"wp:attachment":[{"href":"https:\/\/archive.cafe.crea.ca\/fr\/wp-json\/wp\/v2\/media?parent=32728"}],"wp:term":[{"taxonomy":"category","embeddable":true,"href":"https:\/\/archive.cafe.crea.ca\/fr\/wp-json\/wp\/v2\/categories?post=32728"},{"taxonomy":"post_tag","embeddable":true,"href":"https:\/\/archive.cafe.crea.ca\/fr\/wp-json\/wp\/v2\/tags?post=32728"},{"taxonomy":"author","embeddable":true,"href":"https:\/\/archive.cafe.crea.ca\/fr\/wp-json\/wp\/v2\/coauthors?post=32728"}],"curies":[{"name":"wp","href":"https:\/\/api.w.org\/{rel}","templated":true}]}}