{"id":32634,"date":"2019-07-05T13:59:25","date_gmt":"2019-07-05T17:59:25","guid":{"rendered":"https:\/\/archive.cafe.crea.ca\/?p=32634"},"modified":"2019-07-05T13:59:25","modified_gmt":"2019-07-05T17:59:25","slug":"aux-saveurs-de-la-semaine-le-bungalow-a-t-il-une-valeur-patrimoniale","status":"publish","type":"post","link":"https:\/\/archive.cafe.crea.ca\/fr\/aux-saveurs-de-la-semaine-le-bungalow-a-t-il-une-valeur-patrimoniale\/","title":{"rendered":"Aux Saveurs de la semaine : le bungalow a-t-il une valeur patrimoniale?"},"content":{"rendered":"<p><em>Les Saveurs de la semaine sont votre source hebdomadaire de nouvelles et de reportages sur l\u2019immobilier qui auraient pu vous \u00e9chapper.<\/em><em>\u00a0Notre \u00e9quipe des Saveurs de la semaine s\u2019acharne \u00e0 parcourir le Web \u00e0 la recherche de reportages obscurs, bizarres, int\u00e9ressants et informatifs sur l\u2019immobilier ou des sujets connexes. Si vous d\u00e9sirez en contribuer un, veuillez l\u2019afficher \u00e0 notre section r\u00e9serv\u00e9e aux commentaires ou gazouiller sur le reportage en utilisant le mot-clic\u00a0<strong>#Saveursdelasemaine<\/strong>. Faites-vous couler une bonne tasse de caf\u00e9 frais, savourez ces reportages\u2026 et faites-en peut-\u00eatre m\u00eame part \u00e0 vos amis et coll\u00e8gues. Bonne lecture!<\/em><\/p>\n<hr \/>\n<p>Les conseils de la semaine\u00a0: la <a href=\"https:\/\/www.lesoleil.com\/maison\/la-culture-des-pivoines-herbacees-8901e89549e9e037747b651df0f372f0\" target=\"_blank\" rel=\"noopener noreferrer\">culture des pivoines herbac\u00e9es<\/a>; <a href=\"https:\/\/www.lesoleil.com\/maison\/mettre-fin-au-festival-de-la-fourmi-3384f5a38adb2cea4decd42cd51951c9\" target=\"_blank\" rel=\"noopener noreferrer\">mettre fin au festival de la fourmi<\/a>; <a href=\"https:\/\/www.lesoleil.com\/maison\/demenagement-dernier-sprint-0e55c26207ebbbfc223734a6dd34add6\" target=\"_blank\" rel=\"noopener noreferrer\">d\u00e9m\u00e9nagement, le dernier sprint<\/a>; quand <a href=\"https:\/\/www.journaldemontreal.com\/2019\/06\/29\/quand-la-maison-familiale-devient-une-prison\" target=\"_blank\" rel=\"noopener noreferrer\">la maison familiale devient une prison<\/a>; des <a href=\"https:\/\/www.journaldemontreal.com\/2019\/07\/03\/des-meubles-encombrants-lors-du-demenagement\" target=\"_blank\" rel=\"noopener noreferrer\">meubles encombrants lors du d\u00e9m\u00e9nagement<\/a>; le <a href=\"https:\/\/www.lapresse.ca\/maison\/architecture\/201906\/26\/01-5231748-le-bauhaus-autour-du-monde.php\" target=\"_blank\" rel=\"noopener noreferrer\">Bauhaus autour du monde<\/a>; <a href=\"https:\/\/www.lapresse.ca\/maison\/immobilier\/201906\/28\/01-5232000-acheter-un-flip-sans-flipper.php\" target=\"_blank\" rel=\"noopener noreferrer\">acheter un \u00ab\u00a0flip\u00a0\u00bb sans \u00ab\u00a0flipper\u00a0\u00bb<\/a> et <a href=\"https:\/\/www.lapresse.ca\/maison\/cour-et-jardin\/201906\/28\/01-5231988-sus-aux-mauvaises-herbes-.php\" target=\"_blank\" rel=\"noopener noreferrer\">venir \u00e0 bout des \u00ab\u00a0mauvaises herbes\u00a0\u00bb<\/a>.<\/p>\n<p>Dominic Brassard d\u2019<em>ICI Radio-Canada<\/em> se demande si <a href=\"https:\/\/ici.radio-canada.ca\/premiere\/emissions\/le-15-18\/segments\/reportage\/123505\/architecture-maison-patrimoine-boucherville\" target=\"_blank\" rel=\"noopener noreferrer\">le bungalow a une valeur patrimoniale<\/a>.<\/p>\n<p><em>Conseiller<\/em> constate qu\u2019au Canada, les <a href=\"https:\/\/www.conseiller.ca\/nouvelles\/economie\/generation-y-30-ans-pour-acheter-une-maison\/\" target=\"_blank\" rel=\"noopener noreferrer\">membres de la g\u00e9n\u00e9ration Y devront \u00e9conomiser 30\u00a0ans pour s\u2019offrir un logement dans certaines grandes villes<\/a>.<\/p>\n<p><em>Lib\u00e9ration<\/em> explore <a href=\"https:\/\/www.liberation.fr\/france\/2019\/07\/03\/commissions-immobilieres-tout-le-monde-veut-toucher-au-grisbi_1737852\" target=\"_blank\" rel=\"noopener noreferrer\">les commissions immobili\u00e8res<\/a> en France.<\/p>\n<p><em>Le Nouvel Observateur<\/em> r\u00e9v\u00e8le que <a href=\"https:\/\/www.nouvelobs.com\/immobilier\/20190704.OBS15430\/immobilier-les-parisiens-partent-en-banlieue-et-vivent-mieux.html\" target=\"_blank\" rel=\"noopener noreferrer\">les Parisiens partent en banlieue&#8230; et vivent mieux<\/a> et qu\u2019<a href=\"https:\/\/www.nouvelobs.com\/immobilier\/20190703.OBS15316\/immobilier-a-paris-le-marche-des-chambres-de-service-en-perte-de-vitesse.html\" target=\"_blank\" rel=\"noopener noreferrer\">\u00e0 Paris, le march\u00e9 des chambres de service est en perte de vitesse<\/a>.<\/p>\n<p><em>Le Petit Journal<\/em> remarque que <a href=\"https:\/\/lepetitjournal.com\/londres\/le-prix-de-limmobilier-continue-de-chuter-londres-260986\" target=\"_blank\" rel=\"noopener noreferrer\">le prix de l\u2019immobilier continue de chuter \u00e0 Londres<\/a>.<\/p>\n<p><em>So Gentleman<\/em> propose un reportage sur <a href=\"http:\/\/www.so-gentlemen.be\/fr\/39989-linsolite-histoire-de-doel-le-village-fantome.html\" target=\"_blank\" rel=\"noopener noreferrer\">Doel, village fant\u00f4me belge<\/a>.<\/p>\n<p><em>Futura Maison<\/em> compile <a href=\"https:\/\/www.futura-sciences.com\/maison\/questions-reponses\/architecture-containers-10-usages-plus-insolites-11628\/\" target=\"_blank\" rel=\"noopener noreferrer\">dix\u00a0fa\u00e7ons originales d\u2019utiliser les conteneurs<\/a>.<\/p>\n<p>Et l\u2019occasion de la semaine\u00a0: <a href=\"https:\/\/dailygeekshow.com\/amazon-vente-maisons\/\" target=\"_blank\" rel=\"noopener noreferrer\">Amazon livre d\u00e9sormais des maisons pr\u00e9fabriqu\u00e9es \u00e0 partir de 2\u00a0600\u00a0euros<\/a>.<\/p>\n","protected":false},"excerpt":{"rendered":"<p>Les Saveurs de la semaine sont votre source hebdomadaire de nouvelles et de reportages sur l\u2019immobilier qui auraient pu vous \u00e9chapper.\u00a0Notre \u00e9quipe des Saveurs de la semaine s\u2019acharne \u00e0 parcourir le Web \u00e0 la recherche de reportages obscurs, bizarres, int\u00e9ressants et informatifs sur l\u2019immobilier ou des sujets connexes. Si vous d\u00e9sirez en contribuer un, veuillez &hellip; <a href=\"https:\/\/archive.cafe.crea.ca\/fr\/aux-saveurs-de-la-semaine-le-bungalow-a-t-il-une-valeur-patrimoniale\/\" class=\"more-link\">Continue reading <span class=\"screen-reader-text\">Aux Saveurs de la semaine : le bungalow a-t-il une valeur patrimoniale?<\/span><\/a><\/p>\n","protected":false},"author":24,"featured_media":32635,"comment_status":"open","ping_status":"open","sticky":false,"template":"","format":"standard","meta":{"footnotes":""},"categories":[2372],"tags":[],"coauthors":[2157],"class_list":["post-32634","post","type-post","status-publish","format-standard","has-post-thumbnail","hentry","category-divers"],"aioseo_notices":[],"_links":{"self":[{"href":"https:\/\/archive.cafe.crea.ca\/fr\/wp-json\/wp\/v2\/posts\/32634"}],"collection":[{"href":"https:\/\/archive.cafe.crea.ca\/fr\/wp-json\/wp\/v2\/posts"}],"about":[{"href":"https:\/\/archive.cafe.crea.ca\/fr\/wp-json\/wp\/v2\/types\/post"}],"author":[{"embeddable":true,"href":"https:\/\/archive.cafe.crea.ca\/fr\/wp-json\/wp\/v2\/users\/24"}],"replies":[{"embeddable":true,"href":"https:\/\/archive.cafe.crea.ca\/fr\/wp-json\/wp\/v2\/comments?post=32634"}],"version-history":[{"count":2,"href":"https:\/\/archive.cafe.crea.ca\/fr\/wp-json\/wp\/v2\/posts\/32634\/revisions"}],"predecessor-version":[{"id":32639,"href":"https:\/\/archive.cafe.crea.ca\/fr\/wp-json\/wp\/v2\/posts\/32634\/revisions\/32639"}],"wp:featuredmedia":[{"embeddable":true,"href":"https:\/\/archive.cafe.crea.ca\/fr\/wp-json\/wp\/v2\/media\/32635"}],"wp:attachment":[{"href":"https:\/\/archive.cafe.crea.ca\/fr\/wp-json\/wp\/v2\/media?parent=32634"}],"wp:term":[{"taxonomy":"category","embeddable":true,"href":"https:\/\/archive.cafe.crea.ca\/fr\/wp-json\/wp\/v2\/categories?post=32634"},{"taxonomy":"post_tag","embeddable":true,"href":"https:\/\/archive.cafe.crea.ca\/fr\/wp-json\/wp\/v2\/tags?post=32634"},{"taxonomy":"author","embeddable":true,"href":"https:\/\/archive.cafe.crea.ca\/fr\/wp-json\/wp\/v2\/coauthors?post=32634"}],"curies":[{"name":"wp","href":"https:\/\/api.w.org\/{rel}","templated":true}]}}