{"id":32335,"date":"2019-05-03T14:27:52","date_gmt":"2019-05-03T18:27:52","guid":{"rendered":"https:\/\/archive.cafe.crea.ca\/?p=32335"},"modified":"2019-05-17T10:08:01","modified_gmt":"2019-05-17T14:08:01","slug":"saveurs-de-la-semaine-special-inondations-transactions-pertes-totales-mesures-durgences-et-vendre-sa-propriete","status":"publish","type":"post","link":"https:\/\/archive.cafe.crea.ca\/fr\/saveurs-de-la-semaine-special-inondations-transactions-pertes-totales-mesures-durgences-et-vendre-sa-propriete\/","title":{"rendered":"Saveurs de la semaine, sp\u00e9cial inondations : transactions, pertes totales, mesures d\u2019urgences et vendre sa propri\u00e9t\u00e9"},"content":{"rendered":"<p><em>Les Saveurs de la semaine sont votre source hebdomadaire de nouvelles et de reportages sur l\u2019immobilier qui auraient pu vous \u00e9chapper.<\/em><em>\u00a0Notre \u00e9quipe des Saveurs de la semaine s\u2019acharne \u00e0 parcourir le Web \u00e0 la recherche de reportages obscurs, bizarres, int\u00e9ressants et informatifs sur l\u2019immobilier ou des sujets connexes. Si vous d\u00e9sirez en contribuer un, veuillez l\u2019afficher \u00e0 notre section r\u00e9serv\u00e9e aux commentaires ou gazouiller sur le reportage en utilisant le mot-clic\u00a0<strong>#Saveursdelasemaine<\/strong>. Faites-vous couler une bonne tasse de caf\u00e9 frais, savourez ces reportages\u2026 et faites-en peut-\u00eatre m\u00eame part \u00e0 vos amis et coll\u00e8gues. Bonne lecture!<\/em><\/p>\n<p>Les conseils de la semaine\u00a0: la <a href=\"https:\/\/www.journaldemontreal.com\/2019\/04\/28\/la-fascination-pour-limmobilier\" target=\"_blank\" rel=\"noopener noreferrer\">fascination pour l\u2019immobilier<\/a>; <a href=\"https:\/\/www.journaldemontreal.com\/2019\/04\/30\/transactions-immobilieres-et-inondations-quarrive-t-il-1\" target=\"_blank\" rel=\"noopener noreferrer\">transactions immobili\u00e8res et inondations<\/a>; votre <a href=\"https:\/\/www.journaldemontreal.com\/2019\/05\/01\/votre-maison-inondee-est-elle-une-perte-totale\" target=\"_blank\" rel=\"noopener noreferrer\">maison inond\u00e9e est-elle une perte totale<\/a>; le <a href=\"https:\/\/www.journaldemontreal.com\/2019\/04\/30\/le-parcours-du-combattant-inonde\" target=\"_blank\" rel=\"noopener noreferrer\">parcours du combattant inond\u00e9<\/a>; <a href=\"https:\/\/www.journaldemontreal.com\/2019\/04\/19\/huit-mesures-durgence-a-prendre-si-leau-menace-votre-propriete\" target=\"_blank\" rel=\"noopener noreferrer\">huit mesures d\u2019urgence \u00e0 prendre si l\u2019eau menace votre propri\u00e9t\u00e9<\/a>; les <a href=\"https:\/\/www.journaldemontreal.com\/2019\/04\/29\/les-conditions-gagnantes-pour-migrer-en-floride\" target=\"_blank\" rel=\"noopener noreferrer\">conditions gagnantes pour migrer en Floride<\/a>; les <a href=\"https:\/\/www.conseiller.ca\/nouvelles\/economie\/les-jeunes-acheteurs-immobiliers-devront-attendre\/\" target=\"_blank\" rel=\"noopener noreferrer\">jeunes acheteurs devront attendre<\/a>; <a href=\"https:\/\/www.journaldemontreal.com\/2019\/05\/02\/vendre-a-perte-sa-propriete-apres-des-inondations\" target=\"_blank\" rel=\"noopener noreferrer\">vendre \u00e0 perte sa propri\u00e9t\u00e9 apr\u00e8s les inondations<\/a>; <a href=\"https:\/\/www.lesoleil.com\/maison\/piscines-naturelles-nager-avec-les-grenouilles-4b465325956b41cd928c32e0a81b6512\" target=\"_blank\" rel=\"noopener noreferrer\">piscines naturelles<\/a>; o\u00f9 <a href=\"https:\/\/www.lapresse.ca\/maison\/architecture\/201905\/01\/01-5224223-ou-vivent-les-architectes-la-suite.php\" target=\"_blank\" rel=\"noopener noreferrer\">vivent les architectes<\/a>?; <a href=\"https:\/\/www.lapresse.ca\/maison\/architecture\/201905\/02\/01-5224349-lessor-et-lenvers-des-minimaisons.php\" target=\"_blank\" rel=\"noopener noreferrer\">l\u2019essor et l\u2019envers des minimaisons<\/a>; une <a href=\"https:\/\/www.lapresse.ca\/maison\/decoration\/201904\/26\/01-5223688-une-chambre-pour-les-petits-sensibles.php\" target=\"_blank\" rel=\"noopener noreferrer\">chambre pour les petits sensibles<\/a> et <a href=\"https:\/\/www.lapresse.ca\/maison\/immobilier\/201904\/26\/01-5223662-le-quartz-avant-la-certification-ecolo.php?utm_categorieinterne=trafficdrivers&amp;utm_contenuinterne=cyberpresse_B13b_immobilier_320590_section_POS3\" target=\"_blank\" rel=\"noopener noreferrer\">le quartz avant la certification \u00e9colo<\/a>.<\/p>\n<p>Emmanuelle Plante du <span style=\"font-style: normal !msorm;\"><em>Journal de Montr\u00e9al<\/em><\/span> discute <a href=\"https:\/\/www.journaldemontreal.com\/2019\/04\/28\/la-fascination-pour-limmobilier\" target=\"_blank\" rel=\"noopener noreferrer\">d\u2019\u00e9missions de t\u00e9l\u00e9 sur l\u2019immobilier<\/a>.<\/p>\n<p><span style=\"font-style: normal !msorm;\"><em>Radio-Canada<\/em><\/span> constate qu\u2019<a href=\"https:\/\/ici.radio-canada.ca\/nouvelle\/1167033\/airbnb-bataille-union-europenne-agent-immobilier\" target=\"_blank\" rel=\"noopener noreferrer\">Airbnb remporte une bataille devant l&rsquo;Union europ\u00e9enne, mais pas la guerre<\/a>.<\/p>\n<p><span style=\"font-style: normal !msorm;\"><em>La <\/em><\/span><span style=\"font-style: normal !msorm;\"><em>Vie Immo<\/em><\/span> propose <a href=\"https:\/\/www.lavieimmo.com\/immobilier-raon-l-etape-35358\/ces-maisons-bulles-des-annees-1970-sont-a-vendre-aux-encheres-a-partir-de-100000-euros-45436.html\" target=\"_blank\" rel=\"noopener noreferrer\">ces maisons-bulles des ann\u00e9es 1970, \u00e0 vendre aux ench\u00e8res \u00e0 partir de 100\u00a0000\u00a0euros<\/a> et note que <a href=\"https:\/\/www.lavieimmo.com\/divers-immobilier\/marriott-veut-concurrencer-airbnb-en-lancant-sa-propre-plateforme-de-location-45416.html\" target=\"_blank\" rel=\"noopener noreferrer\">Marriott veut concurrencer Airbnb en lan\u00e7ant sa propre plateforme de location<\/a>.<\/p>\n<p><span style=\"font-style: normal !msorm;\"><em>My Sweet Immo<\/em><\/span> souligne que <a href=\"https:\/\/www.mysweetimmo.com\/2019\/04\/30\/bercy-rend-public-les-vrais-prix-de-votre-bien-immobilier\/\" target=\"_blank\" rel=\"noopener noreferrer\">la Direction g\u00e9n\u00e9rale des Finances publiques rend public le vrai prix de vos biens immobiliers<\/a>.<\/p>\n<p>L\u2019occasion de la semaine\u00a0: <a href=\"https:\/\/www.mysweetimmo.com\/2019\/05\/02\/fan-de-game-of-thrones-le-chateau-de-tully-est-a-vendre\/\" target=\"_blank\" rel=\"noopener noreferrer\">Amateur de Game of Thrones ? Le ch\u00e2teau de Tully est \u00e0 vendre<\/a>!<\/p>\n","protected":false},"excerpt":{"rendered":"<p>Les Saveurs de la semaine sont votre source hebdomadaire de nouvelles et de reportages sur l\u2019immobilier qui auraient pu vous \u00e9chapper.\u00a0Notre \u00e9quipe des Saveurs de la semaine s\u2019acharne \u00e0 parcourir le Web \u00e0 la recherche de reportages obscurs, bizarres, int\u00e9ressants et informatifs sur l\u2019immobilier ou des sujets connexes. Si vous d\u00e9sirez en contribuer un, veuillez &hellip; <a href=\"https:\/\/archive.cafe.crea.ca\/fr\/saveurs-de-la-semaine-special-inondations-transactions-pertes-totales-mesures-durgences-et-vendre-sa-propriete\/\" class=\"more-link\">Continue reading <span class=\"screen-reader-text\">Saveurs de la semaine, sp\u00e9cial inondations : transactions, pertes totales, mesures d\u2019urgences et vendre sa propri\u00e9t\u00e9<\/span><\/a><\/p>\n","protected":false},"author":24,"featured_media":32336,"comment_status":"open","ping_status":"open","sticky":false,"template":"","format":"standard","meta":{"footnotes":""},"categories":[2372],"tags":[],"coauthors":[2157],"class_list":["post-32335","post","type-post","status-publish","format-standard","has-post-thumbnail","hentry","category-divers"],"aioseo_notices":[],"_links":{"self":[{"href":"https:\/\/archive.cafe.crea.ca\/fr\/wp-json\/wp\/v2\/posts\/32335"}],"collection":[{"href":"https:\/\/archive.cafe.crea.ca\/fr\/wp-json\/wp\/v2\/posts"}],"about":[{"href":"https:\/\/archive.cafe.crea.ca\/fr\/wp-json\/wp\/v2\/types\/post"}],"author":[{"embeddable":true,"href":"https:\/\/archive.cafe.crea.ca\/fr\/wp-json\/wp\/v2\/users\/24"}],"replies":[{"embeddable":true,"href":"https:\/\/archive.cafe.crea.ca\/fr\/wp-json\/wp\/v2\/comments?post=32335"}],"version-history":[{"count":1,"href":"https:\/\/archive.cafe.crea.ca\/fr\/wp-json\/wp\/v2\/posts\/32335\/revisions"}],"predecessor-version":[{"id":32338,"href":"https:\/\/archive.cafe.crea.ca\/fr\/wp-json\/wp\/v2\/posts\/32335\/revisions\/32338"}],"wp:featuredmedia":[{"embeddable":true,"href":"https:\/\/archive.cafe.crea.ca\/fr\/wp-json\/wp\/v2\/media\/32336"}],"wp:attachment":[{"href":"https:\/\/archive.cafe.crea.ca\/fr\/wp-json\/wp\/v2\/media?parent=32335"}],"wp:term":[{"taxonomy":"category","embeddable":true,"href":"https:\/\/archive.cafe.crea.ca\/fr\/wp-json\/wp\/v2\/categories?post=32335"},{"taxonomy":"post_tag","embeddable":true,"href":"https:\/\/archive.cafe.crea.ca\/fr\/wp-json\/wp\/v2\/tags?post=32335"},{"taxonomy":"author","embeddable":true,"href":"https:\/\/archive.cafe.crea.ca\/fr\/wp-json\/wp\/v2\/coauthors?post=32335"}],"curies":[{"name":"wp","href":"https:\/\/api.w.org\/{rel}","templated":true}]}}