{"id":32257,"date":"2019-04-18T13:22:03","date_gmt":"2019-04-18T17:22:03","guid":{"rendered":"https:\/\/archive.cafe.crea.ca\/?p=32257"},"modified":"2019-04-18T13:22:03","modified_gmt":"2019-04-18T17:22:03","slug":"saveurs-de-la-semaine-on-decouvre-que-les-milleniaux-montrealais-preferent-la-banlieue","status":"publish","type":"post","link":"https:\/\/archive.cafe.crea.ca\/fr\/saveurs-de-la-semaine-on-decouvre-que-les-milleniaux-montrealais-preferent-la-banlieue\/","title":{"rendered":"Saveurs de la semaine : on d\u00e9couvre que les mill\u00e9niaux montr\u00e9alais pr\u00e9f\u00e8rent\u2026 la banlieue"},"content":{"rendered":"<p><em>Les Saveurs de la semaine sont votre source hebdomadaire de nouvelles et de reportages sur l\u2019immobilier qui auraient pu vous \u00e9chapper.<\/em><em>\u00a0Notre \u00e9quipe des Saveurs de la semaine s\u2019acharne \u00e0 parcourir le Web \u00e0 la recherche de reportages obscurs, bizarres, int\u00e9ressants et informatifs sur l\u2019immobilier ou des sujets connexes. Si vous d\u00e9sirez en contribuer un, veuillez l\u2019afficher \u00e0 notre section r\u00e9serv\u00e9e aux commentaires ou gazouiller sur le reportage en utilisant le mot-clic\u00a0<strong>#Saveursdelasemaine<\/strong>. Faites-vous couler une bonne tasse de caf\u00e9 frais, savourez ces reportages\u2026 et faites-en peut-\u00eatre m\u00eame part \u00e0 vos amis et coll\u00e8gues. Bonne lecture!<\/em><\/p>\n<p>Les conseils de la semaine\u00a0: <a href=\"https:\/\/www.lapresse.ca\/maison\/decoration\/201904\/12\/01-5221984-decouvrir-les-assiettes-en-bambou.php\" target=\"_blank\" rel=\"noopener noreferrer\">d\u00e9couvrir les assiettes en bambou<\/a>; le <a href=\"https:\/\/www.lapresse.ca\/maison\/decoration\/201904\/12\/01-5221943-louer-reparer-recycler-le-reve-vert-dikea.php?utm_categorieinterne=trafficdrivers&amp;utm_contenuinterne=cyberpresse_B13b_decoration_320591_section_POS3\" target=\"_blank\" rel=\"noopener noreferrer\">r\u00eave vert d\u2019IKEA<\/a>; le <a href=\"https:\/\/www.lapresse.ca\/maison\/decoration\/201904\/16\/01-5222439-le-style-camping-a-la-maison.php?utm_categorieinterne=trafficdrivers&amp;utm_contenuinterne=cyberpresse_B13b_decoration_320591_section_POS1\" target=\"_blank\" rel=\"noopener noreferrer\">style camping \u00e0 la maison<\/a>; le <a href=\"https:\/\/www.lapresse.ca\/maison\/immobilier\/201904\/15\/01-5222295-les-prix-des-residences-semballent-a-mont-tremblant.php\" target=\"_blank\" rel=\"noopener noreferrer\">prix des r\u00e9sidences s\u2019emballent \u00e0 Mont-Tremblant<\/a>; un <a href=\"https:\/\/www.lesoleil.com\/maison\/entrez-un-appartement-masculin-a-leur-image-e0dcc0324d4f6d51119a5baec2263a9e\" target=\"_blank\" rel=\"noopener noreferrer\">appartement masculin, \u00e0 leur image<\/a>; <a href=\"https:\/\/www.lesoleil.com\/maison\/legumes-originaux-pour-votre-potager-e9a764139ba81d9db4304da8a5b3fb26\" target=\"_blank\" rel=\"noopener noreferrer\">l\u00e9gumes originaux pour votre potager<\/a> et la <a href=\"https:\/\/www.journaldemontreal.com\/2019\/04\/17\/immobilier-la-banlieue-pour-les-milleniaux\" target=\"_blank\" rel=\"noopener noreferrer\">banlieue pour les mill\u00e9niaux<\/a>.<\/p>\n<p><em>Le Devoir<\/em> constate que <a href=\"https:\/\/www.ledevoir.com\/economie\/552248\/residentiel-l-immobilier-tient-le-coup-au-quebec\" target=\"_blank\" rel=\"noopener noreferrer\">l\u2019immobilier tient le coup au Qu\u00e9bec<\/a>.<\/p>\n<p><em>TVA<\/em> discute d\u2019une <a href=\"https:\/\/www.tvanouvelles.ca\/2019\/04\/17\/une-promo-torride-devient-virale-pour-les-mauvaises-raisons\" target=\"_blank\" rel=\"noopener noreferrer\">vid\u00e9o publicitaire\u2026 originale<\/a>.<\/p>\n<p><em>BFMTV<\/em> remarque que le <a href=\"https:\/\/www.lavieimmo.com\/immobilier-cenac-et-saint-julien-8367\/maison-a-gagner-pour-13-euros-le-jeu-concours-est-suspendu-45300.html\" target=\"_blank\" rel=\"noopener noreferrer\">jeu-concours pour gagner la maison sur sept hectares dans le P\u00e9rigord est suspendu<\/a>.<\/p>\n<p><em>Le Figaro<\/em> annonce que <a href=\"https:\/\/immobilier.lefigaro.fr\/article\/un-an-apres-ce-luxueux-triplex-parisien-est-de-nouveau-brade-aux-encheres_ed98d982-4fab-11e9-a82f-cb27c9fdd23f\/?utm_source=figaro_immo&amp;utm_medium=email&amp;utm_term=20190328&amp;utm_campaign=newsletters_edito_fi&amp;utm_content=a_la_une_ptit_format&amp;een=5095dc10b0392720d1ab72d89c40e06a&amp;seen=6&amp;m_i=WXN7DqCIk2IqiNBvieYdqOC3d_lsi5xEewgD0Twv7w0vVky79nkPTNy9oijx1qg2aQWc3x0GUtdBlVZ2_QFod0cjTc1yR9BAWc\" target=\"_blank\" rel=\"noopener noreferrer\">ce luxueux triplex parisien a \u00e9t\u00e9 vendu aux ench\u00e8res 12,8 millions d\u2019euros<\/a>.<\/p>\n<p><em>Les \u00c9chos<\/em> r\u00e9v\u00e8le que <a href=\"https:\/\/www.lesechos.fr\/finance-marches\/banque-assurances\/credit-immobilier-les-taux-replongent-1010025\" target=\"_blank\" rel=\"noopener noreferrer\">les taux du cr\u00e9dit immobilier fran\u00e7ais repartent \u00e0 la baisse<\/a>.<\/p>\n<p><em>Express Business<\/em> rapporte que <a href=\"https:\/\/fr.express.live\/budapest-connait-la-plus-forte-croissance-sur-le-marche-immobilier-mondial\/\" target=\"_blank\" rel=\"noopener noreferrer\">Budapest conna\u00eet la plus forte croissance sur le march\u00e9 immobilier mondial<\/a>.<\/p>\n<p><em>La Vie Immo<\/em> propose des topos sur <a href=\"https:\/\/www.lavieimmo.com\/immobilier-paris-30798\/patrimoine-comment-notre-dame-de-paris-est-elle-assuree-45320.html\" target=\"_blank\" rel=\"noopener noreferrer\">comment Notre-Dame de Paris est assur\u00e9e<\/a> et deux tristes histoires\u00a0: la premi\u00e8re, celle <a href=\"https:\/\/www.lavieimmo.com\/insolite\/leur-voisin-construit-un-gigantesque-mur-de-6-metres-de-haut-sur-17-metres-de-long-devant-leur-jardin-45304.html\" target=\"_blank\" rel=\"noopener noreferrer\">du voisin qui a construit un mur de 6 m\u00e8tres de haut de 17 m\u00e8tres de long devant leur jardin<\/a> et la deuxi\u00e8me, celle d\u2019un <a href=\"https:\/\/www.lavieimmo.com\/immobilier-international\/en-thailande-un-couple-risque-la-peine-de-mort-pour-avoir-construit-une-maison-flottante-sur-la-mer-45328.html\" target=\"_blank\" rel=\"noopener noreferrer\">couple tha\u00ef qui risque la peine de mort pour avoir construit une maison flottante sur la mer<\/a>.<\/p>\n<p><em>My Sweet Immo<\/em> pr\u00e9sente <a href=\"https:\/\/www.mysweetimmo.com\/2019\/04\/12\/proprioo-reinvente-lagence-immobiliere\/\" target=\"_blank\" rel=\"noopener noreferrer\">Proprioo, une agence fran\u00e7aise qui r\u00e9invente l\u2019agence immobili\u00e8re<\/a> et annonce qu\u2019<a href=\"https:\/\/www.mysweetimmo.com\/2019\/04\/17\/emmanuel-macron-veut-rebatir-notre-dame-plus-belle-encore-en-seulement-5-ans\/\" target=\"_blank\" rel=\"noopener noreferrer\">Emmanuel Macron veut reb\u00e2tir Notre-Dame plus belle encore en seulement 5 ans<\/a>.<\/p>\n","protected":false},"excerpt":{"rendered":"<p>Les Saveurs de la semaine sont votre source hebdomadaire de nouvelles et de reportages sur l\u2019immobilier qui auraient pu vous \u00e9chapper.\u00a0Notre \u00e9quipe des Saveurs de la semaine s\u2019acharne \u00e0 parcourir le Web \u00e0 la recherche de reportages obscurs, bizarres, int\u00e9ressants et informatifs sur l\u2019immobilier ou des sujets connexes. Si vous d\u00e9sirez en contribuer un, veuillez &hellip; <a href=\"https:\/\/archive.cafe.crea.ca\/fr\/saveurs-de-la-semaine-on-decouvre-que-les-milleniaux-montrealais-preferent-la-banlieue\/\" class=\"more-link\">Continue reading <span class=\"screen-reader-text\">Saveurs de la semaine : on d\u00e9couvre que les mill\u00e9niaux montr\u00e9alais pr\u00e9f\u00e8rent\u2026 la banlieue<\/span><\/a><\/p>\n","protected":false},"author":24,"featured_media":32259,"comment_status":"open","ping_status":"open","sticky":false,"template":"","format":"standard","meta":{"footnotes":""},"categories":[2372],"tags":[],"coauthors":[2157],"class_list":["post-32257","post","type-post","status-publish","format-standard","has-post-thumbnail","hentry","category-divers"],"aioseo_notices":[],"_links":{"self":[{"href":"https:\/\/archive.cafe.crea.ca\/fr\/wp-json\/wp\/v2\/posts\/32257"}],"collection":[{"href":"https:\/\/archive.cafe.crea.ca\/fr\/wp-json\/wp\/v2\/posts"}],"about":[{"href":"https:\/\/archive.cafe.crea.ca\/fr\/wp-json\/wp\/v2\/types\/post"}],"author":[{"embeddable":true,"href":"https:\/\/archive.cafe.crea.ca\/fr\/wp-json\/wp\/v2\/users\/24"}],"replies":[{"embeddable":true,"href":"https:\/\/archive.cafe.crea.ca\/fr\/wp-json\/wp\/v2\/comments?post=32257"}],"version-history":[{"count":2,"href":"https:\/\/archive.cafe.crea.ca\/fr\/wp-json\/wp\/v2\/posts\/32257\/revisions"}],"predecessor-version":[{"id":32261,"href":"https:\/\/archive.cafe.crea.ca\/fr\/wp-json\/wp\/v2\/posts\/32257\/revisions\/32261"}],"wp:featuredmedia":[{"embeddable":true,"href":"https:\/\/archive.cafe.crea.ca\/fr\/wp-json\/wp\/v2\/media\/32259"}],"wp:attachment":[{"href":"https:\/\/archive.cafe.crea.ca\/fr\/wp-json\/wp\/v2\/media?parent=32257"}],"wp:term":[{"taxonomy":"category","embeddable":true,"href":"https:\/\/archive.cafe.crea.ca\/fr\/wp-json\/wp\/v2\/categories?post=32257"},{"taxonomy":"post_tag","embeddable":true,"href":"https:\/\/archive.cafe.crea.ca\/fr\/wp-json\/wp\/v2\/tags?post=32257"},{"taxonomy":"author","embeddable":true,"href":"https:\/\/archive.cafe.crea.ca\/fr\/wp-json\/wp\/v2\/coauthors?post=32257"}],"curies":[{"name":"wp","href":"https:\/\/api.w.org\/{rel}","templated":true}]}}