{"id":32131,"date":"2019-04-05T10:53:01","date_gmt":"2019-04-05T14:53:01","guid":{"rendered":"https:\/\/archive.cafe.crea.ca\/?p=32131"},"modified":"2019-04-05T14:10:43","modified_gmt":"2019-04-05T18:10:43","slug":"saveurs-de-la-semaine-saviez-vous-quikea-va-louer-des-meubles","status":"publish","type":"post","link":"https:\/\/archive.cafe.crea.ca\/fr\/saveurs-de-la-semaine-saviez-vous-quikea-va-louer-des-meubles\/","title":{"rendered":"Saveurs de la semaine : Saviez-vous qu\u2019IKEA va louer des meubles?"},"content":{"rendered":"<p><em>Les Saveurs de la semaine sont votre source hebdomadaire de nouvelles et de reportages sur l\u2019immobilier qui auraient pu vous \u00e9chapper.<\/em><em>\u00a0Notre \u00e9quipe des Saveurs de la semaine s\u2019acharne \u00e0 parcourir le Web \u00e0 la recherche de reportages obscurs, bizarres, int\u00e9ressants et informatifs sur l\u2019immobilier ou des sujets connexes. Si vous d\u00e9sirez en contribuer un, veuillez l\u2019afficher \u00e0 notre section r\u00e9serv\u00e9e aux commentaires ou gazouiller sur le reportage en utilisant le mot-clic\u00a0<strong>#Saveursdelasemaine<\/strong>. Faites-vous couler une bonne tasse de caf\u00e9 frais, savourez ces reportages\u2026 et faites-en peut-\u00eatre m\u00eame part \u00e0 vos amis et coll\u00e8gues. Bonne lecture!<\/em><\/p>\n<p>Les conseils de la semaine\u00a0: <a href=\"https:\/\/www.lapresse.ca\/maison\/decoration\/201904\/03\/01-5220703-donner-du-cachet-a-son-nouveau-chez-soi.php\">donner du cachet \u00e0 son nouveau chez-soi<\/a>; <a href=\"https:\/\/www.lapresse.ca\/maison\/decoration\/201904\/04\/01-5220858-ikea-va-louer-des-meubles.php\">IKEA va louer des meubles<\/a>; le <a href=\"https:\/\/www.lapresse.ca\/maison\/decoration\/201903\/28\/01-5219968-le-chevron-prend-du-galon.php?utm_categorieinterne=trafficdrivers&amp;utm_contenuinterne=cyberpresse_B13b_decoration_320591_section_POS3\">chevron prend du galon<\/a>; un <a href=\"https:\/\/www.lapresse.ca\/maison\/immobilier\/201903\/29\/01-5220106-un-duplex-converti-en-unifamiliale-a-verdun.php?utm_categorieinterne=trafficdrivers&amp;utm_contenuinterne=cyberpresse_B13b_immobilier_320590_section_POS2\">duplex converti en unifamiliale<\/a>; <a href=\"https:\/\/www.lapresse.ca\/maison\/immobilier\/201904\/01\/01-5220411-bien-nommer-ou-pas-un-projet-immobilier.php?utm_categorieinterne=trafficdrivers&amp;utm_contenuinterne=cyberpresse_B13b_immobilier_320590_section_POS1\">bien nommer (ou pas) un projet immobilier<\/a>; <a href=\"https:\/\/www.lapresse.ca\/maison\/cour-et-jardin\/201904\/02\/01-5220587-faire-ses-semis-une-experience-gratifiante.php\">faire ses semis, une exp\u00e9rience gratifiante<\/a>; <a href=\"https:\/\/www.lesoleil.com\/maison\/beaute-delayee-cinq-inspirations-autour-de-laquarelle-62795afee7e53af4cc5f253d299ec27d\">cinq\u00a0inspirations autour de l\u2019aquarelle<\/a>; <a href=\"https:\/\/www.lesoleil.com\/maison\/cafe-des-electromenagers-mats-et-personnalisables-fdb24ea9498bddb1aa84422d9da7dc5d\">Caf\u00e9\u00a0: des \u00e9lectrom\u00e9nagers mats et personnalisables<\/a>; le <a href=\"https:\/\/www.journaldemontreal.com\/2019\/04\/03\/le-rechauffement-climatique-au-canada-va-avoir-un-impact-sur-les-primes-dassurance\">r\u00e9chauffement climatique va avoir un impact sur les primes d\u2019assurance<\/a>; <a href=\"https:\/\/www.journaldemontreal.com\/2019\/04\/03\/vers-une-hausse-des-frais-de-condos-pour-un-meilleur-entretien\">vers une hausse des frais de condos<\/a> et <a href=\"https:\/\/www.journaldemontreal.com\/2019\/04\/01\/faut-il-craindre-une-hausse-du-prix--des-maisons-avec-le-budget-trudeau\">faut-il craindre une hausse du prix des maisons<\/a>.<\/p>\n<p><em>ICI Radio-Canada<\/em> constate <a href=\"https:\/\/ici.radio-canada.ca\/nouvelle\/1162142\/immobilier-maisons-ventes-toronto-mars-2019\">une stagnation des ventes de propri\u00e9t\u00e9s dans la r\u00e9gion de Toronto en mars<\/a> et le <a href=\"https:\/\/ici.radio-canada.ca\/nouvelle\/1162017\/declin-vente-immobilier-maison-vancouver\">plus grand d\u00e9clin des ventes de maisons dans le Grand Vancouver depuis 33\u00a0ans<\/a>.<\/p>\n<p><em>La Vie Immo<\/em> r\u00e9alise qu\u2019<a href=\"https:\/\/www.lavieimmo.com\/immobilier-international\/airbnb-transmettra-certaines-donnees-au-fisc-des-cet-ete-au-danemark-avant-de-le-faire-en-france-45232.html\">Airbnb transmettra certaines donn\u00e9es au fisc d\u00e8s cet \u00e9t\u00e9 au Danemark, avant de le faire en France<\/a>.<\/p>\n<p><em>La Voix du Nord<\/em> propose un topo sur <a href=\"http:\/\/lavdn.lavoixdunord.fr\/562593\/article\/2019-04-03\/un-couple-lance-un-jeu-concours-pour-remporter-leur-propriete-estimee-2-millions\">une vente par concours<\/a>, et <em>20 Minutes<\/em> pr\u00e9sente une <a href=\"https:\/\/www.20minutes.fr\/insolite\/2487091-20190403-video-dordogne-vendent-propriete-estime-deux-million-euros-grace-jeu-concours-ticket-13-euros\">auberge offerte de fa\u00e7on similaire<\/a>.<\/p>\n<p><em>Africa News<\/em> conclut qu\u2019au <a href=\"https:\/\/fr.africanews.com\/2019\/04\/03\/au-nigeria-la-technologie-se-met-au-service-de-l-immobilier\/\">Nigeria, la technologie se met au service de l\u2019immobilier<\/a>.<\/p>\n<p><em>Le Figaro<\/em> visite une <a href=\"https:\/\/immobilier.lefigaro.fr\/article\/au-japon-cette-gare-insolite-ne-possede-ni-entree-ni-sortie_50e2567a-5151-11e9-86b9-a9202586eca7\/\">gare japonaise insolite, qui ne poss\u00e8de ni entr\u00e9e ni sortie<\/a>.<\/p>\n<p><em>My Sweet Immo<\/em> se rend \u00e0 <a href=\"https:\/\/www.mysweetimmo.com\/2019\/03\/31\/sao-paulo-la-cidade-matarazzo-ouvrira-ses-portes-fin-2019\/\">Sao Paulo pour visiter La Cidade Matarazzo<\/a>.<\/p>\n<p>La vente de la semaine\u00a0: le <a href=\"https:\/\/www.lavieimmo.com\/immobilier-cannes-1961\/le-chateau-soligny-a-cannes-vendu-un-peu-moins-de-55-millions-d-euros-45052.html\">ch\u00e2teau Soligny \u00e0 Cannes, vendu \u00e0 pr\u00e8s de 55\u00a0millions d\u2019euros<\/a>.<\/p>\n<p>L\u2019occasion de la semaine\u00a0: <a href=\"https:\/\/www.gqmagazine.fr\/lifestyle\/article\/cette-maison-flottante-est-peut-etre-le-bunker-le-plus-confortable-du-monde\">une maison flottante qui est peut-\u00eatre le bunker le plus confortable au monde<\/a>.<\/p>\n","protected":false},"excerpt":{"rendered":"<p>Les Saveurs de la semaine sont votre source hebdomadaire de nouvelles et de reportages sur l\u2019immobilier qui auraient pu vous \u00e9chapper.\u00a0Notre \u00e9quipe des Saveurs de la semaine s\u2019acharne \u00e0 parcourir le Web \u00e0 la recherche de reportages obscurs, bizarres, int\u00e9ressants et informatifs sur l\u2019immobilier ou des sujets connexes. Si vous d\u00e9sirez en contribuer un, veuillez &hellip; <a href=\"https:\/\/archive.cafe.crea.ca\/fr\/saveurs-de-la-semaine-saviez-vous-quikea-va-louer-des-meubles\/\" class=\"more-link\">Continue reading <span class=\"screen-reader-text\">Saveurs de la semaine : Saviez-vous qu\u2019IKEA va louer des meubles?<\/span><\/a><\/p>\n","protected":false},"author":24,"featured_media":32132,"comment_status":"open","ping_status":"open","sticky":false,"template":"","format":"standard","meta":{"footnotes":""},"categories":[2372],"tags":[],"coauthors":[],"class_list":["post-32131","post","type-post","status-publish","format-standard","has-post-thumbnail","hentry","category-divers"],"aioseo_notices":[],"_links":{"self":[{"href":"https:\/\/archive.cafe.crea.ca\/fr\/wp-json\/wp\/v2\/posts\/32131"}],"collection":[{"href":"https:\/\/archive.cafe.crea.ca\/fr\/wp-json\/wp\/v2\/posts"}],"about":[{"href":"https:\/\/archive.cafe.crea.ca\/fr\/wp-json\/wp\/v2\/types\/post"}],"author":[{"embeddable":true,"href":"https:\/\/archive.cafe.crea.ca\/fr\/wp-json\/wp\/v2\/users\/24"}],"replies":[{"embeddable":true,"href":"https:\/\/archive.cafe.crea.ca\/fr\/wp-json\/wp\/v2\/comments?post=32131"}],"version-history":[{"count":2,"href":"https:\/\/archive.cafe.crea.ca\/fr\/wp-json\/wp\/v2\/posts\/32131\/revisions"}],"predecessor-version":[{"id":32138,"href":"https:\/\/archive.cafe.crea.ca\/fr\/wp-json\/wp\/v2\/posts\/32131\/revisions\/32138"}],"wp:featuredmedia":[{"embeddable":true,"href":"https:\/\/archive.cafe.crea.ca\/fr\/wp-json\/wp\/v2\/media\/32132"}],"wp:attachment":[{"href":"https:\/\/archive.cafe.crea.ca\/fr\/wp-json\/wp\/v2\/media?parent=32131"}],"wp:term":[{"taxonomy":"category","embeddable":true,"href":"https:\/\/archive.cafe.crea.ca\/fr\/wp-json\/wp\/v2\/categories?post=32131"},{"taxonomy":"post_tag","embeddable":true,"href":"https:\/\/archive.cafe.crea.ca\/fr\/wp-json\/wp\/v2\/tags?post=32131"},{"taxonomy":"author","embeddable":true,"href":"https:\/\/archive.cafe.crea.ca\/fr\/wp-json\/wp\/v2\/coauthors?post=32131"}],"curies":[{"name":"wp","href":"https:\/\/api.w.org\/{rel}","templated":true}]}}