{"id":31979,"date":"2019-02-21T17:26:39","date_gmt":"2019-02-21T22:26:39","guid":{"rendered":"https:\/\/archive.cafe.crea.ca\/help-shape-the-future-of-our-industry-join-a-crea-committee\/"},"modified":"2019-03-27T11:22:28","modified_gmt":"2019-03-27T15:22:28","slug":"help-shape-the-future-of-our-industry-join-a-crea-committee","status":"publish","type":"post","link":"https:\/\/archive.cafe.crea.ca\/fr\/help-shape-the-future-of-our-industry-join-a-crea-committee\/","title":{"rendered":"Contribuez \u00e0 fa\u00e7onner l\u2019avenir de notre secteur : si\u00e9gez \u00e0 un comit\u00e9 de l\u2019ACI"},"content":{"rendered":"<p>Les nombreux comit\u00e9s de l\u2019ACI se composent de b\u00e9n\u00e9voles qui contribuent \u00e0 orienter le travail de l\u2019Association et veillent \u00e0 ce que ses membres soient au c\u0153ur du processus d\u00e9cisionnel. Les comit\u00e9s de l\u2019ACI sont des ressources pour le conseil d\u2019administration et le chef de la direction sur des questions essentielles pour l\u2019Association, telles que la gouvernance et les finances, les initiatives en mati\u00e8re d\u2019affaires f\u00e9d\u00e9rales ou encore la campagne publicitaire nationale.<\/p>\n<p>Mes coll\u00e8gues administrateurs et moi-m\u00eame saisissons bien l\u2019importance de faire b\u00e9n\u00e9ficier l\u2019Association d\u2019une vari\u00e9t\u00e9 de points de vue et d\u2019exp\u00e9rience. Nous tenons \u00e0 ce que nos comit\u00e9s, tout comme notre conseil d\u2019administration, refl\u00e8tent la grande diversit\u00e9 de nos membres. Voil\u00e0 pourquoi nous sollicitons la participation de tous les membres de l\u2019ACI, d\u2019un oc\u00e9an \u00e0 l\u2019autre.<\/p>\n<p><a href=\"https:\/\/www.realtorlink.ca\/content\/realtorlink\/crea\/en_CA\/about\/governance\/committees---task-forces\/volunteer_application_CREA_Committee.html\" target=\"_blank\" rel=\"noopener noreferrer\"><img loading=\"lazy\" decoding=\"async\" class=\"alignnone wp-image-22210 size-full\" src=\"https:\/\/www.crea.ca\/wp-content\/uploads\/2019\/02\/graphic_1_fr.jpg\" alt=\"Committee application french graphic 1\" width=\"1400\" height=\"604\" \/><\/a><\/p>\n<p>Avez-vous des questions au sujet du processus de nomination des membres des comit\u00e9s et de l\u2019engagement des b\u00e9n\u00e9voles? Poursuivez votre lecture, et vous trouverez des r\u00e9ponses aux questions les plus fr\u00e9quentes. N\u2019h\u00e9sitez pas \u00e0 poser toute question absente de la FAQ \u00e0 <a href=\"mailto:info@crea.ca\" target=\"_blank\" rel=\"noopener noreferrer\">info@crea.ca<\/a> ou au moyen de la section Commentaires ci-dessous.<\/p>\n<p><strong>Pourquoi si\u00e9ger \u00e0 un comit\u00e9?<\/strong><\/p>\n<p>Les personnes qui si\u00e8gent \u00e0 un comit\u00e9 de l\u2019ACI peuvent utiliser leur expertise et leur talent \u00e0 bon escient en contribuant, au nom de leurs coll\u00e8gues, au travail de notre association. L\u2019exp\u00e9rience ainsi acquise \u00e0 l\u2019\u00e9chelle nationale se r\u00e9v\u00e9lera sp\u00e9cialement pr\u00e9cieuse pour les personnes d\u00e9sireuses d\u2019occuper \u00e9ventuellement un poste de direction. De plus, elles auront l\u2019occasion de d\u00e9velopper des relations, tant professionnelles que personnelles, aux quatre coins du pays.<\/p>\n<p><strong>Dans quels comit\u00e9s de l\u2019ACI y a-t-il des postes offerts aux membres de l\u2019ACI?<\/strong><\/p>\n<p>Des postes sont offerts aux membres de l\u2019ACI ainsi qu\u2019aux repr\u00e9sentants des chambres et associations de tout le Canada au sein des comit\u00e9s suivants (mandat d\u2019un an)\u00a0:<\/p>\n<ul>\n<li>Comit\u00e9 des directeurs d\u2019association<\/li>\n<li>Comit\u00e9 d\u2019audit<\/li>\n<li>Comit\u00e9 des propri\u00e9taires\/gestionnaires d\u2019agence<\/li>\n<li>Comit\u00e9 commercial canadien<\/li>\n<li>Comit\u00e9 des affaires f\u00e9d\u00e9rales<\/li>\n<li>Comit\u00e9 des finances<\/li>\n<li>Comit\u00e9 international<\/li>\n<li>Comit\u00e9 sur la gouvernance et le R\u00e8glement int\u00e9rieur<\/li>\n<li>Comit\u00e9 de la campagne de publicit\u00e9 nationale<\/li>\n<li>Comit\u00e9 REALTORS Care<sup>\u00ae<\/sup><\/li>\n<li>Comit\u00e9 Code REALTOR<sup>\u00ae<\/sup><\/li>\n<li>Comit\u00e9 de la technologie<\/li>\n<\/ul>\n<p><a href=\"https:\/\/www.realtorlink.ca\/content\/realtorlink\/crea\/en_CA\/about\/governance\/committees---task-forces\/volunteer_application_CREA_Committee.html\" target=\"_blank\" rel=\"noopener noreferrer\"><img loading=\"lazy\" decoding=\"async\" class=\"alignnone wp-image-22211 size-full\" src=\"https:\/\/www.crea.ca\/wp-content\/uploads\/2019\/02\/graphic_2_fr.jpg\" alt=\"Committee application french graphic 2\" width=\"1400\" height=\"604\" \/><\/a><\/p>\n<p><strong>Quelle est la dur\u00e9e du mandat d\u2019un membre de comit\u00e9?<\/strong><\/p>\n<p>La dur\u00e9e du mandat est habituellement d\u2019un an. Le membre d\u2019un comit\u00e9 peut demander de reconduire son mandat.<\/p>\n<p><strong>Les r\u00e9unions des comit\u00e9s se font-elles par conf\u00e9rence t\u00e9l\u00e9phonique ou en personne, et \u00e0 quelle fr\u00e9quence?<\/strong><\/p>\n<p>La plupart des r\u00e9unions de comit\u00e9s ont lieu en personne au moins une fois l\u2019an, d\u2019ordinaire \u00e0 Ottawa. En plus des r\u00e9unions en personne, les pr\u00e9sidents des comit\u00e9s peuvent convoquer des r\u00e9unions par conf\u00e9rence t\u00e9l\u00e9phonique ou vid\u00e9oconf\u00e9rence. Les membres des comit\u00e9s se font rembourser leurs frais de d\u00e9placement pour assister aux r\u00e9unions, conform\u00e9ment aux politiques et pratiques de l\u2019ACI.<\/p>\n<p><strong>Comment faire une demande pour si\u00e9ger \u00e0 un comit\u00e9?<\/strong><\/p>\n<p>Pour demander de si\u00e9ger \u00e0 un comit\u00e9 en 2019-2020, veuillez remplir la demande que vous trouverez<a href=\"https:\/\/www.realtorlink.ca\/content\/realtorlink\/crea\/en_CA\/about\/governance\/committees---task-forces\/volunteer_application_CREA_Committee.html\" target=\"_blank\" rel=\"noopener noreferrer\"> \u00e0 la page correspondante du Lien IMMOBILIER<sup>MC<\/sup><\/a>, <strong>avant le 15\u00a0mars\u00a02019<\/strong>. Nous annoncerons notre s\u00e9lection de membres \u00e0 la fin du printemps.<\/p>\n<p><strong>\u00c0 combien de comit\u00e9s peut-on demander de participer?<\/strong><\/p>\n<p>Vous pouvez poser votre candidature \u00e0 un maximum de quatre comit\u00e9s.<\/p>\n<p><strong>Est-il possible qu\u2019on ne me s\u00e9lectionne pas?<\/strong><\/p>\n<p>Les postes sont limit\u00e9s. Si on ne vous s\u00e9lectionne pas cette ann\u00e9e, nous vous prions de tenter votre chance de nouveau l\u2019an prochain.<\/p>\n<p>Nous vous remercions de votre int\u00e9r\u00eat pour un mandat b\u00e9n\u00e9vole au sein d\u2019un comit\u00e9 de l\u2019ACI. Nous serons heureux de recevoir votre demande de participation.<\/p>\n","protected":false},"excerpt":{"rendered":"<p>Les nombreux comit\u00e9s de l\u2019ACI se composent de b\u00e9n\u00e9voles qui contribuent \u00e0 orienter le travail de l\u2019Association et veillent \u00e0 ce que ses membres soient au c\u0153ur du processus d\u00e9cisionnel. Les comit\u00e9s de l\u2019ACI sont des ressources pour le conseil d\u2019administration et le chef de la direction sur des questions essentielles pour l\u2019Association, telles que &hellip; <a href=\"https:\/\/archive.cafe.crea.ca\/fr\/help-shape-the-future-of-our-industry-join-a-crea-committee\/\" class=\"more-link\">Continue reading <span class=\"screen-reader-text\">Contribuez \u00e0 fa\u00e7onner l\u2019avenir de notre secteur : si\u00e9gez \u00e0 un comit\u00e9 de l\u2019ACI<\/span><\/a><\/p>\n","protected":false},"author":106,"featured_media":31940,"comment_status":"open","ping_status":"open","sticky":false,"template":"","format":"standard","meta":{"footnotes":""},"categories":[2366],"tags":[],"coauthors":[],"class_list":["post-31979","post","type-post","status-publish","format-standard","has-post-thumbnail","hentry","category-nouvelles-de-laci"],"aioseo_notices":[],"_links":{"self":[{"href":"https:\/\/archive.cafe.crea.ca\/fr\/wp-json\/wp\/v2\/posts\/31979"}],"collection":[{"href":"https:\/\/archive.cafe.crea.ca\/fr\/wp-json\/wp\/v2\/posts"}],"about":[{"href":"https:\/\/archive.cafe.crea.ca\/fr\/wp-json\/wp\/v2\/types\/post"}],"author":[{"embeddable":true,"href":"https:\/\/archive.cafe.crea.ca\/fr\/wp-json\/wp\/v2\/users\/106"}],"replies":[{"embeddable":true,"href":"https:\/\/archive.cafe.crea.ca\/fr\/wp-json\/wp\/v2\/comments?post=31979"}],"version-history":[{"count":1,"href":"https:\/\/archive.cafe.crea.ca\/fr\/wp-json\/wp\/v2\/posts\/31979\/revisions"}],"predecessor-version":[{"id":32018,"href":"https:\/\/archive.cafe.crea.ca\/fr\/wp-json\/wp\/v2\/posts\/31979\/revisions\/32018"}],"wp:featuredmedia":[{"embeddable":true,"href":"https:\/\/archive.cafe.crea.ca\/fr\/wp-json\/wp\/v2\/media\/31940"}],"wp:attachment":[{"href":"https:\/\/archive.cafe.crea.ca\/fr\/wp-json\/wp\/v2\/media?parent=31979"}],"wp:term":[{"taxonomy":"category","embeddable":true,"href":"https:\/\/archive.cafe.crea.ca\/fr\/wp-json\/wp\/v2\/categories?post=31979"},{"taxonomy":"post_tag","embeddable":true,"href":"https:\/\/archive.cafe.crea.ca\/fr\/wp-json\/wp\/v2\/tags?post=31979"},{"taxonomy":"author","embeddable":true,"href":"https:\/\/archive.cafe.crea.ca\/fr\/wp-json\/wp\/v2\/coauthors?post=31979"}],"curies":[{"name":"wp","href":"https:\/\/api.w.org\/{rel}","templated":true}]}}