{"id":31122,"date":"2013-03-14T08:00:44","date_gmt":"2013-03-14T12:00:44","guid":{"rendered":"https:\/\/archive.cafe.crea.ca\/la-vision-du-cafe-au-lait-le-point-a-retenir-no-1-provenant-dinman-nyc-2013\/"},"modified":"2021-07-12T15:05:56","modified_gmt":"2021-07-12T19:05:56","slug":"la-vision-du-cafe-au-lait-le-point-a-retenir-no-1-provenant-dinman-nyc-2013","status":"publish","type":"post","link":"https:\/\/archive.cafe.crea.ca\/fr\/la-vision-du-cafe-au-lait-le-point-a-retenir-no-1-provenant-dinman-nyc-2013\/","title":{"rendered":"La vision du caf\u00e9 au lait : le point \u00e0 retenir no 1 provenant d\u2019Inman NYC 2013"},"content":{"rendered":"<p>Organis\u00e9 par <a title=\"Inman News\" href=\"http:\/\/www.inman.com\/\" target=\"_blank\" rel=\"noopener noreferrer\">Inman News<\/a>\u00ae aux \u00c9tats-Unis, <em>Real Estate Connect\u00ae<\/em> est un \u00e9v\u00e9nement pour tous ceux et celles qui se pr\u00e9occupent du secteur immobilier et de la direction dans laquelle il s\u2019est engag\u00e9. Chaque ann\u00e9e, des milliers de dirigeants de l\u2019immobilier (y compris de nombreux Canadiens) se r\u00e9unissent pour explorer les tendances et la technologie, et pour apprendre \u00e0 accueillir le changement qui englobe notre secteur, et \u00e0 en profiter.<\/p>\n<p>Le congr\u00e8s, qui s\u2019est tenu \u00e0 New York du 16 au 18 janvier, a donn\u00e9 lieu \u00e0 des conversations perspicaces qui incitent \u00e0 la r\u00e9flexion. Mes notes r\u00e9dig\u00e9es \u00e0 la main (je suis encore un peu vieux jeu) se r\u00e9sument \u00e0 trois points remarquables \u00e0 retenir qui seront pr\u00e9sent\u00e9s au cours des prochaines semaines. L\u2019article d\u2019aujourd\u2019hui aborde le point \u00e0 retenir no 1 : la vision du caf\u00e9 au lait.<\/p>\n<p>Il ne fait aucun doute que le th\u00e8me du congr\u00e8s \u00e9tait l\u2019aspect \u00ab sans papier \u00bb. On avait l\u2019impression que chaque conversation tournait autour des op\u00e9rations et des transactions sans papier.<\/p>\n<p>Brad Inman a d\u00e9marr\u00e9 le congr\u00e8s en dressant le portrait de sa \u00ab vision du caf\u00e9 au lait \u00bb pour notre secteur, qui a aliment\u00e9 un \u00e9change d\u2019id\u00e9es qui s\u2019est poursuivi pendant trois jours. En quelques mots, la \u00ab vision du caf\u00e9 au lait \u00bb consiste \u00e0 rendre le m\u00e9canisme de l\u2019achat d\u2019une maison aussi facile que l\u2019achat d\u2019un caf\u00e9 au lait.<\/p>\n<p>Selon <a title=\"Inman\" href=\"http:\/\/www.inman.com\/news\/2012\/09\/28\/make-mechanics-homebuying-easy-purchasing-a-latte\" target=\"_blank\" rel=\"noopener noreferrer\">Inman<\/a>, \u00ab De nos jours, la technologie existe pour confirmer l\u2019identit\u00e9, pour approuver les acheteurs et les propri\u00e9taires-vendeurs, pour permettre les signatures num\u00e9riques et pour fusionner et traiter des donn\u00e9es disparates sur une plateforme unique de transaction. Les \u00e9l\u00e9ments sont en place \u2013 il ne manque qu\u2019une plus grande vision et une strat\u00e9gie pour r\u00e9ussir\u00a0\u00bb.<\/p>\n<p>La vid\u00e9o suivante pr\u00e9sente le discours complet de Brad Inman.<\/p>\n<pre><code>[youtube_sc url=\"8y89ffhMTuk\"]<\/code><\/pre>\n<p>Graduellement, nous voyons des \u00e9l\u00e9ments de la vision sans papier prendre forme, en passant des courtiers et agents qui g\u00e8rent diverses facettes de leurs affaires<a title=\"The Ipad is no longer 'kind of' for business\" href=\"http:\/\/www.inman.com\/buyers-sellers\/columnists\/teresaboardman\/the-ipad-no-longer-kind-business\" target=\"_blank\" rel=\"noopener noreferrer\"> gr\u00e2ce \u00e0 leur iPad <\/a>\u00e0 la gestion des dossiers \u00e0 l\u2019aide d\u2019applications en nuage, telles qu\u2019<a title=\"Evernote\" href=\"http:\/\/evernote.com\/\" target=\"_blank\" rel=\"noopener noreferrer\">Evernote<\/a> (joignez-vous \u00e0 ce\u00a0<a title=\"groupe Facebook\" href=\"https:\/\/www.facebook.com\/groups\/197830017016673\/?fref=ts\" target=\"_blank\" rel=\"noopener noreferrer\">groupe Facebook<\/a> pour obtenir de bons conseils). Des initiatives ont \u00e9galement \u00e9t\u00e9 entreprises au Canada pour rehausser l\u2019exp\u00e9rience du consommateur, y compris la r\u00e9cente addition de signatures \u00e9lectroniques \u00e0 WEB<em>Forms<\/em>\u00ae<sup>.<\/sup><\/p>\n<p>Il \u00e9tait rafra\u00eechissant d\u2019assister \u00e0 l\u2019\u00e9change d\u2019id\u00e9es. M\u00eame si en r\u00e9alit\u00e9, il y a de nombreuses questions technologiques, juridiques et politiques \u00e0 examiner afin que la vision du caf\u00e9 au lait puisse aller de l\u2019avant, la conversation s\u2019est concentr\u00e9e sur la vision d\u2019ensemble et les avantages pour les consommateurs et le secteur. Aucune id\u00e9e n\u2019a \u00e9t\u00e9 repouss\u00e9e en raison de la possibilit\u00e9 de la contrainte X ou de la crainte Y. En fin de compte, le secteur dans son ensemble devra d\u00e9terminer quel genre d\u2019exp\u00e9rience il souhaite cr\u00e9er pour le consommateur et s\u2019en tenir \u00e0 une strat\u00e9gie pour y arriver. C\u2019est \u00e0 esp\u00e9rer que la vision du caf\u00e9 au lait marque le d\u00e9but d\u2019une innovation \u00ab saute-mouton \u00bb dans notre secteur \u2013 des deux c\u00f4t\u00e9s de la fronti\u00e8re.<\/p>\n<p>Si vous \u00eates int\u00e9ress\u00e9s \u00e0 vous joindre \u00e0 d\u2019autres professionnels de l\u2019immobilier et \u00e0 des dirigeants du secteur technologique du Canada et des \u00c9tats-Unis qui veulent contribuer \u00e0 faire progresser le secteur, inscrivez-vous au <a title=\"groupe Facebook sur la vision du cafe au lait\" href=\"https:\/\/www.facebook.com\/groups\/LatteVision\/\" target=\"_blank\" rel=\"noopener noreferrer\">groupe Facebook sur la vision du caf\u00e9 au lait<\/a>.<\/p>\n<p>Ce n\u2019est que l\u2019un des nombreux points \u00e0 retenir. Si vous avez assist\u00e9 au congr\u00e8s, laissez un commentaire \u00e0 vos coll\u00e8gues pour leur faire part de vos id\u00e9es et enseignements cl\u00e9s.<\/p>\n","protected":false},"excerpt":{"rendered":"<p>Organis\u00e9 par Inman News\u00ae aux \u00c9tats-Unis, Real Estate Connect\u00ae est un \u00e9v\u00e9nement pour tous ceux et celles qui se pr\u00e9occupent du secteur immobilier et de la direction dans laquelle il s\u2019est engag\u00e9. Chaque ann\u00e9e, des milliers de dirigeants de l\u2019immobilier (y compris de nombreux Canadiens) se r\u00e9unissent pour explorer les tendances et la technologie, et &hellip; <a href=\"https:\/\/archive.cafe.crea.ca\/fr\/la-vision-du-cafe-au-lait-le-point-a-retenir-no-1-provenant-dinman-nyc-2013\/\" class=\"more-link\">Continue reading <span class=\"screen-reader-text\">La vision du caf\u00e9 au lait : le point \u00e0 retenir no 1 provenant d\u2019Inman NYC 2013<\/span><\/a><\/p>\n","protected":false},"author":6,"featured_media":27456,"comment_status":"open","ping_status":"open","sticky":false,"template":"","format":"standard","meta":{"footnotes":""},"categories":[2371],"tags":[],"coauthors":[2177],"class_list":["post-31122","post","type-post","status-publish","format-standard","has-post-thumbnail","hentry","category-technologie"],"aioseo_notices":[],"_links":{"self":[{"href":"https:\/\/archive.cafe.crea.ca\/fr\/wp-json\/wp\/v2\/posts\/31122"}],"collection":[{"href":"https:\/\/archive.cafe.crea.ca\/fr\/wp-json\/wp\/v2\/posts"}],"about":[{"href":"https:\/\/archive.cafe.crea.ca\/fr\/wp-json\/wp\/v2\/types\/post"}],"author":[{"embeddable":true,"href":"https:\/\/archive.cafe.crea.ca\/fr\/wp-json\/wp\/v2\/users\/6"}],"replies":[{"embeddable":true,"href":"https:\/\/archive.cafe.crea.ca\/fr\/wp-json\/wp\/v2\/comments?post=31122"}],"version-history":[{"count":1,"href":"https:\/\/archive.cafe.crea.ca\/fr\/wp-json\/wp\/v2\/posts\/31122\/revisions"}],"predecessor-version":[{"id":38526,"href":"https:\/\/archive.cafe.crea.ca\/fr\/wp-json\/wp\/v2\/posts\/31122\/revisions\/38526"}],"wp:featuredmedia":[{"embeddable":true,"href":"https:\/\/archive.cafe.crea.ca\/fr\/wp-json\/wp\/v2\/media\/27456"}],"wp:attachment":[{"href":"https:\/\/archive.cafe.crea.ca\/fr\/wp-json\/wp\/v2\/media?parent=31122"}],"wp:term":[{"taxonomy":"category","embeddable":true,"href":"https:\/\/archive.cafe.crea.ca\/fr\/wp-json\/wp\/v2\/categories?post=31122"},{"taxonomy":"post_tag","embeddable":true,"href":"https:\/\/archive.cafe.crea.ca\/fr\/wp-json\/wp\/v2\/tags?post=31122"},{"taxonomy":"author","embeddable":true,"href":"https:\/\/archive.cafe.crea.ca\/fr\/wp-json\/wp\/v2\/coauthors?post=31122"}],"curies":[{"name":"wp","href":"https:\/\/api.w.org\/{rel}","templated":true}]}}