{"id":31111,"date":"2013-04-17T12:27:57","date_gmt":"2013-04-17T16:27:57","guid":{"rendered":"https:\/\/archive.cafe.crea.ca\/lunion-fait-la-force\/"},"modified":"2021-07-23T10:28:26","modified_gmt":"2021-07-23T14:28:26","slug":"lunion-fait-la-force","status":"publish","type":"post","link":"https:\/\/archive.cafe.crea.ca\/fr\/lunion-fait-la-force\/","title":{"rendered":"L\u2019union fait la force"},"content":{"rendered":"<p>Je ne peux vous dire \u00e0 quel point je suis fi\u00e8re d&rsquo;avoir l&rsquo;occasion de travailler avec autant de membres talentueux du secteur immobilier pour renforcer cette profession incroyable qu\u2019est la n\u00f4tre. Au nom du Conseil d&rsquo;administration 2013-2014 de l&rsquo;ACI, j&rsquo;aimerais vous faire part de quelques id\u00e9es tournant autour de trois th\u00e8mes qui guideront notre travail au cours de l&rsquo;ann\u00e9e qui vient\u00a0: collectivit\u00e9, collaboration et gouvernance.<\/p>\n<p><strong>Collectivit\u00e9<\/strong><\/p>\n<p>Je suis originaire de la petite ville de Stratford, en Ontario, o\u00f9 nous avons \u00e9lev\u00e9 notre famille. J&rsquo;ai constat\u00e9 les avantages de nous mobiliser en tant que collectivit\u00e9 pour atteindre un but commun. Le dynamisme et le bien-\u00eatre de toute collectivit\u00e9 est d\u00e9termin\u00e9e par ses dirigeants, le travail acharn\u00e9, l&rsquo;engagement et la participation de ses membres. Le travail que nous accomplissons \u00e0 titre de courtiers et agents immobiliers pour le compte de nos villes et quartiers ne se limite pas \u00e0 b\u00e2tir des collectivit\u00e9s pour aujourd\u2019hui \u2013 nous b\u00e2tissons \u00e9galement les collectivit\u00e9s des g\u00e9n\u00e9rations \u00e0 venir. Sur le plan professionnel, nous faisons tous partie d&rsquo;une autre collectivit\u00e9 &#8211; celle de l&rsquo;immobilier structur\u00e9. Son succ\u00e8s d\u00e9pend des m\u00eames \u00e9l\u00e9ments qui aident nos collectivit\u00e9s \u00e0 r\u00e9ussir\u00a0: les dirigeants, le travail acharn\u00e9 et l&rsquo;engagement.<\/p>\n<p><strong>Collaboration<\/strong><\/p>\n<p>En cette p\u00e9riode de changements et de d\u00e9fis, des repr\u00e9sentants de tous les \u00e9chelons de l&rsquo;immobilier structur\u00e9 et des milliers de membres se sont engag\u00e9s dans des conversations enrichissantes, en \u00e9changeant des opinions et des id\u00e9es au sujet de la situation actuelle et future de notre secteur. Les discussions et les r\u00e9flexions ont \u00e9t\u00e9 stimulantes et le sont toujours. On a propos\u00e9 des plans et ces derniers continuent \u00e0 \u00e9voluer. Nous \u00e9tions en d\u00e9saccord, parfois vivement; cependant, je crois que nous continuons \u00e0 tendre vers un but commun, afin d&rsquo;am\u00e9liorer notre profession et d&rsquo;assurer sa pertinence soutenue, non seulement pour aujourd&rsquo;hui, mais \u00e9galement pour demain. C\u2019est gr\u00e2ce \u00e0 la collaboration, en misant sur nos talents uniques au meilleur de nos habilet\u00e9s, que nous atteindrons ce but.<\/p>\n<p><strong>Gouvernance<\/strong><\/p>\n<p>La collectivit\u00e9 que nous avons b\u00e2tie, gr\u00e2ce \u00e0 cette collaboration, n\u00e9cessite une base solide. Une des principales initiatives qui me pla\u00eet particuli\u00e8rement est la r\u00e9vision de la gouvernance. Cette r\u00e9vision nous garantira de mettre en place une bonne base, un conseil adapt\u00e9 aux besoins et des processus qui nous permettront d\u2019agir de mani\u00e8re efficace \u00a0en votre nom. \u00c0 mesure que nous g\u00e9rerons ce changement et d\u2019autres, nous concentrerons notre attention sur les besoins des membres et non les n\u00f4tres; sur le fait d\u2019\u00eatre ax\u00e9s sur les pens\u00e9es strat\u00e9giques et moins sur les aspects op\u00e9rationnels de nos activit\u00e9s; et sur la communication transparente et ouverte afin d\u2019\u00e9tablir et de maintenir la confiance.<\/p>\n<p>Cette ann\u00e9e promet d\u2019\u00eatre une importante p\u00e9riode de changement \u2013 sur le plan de la gouvernance et du leadership partag\u00e9. Notre Conseil d\u2019administration souhaite que vous continuerez \u00e0 lui envoyer vos opinions et commentaires et que vous lui accorderez votre confiance soutenue. Je m\u2019engage pleinement \u00e0 faire de cette ann\u00e9e une p\u00e9riode durant laquelle nous continuerons \u00e0 collaborer pour cr\u00e9er notre avenir. Ensemble nous r\u00e9ussirons \u2013 l\u2019union fait la force.<\/p>\n<p><a href=\"http:\/\/crea.ca\/fr\/content\/board-directors-fr\" target=\"_blank\" rel=\"noopener noreferrer\">Pour en savoir davantage sur le Conseil d\u2019administration 2013-2014 de l\u2019ACI<\/a>.<\/p>\n<p><em>Sur la photo\u00a0: Le pr\u00e9sident sortant de l\u2019ACI, Wayne Moen, et la pr\u00e9sidente actuelle, Laura Leyser, au Sommet de la direction de cette ann\u00e9e.<\/em><\/p>\n","protected":false},"excerpt":{"rendered":"<p>Je ne peux vous dire \u00e0 quel point je suis fi\u00e8re d&rsquo;avoir l&rsquo;occasion de travailler avec autant de membres talentueux du secteur immobilier pour renforcer cette profession incroyable qu\u2019est la n\u00f4tre. Au nom du Conseil d&rsquo;administration 2013-2014 de l&rsquo;ACI, j&rsquo;aimerais vous faire part de quelques id\u00e9es tournant autour de trois th\u00e8mes qui guideront notre travail &hellip; <a href=\"https:\/\/archive.cafe.crea.ca\/fr\/lunion-fait-la-force\/\" class=\"more-link\">Continue reading <span class=\"screen-reader-text\">L\u2019union fait la force<\/span><\/a><\/p>\n","protected":false},"author":16,"featured_media":38757,"comment_status":"open","ping_status":"open","sticky":false,"template":"","format":"standard","meta":{"footnotes":""},"categories":[2366],"tags":[],"coauthors":[2153],"class_list":["post-31111","post","type-post","status-publish","format-standard","has-post-thumbnail","hentry","category-nouvelles-de-laci"],"aioseo_notices":[],"_links":{"self":[{"href":"https:\/\/archive.cafe.crea.ca\/fr\/wp-json\/wp\/v2\/posts\/31111"}],"collection":[{"href":"https:\/\/archive.cafe.crea.ca\/fr\/wp-json\/wp\/v2\/posts"}],"about":[{"href":"https:\/\/archive.cafe.crea.ca\/fr\/wp-json\/wp\/v2\/types\/post"}],"author":[{"embeddable":true,"href":"https:\/\/archive.cafe.crea.ca\/fr\/wp-json\/wp\/v2\/users\/16"}],"replies":[{"embeddable":true,"href":"https:\/\/archive.cafe.crea.ca\/fr\/wp-json\/wp\/v2\/comments?post=31111"}],"version-history":[{"count":1,"href":"https:\/\/archive.cafe.crea.ca\/fr\/wp-json\/wp\/v2\/posts\/31111\/revisions"}],"predecessor-version":[{"id":38759,"href":"https:\/\/archive.cafe.crea.ca\/fr\/wp-json\/wp\/v2\/posts\/31111\/revisions\/38759"}],"wp:featuredmedia":[{"embeddable":true,"href":"https:\/\/archive.cafe.crea.ca\/fr\/wp-json\/wp\/v2\/media\/38757"}],"wp:attachment":[{"href":"https:\/\/archive.cafe.crea.ca\/fr\/wp-json\/wp\/v2\/media?parent=31111"}],"wp:term":[{"taxonomy":"category","embeddable":true,"href":"https:\/\/archive.cafe.crea.ca\/fr\/wp-json\/wp\/v2\/categories?post=31111"},{"taxonomy":"post_tag","embeddable":true,"href":"https:\/\/archive.cafe.crea.ca\/fr\/wp-json\/wp\/v2\/tags?post=31111"},{"taxonomy":"author","embeddable":true,"href":"https:\/\/archive.cafe.crea.ca\/fr\/wp-json\/wp\/v2\/coauthors?post=31111"}],"curies":[{"name":"wp","href":"https:\/\/api.w.org\/{rel}","templated":true}]}}