{"id":31110,"date":"2013-04-22T12:26:49","date_gmt":"2013-04-22T16:26:49","guid":{"rendered":"https:\/\/archive.cafe.crea.ca\/a-lapproche-des-journees-du-cap\/"},"modified":"2021-09-14T11:37:34","modified_gmt":"2021-09-14T15:37:34","slug":"a-lapproche-des-journees-du-cap","status":"publish","type":"post","link":"https:\/\/archive.cafe.crea.ca\/fr\/a-lapproche-des-journees-du-cap\/","title":{"rendered":"\u00c0 l\u2019approche des Journ\u00e9es du CAP"},"content":{"rendered":"<p>\u00c0 l\u2019approche des Journ\u00e9es du CAP pr\u00e9vues les 29 et 30 avril prochain, il semble tout \u00e0 fait \u00e0 propos de r\u00e9fl\u00e9chir sur les sources et le but de ce rassemblement annuel.<\/p>\n<p>En 1985, bien avant mes d\u00e9buts en tant que blogueur, les courtiers et agents immobiliers ont d\u00e9couvert une excellente fa\u00e7on de se faire remarquer du gouvernement. Se pr\u00e9senter aux portes du Parlement\u2026 en grand nombre.<\/p>\n<p>Cette fa\u00e7on de faire a donn\u00e9 lieu \u00e0 la cr\u00e9ation des Journ\u00e9es du Comit\u00e9 d\u2019action politique, ou Journ\u00e9es du CAP. On doit cette initiative \u00e0 tout un r\u00e9seau d\u2019agents et courtiers immobiliers engag\u00e9s sur le plan politique et pleins d\u2019enthousiasme, provenant de tous les coins du pays, qui se pr\u00e9occupent de la collectivit\u00e9 o\u00f9 ils r\u00e9sident. Malgr\u00e9 sa simplicit\u00e9, l\u2019id\u00e9e a pris de l\u2019ampleur au fil des ans, de mani\u00e8re \u00e0 en venir \u00e0 un des mouvements populaires des plus importants qui converge vers la capitale chaque ann\u00e9e.<\/p>\n<p>Lors des premi\u00e8res Journ\u00e9es du CAP en 1985, moins d\u2019une centaine de courtiers et agents y ont particip\u00e9, et seulement quatre d\u00e9put\u00e9s ont pris le temps de nous rencontrer. Aujourd\u2019hui, plus de 300 repr\u00e9sentants du CAP se rendent sur la Colline du Parlement. L\u2019ann\u00e9e derni\u00e8re, au-del\u00e0 de 150 d\u00e9put\u00e9s ont rencontr\u00e9 des repr\u00e9sentants du CAP et pris connaissance des pr\u00e9occupations de notre secteur, de nos collectivit\u00e9s et de nos clients.<\/p>\n<p>Pourquoi se donner tant de mal?<\/p>\n<p>Tout d\u2019abord, les d\u00e9put\u00e9s doivent \u00ab le voir pour le croire \u00bb. En arrivant \u00e0 la porte du gouvernement f\u00e9d\u00e9ral, nous montrons \u00e0 ce dernier la force de notre voix, notre capacit\u00e9 organisationnelle et tout ce que nous pouvons accomplir ensemble.<\/p>\n<p>Deuxi\u00e8mement, c\u2019est une question de relations. Les d\u00e9put\u00e9s aussi sont des personnes. Toute personne qui tente de poursuivre un dialogue constructif sait qu\u2019il est raisonnable de b\u00e2tir une relation avec l\u2019autre. Le fait de faire le trajet d\u00e9montre l\u2019implication et le d\u00e9vouement de la personne, en plus d\u2019aider le d\u00e9put\u00e9 \u00e0 se rappeler de vous, de vos priorit\u00e9s et de la mani\u00e8re dont vous serez en mesure de collaborer avec les d\u00e9put\u00e9s \u00e0 l\u2019avenir.<\/p>\n<p>Troisi\u00e8mement, c\u2019est un bon moyen de s\u2019assurer que le mouvement du CAP reste dynamique. En se r\u00e9unissant \u00e0 d\u2019autres d\u00e9fenseurs des int\u00e9r\u00eats du secteur, les participants maintiennent leur enthousiasme et mettent en valeur les pratiques exemplaires. Au fil des ans, l\u2019ACI a \u00e9galement am\u00e9lior\u00e9 les Journ\u00e9es du CAP en accueillant une impressionnante liste de conf\u00e9renciers pour discuter de la politique, des m\u00e9dias et du lobbyisme. Ses invit\u00e9s sp\u00e9ciaux comptaient entre autres le com\u00e9dien Rick Mercer, des commentateurs politiques tels que Chantal H\u00e9bert, Don Martin, Rex Murphy et Rob Russo, plusieurs d\u00e9put\u00e9s de tous les coins du pays, de m\u00eame que des personnalit\u00e9s canadiennes tr\u00e8s honorables \u2013 le premier ministre, M. Stephen Harper, et l\u2019ancien premier ministre, M. Jean Chr\u00e9tien. Cette ann\u00e9e, nos conf\u00e9renciers, la com\u00e9dienne Jessica Holmes, de l\u2019\u00e9mission <em>Royal Canadian Air Farce<\/em>, et le strat\u00e8ge de Bill Clinton, James Carville, sauront s\u00fbrement retenir votre int\u00e9r\u00eat!<\/p>\n<p>Enfin, pour les courtiers et agents immobiliers, le plus grand avantage de se pr\u00e9senter \u00e0 Ottawa est de se retrouver devant un gouvernement pleinement engag\u00e9 et r\u00e9ceptif. Un gouvernement \u00e0 l\u2019\u00e9coute, qui choisit les politiques sociales et \u00e9conomiques qui font du Canada un meilleur endroit o\u00f9 vivre et faire des affaires \u2013 voil\u00e0 pourquoi et comment vous pouvez faire une diff\u00e9rence.<\/p>\n<p><em>Sur la photo : Les membres de l\u2019ACI Marie Jos\u00e9e Guilbert, Beth Crosbie, Ann Cosens, Pauline Aunger et Laura Leyser aux Journ\u00e9es du CAP de 2012. Photo de Jean-Marc Carisse.<\/em><\/p>\n","protected":false},"excerpt":{"rendered":"<p>\u00c0 l\u2019approche des Journ\u00e9es du CAP pr\u00e9vues les 29 et 30 avril prochain, il semble tout \u00e0 fait \u00e0 propos de r\u00e9fl\u00e9chir sur les sources et le but de ce rassemblement annuel. En 1985, bien avant mes d\u00e9buts en tant que blogueur, les courtiers et agents immobiliers ont d\u00e9couvert une excellente fa\u00e7on de se faire &hellip; <a href=\"https:\/\/archive.cafe.crea.ca\/fr\/a-lapproche-des-journees-du-cap\/\" class=\"more-link\">Continue reading <span class=\"screen-reader-text\">\u00c0 l\u2019approche des Journ\u00e9es du CAP<\/span><\/a><\/p>\n","protected":false},"author":15,"featured_media":27543,"comment_status":"open","ping_status":"open","sticky":false,"template":"","format":"standard","meta":{"footnotes":""},"categories":[2369],"tags":[],"coauthors":[2235],"class_list":["post-31110","post","type-post","status-publish","format-standard","has-post-thumbnail","hentry","category-defense-des-interets"],"aioseo_notices":[],"_links":{"self":[{"href":"https:\/\/archive.cafe.crea.ca\/fr\/wp-json\/wp\/v2\/posts\/31110"}],"collection":[{"href":"https:\/\/archive.cafe.crea.ca\/fr\/wp-json\/wp\/v2\/posts"}],"about":[{"href":"https:\/\/archive.cafe.crea.ca\/fr\/wp-json\/wp\/v2\/types\/post"}],"author":[{"embeddable":true,"href":"https:\/\/archive.cafe.crea.ca\/fr\/wp-json\/wp\/v2\/users\/15"}],"replies":[{"embeddable":true,"href":"https:\/\/archive.cafe.crea.ca\/fr\/wp-json\/wp\/v2\/comments?post=31110"}],"version-history":[{"count":1,"href":"https:\/\/archive.cafe.crea.ca\/fr\/wp-json\/wp\/v2\/posts\/31110\/revisions"}],"predecessor-version":[{"id":39171,"href":"https:\/\/archive.cafe.crea.ca\/fr\/wp-json\/wp\/v2\/posts\/31110\/revisions\/39171"}],"wp:featuredmedia":[{"embeddable":true,"href":"https:\/\/archive.cafe.crea.ca\/fr\/wp-json\/wp\/v2\/media\/27543"}],"wp:attachment":[{"href":"https:\/\/archive.cafe.crea.ca\/fr\/wp-json\/wp\/v2\/media?parent=31110"}],"wp:term":[{"taxonomy":"category","embeddable":true,"href":"https:\/\/archive.cafe.crea.ca\/fr\/wp-json\/wp\/v2\/categories?post=31110"},{"taxonomy":"post_tag","embeddable":true,"href":"https:\/\/archive.cafe.crea.ca\/fr\/wp-json\/wp\/v2\/tags?post=31110"},{"taxonomy":"author","embeddable":true,"href":"https:\/\/archive.cafe.crea.ca\/fr\/wp-json\/wp\/v2\/coauthors?post=31110"}],"curies":[{"name":"wp","href":"https:\/\/api.w.org\/{rel}","templated":true}]}}