{"id":31108,"date":"2013-04-25T12:34:10","date_gmt":"2013-04-25T16:34:10","guid":{"rendered":"https:\/\/archive.cafe.crea.ca\/apprenez-a-connaitre-les-membres-du-conseil-commercial-canadien-de-laci\/"},"modified":"2021-09-14T11:42:52","modified_gmt":"2021-09-14T15:42:52","slug":"apprenez-a-connaitre-les-membres-du-conseil-commercial-canadien-de-laci","status":"publish","type":"post","link":"https:\/\/archive.cafe.crea.ca\/fr\/apprenez-a-connaitre-les-membres-du-conseil-commercial-canadien-de-laci\/","title":{"rendered":"Apprenez \u00e0 conna\u00eetre les membres du Conseil commercial canadien de l\u2019ACI"},"content":{"rendered":"<p>L\u2019automne dernier, l\u2019ACI a men\u00e9 un sondage aupr\u00e8s des membres du Conseil commercial canadien afin de mesurer les d\u00e9sirs et besoins changeants des praticiens de l\u2019immobilier commercial, et de d\u00e9terminer leurs opinions et attitudes, leurs attentes et impressions, ainsi que leur satisfaction envers les produits et services de l\u2019ACI qui leur sont offerts. Cette \u00e9tude visait \u00e0 fournir une composante de base pour l\u2019\u00e9laboration de la nouvelle orientation strat\u00e9gique de l\u2019ACI \u00e0 l\u2019intention des membres du CCC.<\/p>\n<p>La visualisation des donn\u00e9es ci-dessous a \u00e9t\u00e9 cr\u00e9\u00e9e par l\u2019\u00e9quipe des concepteurs de l\u2019ACI en fonction des conclusions du sondage men\u00e9 par l\u2019entreprise de recherche ind\u00e9pendante, Framework Partners Inc. \u00a0Elle illustre la composition des membres de notre CCC, les donn\u00e9es d\u00e9mographiques, les services que les membres jugent importants et leurs m\u00e9thodes de marketing.<\/p>\n<h3><strong>Faits saillants<\/strong><\/h3>\n<ul>\n<li>On compte au-del\u00e0 de 6\u00a0300 praticiens de l\u2019immobilier commercial au Canada.<\/li>\n<li>57\u00a0% travaillent dans l\u2019immobilier commercial \u00e0 temps plein.<\/li>\n<li>62\u00a0% des praticiens de l\u2019immobilier commercial ont recours \u00e0 la publicit\u00e9 imprim\u00e9e.<\/li>\n<li>88\u00a0% des praticiens de l\u2019immobilier commercial pr\u00e9f\u00e8rent le r\u00e9seautage en personne.<\/li>\n<\/ul>\n<p style=\"text-align: center;\"><a href=\"http:\/\/archive.cafe.crea.ca\/wp-content\/uploads\/2013\/04\/CCC_Infographic_March2013_final_FR1.jpg\"><img loading=\"lazy\" decoding=\"async\" class=\"aligncenter wp-image-1197\" src=\"http:\/\/archive.cafe.crea.ca\/wp-content\/uploads\/2013\/04\/CCC_Infographic_March2013_final_FR1.jpg\" alt=\"CCC_Infographic_March2013_final_FR\" width=\"613\" height=\"817\" \/><\/a><\/p>\n<p>Le Conseil commercial canadien de l\u2019ACI repr\u00e9sente les sp\u00e9cialistes de l\u2019immobilier commercial \u0153uvrant pour les chambres et associations immobili\u00e8res d\u2019un bout \u00e0 l\u2019autre du Canada.<\/p>\n","protected":false},"excerpt":{"rendered":"<p>L\u2019automne dernier, l\u2019ACI a men\u00e9 un sondage aupr\u00e8s des membres du Conseil commercial canadien afin de mesurer les d\u00e9sirs et besoins changeants des praticiens de l\u2019immobilier commercial, et de d\u00e9terminer leurs opinions et attitudes, leurs attentes et impressions, ainsi que leur satisfaction envers les produits et services de l\u2019ACI qui leur sont offerts. Cette \u00e9tude &hellip; <a href=\"https:\/\/archive.cafe.crea.ca\/fr\/apprenez-a-connaitre-les-membres-du-conseil-commercial-canadien-de-laci\/\" class=\"more-link\">Continue reading <span class=\"screen-reader-text\">Apprenez \u00e0 conna\u00eetre les membres du Conseil commercial canadien de l\u2019ACI<\/span><\/a><\/p>\n","protected":false},"author":11,"featured_media":12507,"comment_status":"open","ping_status":"open","sticky":false,"template":"","format":"standard","meta":{"footnotes":""},"categories":[2372],"tags":[],"coauthors":[2178],"class_list":["post-31108","post","type-post","status-publish","format-standard","has-post-thumbnail","hentry","category-divers"],"aioseo_notices":[],"_links":{"self":[{"href":"https:\/\/archive.cafe.crea.ca\/fr\/wp-json\/wp\/v2\/posts\/31108"}],"collection":[{"href":"https:\/\/archive.cafe.crea.ca\/fr\/wp-json\/wp\/v2\/posts"}],"about":[{"href":"https:\/\/archive.cafe.crea.ca\/fr\/wp-json\/wp\/v2\/types\/post"}],"author":[{"embeddable":true,"href":"https:\/\/archive.cafe.crea.ca\/fr\/wp-json\/wp\/v2\/users\/11"}],"replies":[{"embeddable":true,"href":"https:\/\/archive.cafe.crea.ca\/fr\/wp-json\/wp\/v2\/comments?post=31108"}],"version-history":[{"count":1,"href":"https:\/\/archive.cafe.crea.ca\/fr\/wp-json\/wp\/v2\/posts\/31108\/revisions"}],"predecessor-version":[{"id":39173,"href":"https:\/\/archive.cafe.crea.ca\/fr\/wp-json\/wp\/v2\/posts\/31108\/revisions\/39173"}],"wp:featuredmedia":[{"embeddable":true,"href":"https:\/\/archive.cafe.crea.ca\/fr\/wp-json\/wp\/v2\/media\/12507"}],"wp:attachment":[{"href":"https:\/\/archive.cafe.crea.ca\/fr\/wp-json\/wp\/v2\/media?parent=31108"}],"wp:term":[{"taxonomy":"category","embeddable":true,"href":"https:\/\/archive.cafe.crea.ca\/fr\/wp-json\/wp\/v2\/categories?post=31108"},{"taxonomy":"post_tag","embeddable":true,"href":"https:\/\/archive.cafe.crea.ca\/fr\/wp-json\/wp\/v2\/tags?post=31108"},{"taxonomy":"author","embeddable":true,"href":"https:\/\/archive.cafe.crea.ca\/fr\/wp-json\/wp\/v2\/coauthors?post=31108"}],"curies":[{"name":"wp","href":"https:\/\/api.w.org\/{rel}","templated":true}]}}