{"id":31105,"date":"2013-05-07T12:19:48","date_gmt":"2013-05-07T16:19:48","guid":{"rendered":"https:\/\/archive.cafe.crea.ca\/leffet-de-variation-du-nombre-de-jours-ouvrables\/"},"modified":"2021-07-07T16:01:25","modified_gmt":"2021-07-07T20:01:25","slug":"leffet-de-variation-du-nombre-de-jours-ouvrables","status":"publish","type":"post","link":"https:\/\/archive.cafe.crea.ca\/fr\/leffet-de-variation-du-nombre-de-jours-ouvrables\/","title":{"rendered":"L\u2019effet de variation du nombre de jours ouvrables"},"content":{"rendered":"<p>Depuis l\u2019automne dernier, la couverture m\u00e9diatique des ventes r\u00e9sidentielles au Canada reconna\u00eet les diff\u00e9rences entre le nombre de jours des semaines et des fins de semaine dans un mois en cours par rapport au m\u00eame mois l\u2019ann\u00e9e pr\u00e9c\u00e9dente. En statistiques, c\u2019est ce que l\u2019on appelle l\u2019effet de variation du nombre de jours ouvrables.<\/p>\n<p>Bien que son impact varie selon le march\u00e9 local, une analyse de pr\u00e8s de quatre millions de dossiers relatifs aux ventes r\u00e9sidentielles globales r\u00e9alis\u00e9es au Canada depuis 2000 d\u00e9montre que pr\u00e8s de 18 p. 100 des ventes tombent sur chacun des jours de la semaine (du lundi au vendredi). En comparaison, on note environ 7 p. 100 des ventes le samedi seulement et \u00e0 peine 5 p. 100 le dimanche.<\/p>\n<p>\u00c9tant donn\u00e9 que tous les mois, \u00e0 l&rsquo;exception de f\u00e9vrier, comptent 30 ou 31 jours, on remarque que deux ou trois jours de la semaine se r\u00e9p\u00e8tent cinq fois durant le mois plut\u00f4t que quatre. Ces journ\u00e9es varieront d&rsquo;une ann\u00e9e \u00e0 l&rsquo;autre, et cela peut avoir d&rsquo;importantes r\u00e9percussions.<\/p>\n<p>Prenons l\u2019exemple d&rsquo;un march\u00e9 de l&rsquo;habitation local hypoth\u00e9tique et comparons les ventes en septembre 2012 par rapport \u00e0 septembre 2011. Supposons que la demande est inchang\u00e9e et qu\u2019on calcule 100 ventes chaque semaine au cours de chacune des deux ann\u00e9es. Si l\u2019on se fie \u00e0 notre analyse ci-dessus, on aurait d\u00fb rapporter environ 40 ventes les samedis et 28 les dimanches pour chacune des deux ann\u00e9es. Toutes choses \u00e9tant \u00e9gales, il conviendrait de dire que l&rsquo;activit\u00e9 en septembre 2012 \u00e9tait identique \u00e0 celle du m\u00eame mois en 2011 puisque la demande sous-jacente dans notre exemple est exactement la m\u00eame.<\/p>\n<p>Cependant, septembre 2011 a commenc\u00e9 un jeudi. En comptant 30 jours dans le mois, cela signifie qu&rsquo;il y avait cinq jeudis et cinq vendredis, et quatre jours de chacun des autres jours de la semaine. Septembre 2012 a commenc\u00e9 un samedi; il y avait donc cinq fins de semaine compl\u00e8tes. Quoiqu&rsquo;il n&rsquo;y ait pas eu de baisse de la demande, l&rsquo;inclusion de ces deux jours de fin de semaine suppl\u00e9mentaires moins achaland\u00e9s a entra\u00een\u00e9 une baisse de 5,3 p. 100 d&rsquo;une ann\u00e9e \u00e0 l&rsquo;autre des donn\u00e9es sur les ventes de septembre 2012.<\/p>\n<p>\u00c0 l&rsquo;\u00e9chelle nationale, les ventes r\u00e9elles en septembre 2012 \u00e9taient 15 p. 100 inf\u00e9rieures \u00e0 celles du m\u00eame mois un an plus t\u00f4t. Tout semblait indiquer une d\u00e9t\u00e9rioration par rapport \u00e0 la baisse de 9 p. 100 enregistr\u00e9e en ao\u00fbt. Cependant, en tenant compte du fait que les donn\u00e9es d&rsquo;ao\u00fbt \u00e9taient d\u00e9form\u00e9es \u00e0 la hausse et les donn\u00e9es de septembre \u00e0 la baisse, il s&rsquo;agissait en fait, et jusqu\u2019au moment de la r\u00e9daction de cet article, de l\u2019am\u00e9lioration la plus importante d\u2019un mois \u00e0 l\u2019autre que nous avons vue depuis que le gouvernement f\u00e9d\u00e9ral a resserr\u00e9 les r\u00e8glements hypoth\u00e9caires l\u2019\u00e9t\u00e9 dernier, pour la quatri\u00e8me fois.<\/p>\n<p>Allez expliquer cela aux m\u00e9dias dont les reportages les plus rentables au cours des derni\u00e8res ann\u00e9es se r\u00e9sument aux mauvaises nouvelles sur le logement et la dette des m\u00e9nages. Par chance, parce que l&rsquo;effet de variation du nombre de jours ouvrables en septembre \u00e9tait plus important qu&rsquo;en temps normal, il a re\u00e7u une mention sp\u00e9ciale de la part de bon nombre d&rsquo;\u00e9conomistes. C&rsquo;est ainsi qu&rsquo;on en a entendu parler pour la premi\u00e8re fois dans les m\u00e9dias et que l&rsquo;on continue d&rsquo;en entendre parler depuis.<\/p>\n<p>Comme l\u2019a soulign\u00e9 l\u2019\u00e9conomiste en chef \u00e0 l\u2019ACI dans un r\u00e9cent blogue, l\u2019effet de variation du nombre de jours ouvrables est l\u2019un des facteurs dont on tient compte par le biais de la d\u00e9saisonnalisation (l\u2019effet saisonnier et l\u2019effet du cong\u00e9 de P\u00e2ques \u00e9tant les autres facteurs). La d\u00e9saisonnalisation met les donn\u00e9es d&rsquo;un mois quelconque sur un pied d\u2019\u00e9galit\u00e9 avec les donn\u00e9es de tous les autres mois en supprimant ces effets, ce que, comme nous l&rsquo;avons vu, pas m\u00eame les comparaisons de donn\u00e9es brutes d&rsquo;une ann\u00e9e \u00e0 l&rsquo;autre pour un mois particulier ne parviennent \u00e0 faire.<\/p>\n","protected":false},"excerpt":{"rendered":"<p>Depuis l\u2019automne dernier, la couverture m\u00e9diatique des ventes r\u00e9sidentielles au Canada reconna\u00eet les diff\u00e9rences entre le nombre de jours des semaines et des fins de semaine dans un mois en cours par rapport au m\u00eame mois l\u2019ann\u00e9e pr\u00e9c\u00e9dente. En statistiques, c\u2019est ce que l\u2019on appelle l\u2019effet de variation du nombre de jours ouvrables. Bien que &hellip; <a href=\"https:\/\/archive.cafe.crea.ca\/fr\/leffet-de-variation-du-nombre-de-jours-ouvrables\/\" class=\"more-link\">Continue reading <span class=\"screen-reader-text\">L\u2019effet de variation du nombre de jours ouvrables<\/span><\/a><\/p>\n","protected":false},"author":14,"featured_media":27639,"comment_status":"open","ping_status":"open","sticky":false,"template":"","format":"standard","meta":{"footnotes":""},"categories":[2367],"tags":[],"coauthors":[2199],"class_list":["post-31105","post","type-post","status-publish","format-standard","has-post-thumbnail","hentry","category-statistiques"],"aioseo_notices":[],"_links":{"self":[{"href":"https:\/\/archive.cafe.crea.ca\/fr\/wp-json\/wp\/v2\/posts\/31105"}],"collection":[{"href":"https:\/\/archive.cafe.crea.ca\/fr\/wp-json\/wp\/v2\/posts"}],"about":[{"href":"https:\/\/archive.cafe.crea.ca\/fr\/wp-json\/wp\/v2\/types\/post"}],"author":[{"embeddable":true,"href":"https:\/\/archive.cafe.crea.ca\/fr\/wp-json\/wp\/v2\/users\/14"}],"replies":[{"embeddable":true,"href":"https:\/\/archive.cafe.crea.ca\/fr\/wp-json\/wp\/v2\/comments?post=31105"}],"version-history":[{"count":1,"href":"https:\/\/archive.cafe.crea.ca\/fr\/wp-json\/wp\/v2\/posts\/31105\/revisions"}],"predecessor-version":[{"id":38397,"href":"https:\/\/archive.cafe.crea.ca\/fr\/wp-json\/wp\/v2\/posts\/31105\/revisions\/38397"}],"wp:featuredmedia":[{"embeddable":true,"href":"https:\/\/archive.cafe.crea.ca\/fr\/wp-json\/wp\/v2\/media\/27639"}],"wp:attachment":[{"href":"https:\/\/archive.cafe.crea.ca\/fr\/wp-json\/wp\/v2\/media?parent=31105"}],"wp:term":[{"taxonomy":"category","embeddable":true,"href":"https:\/\/archive.cafe.crea.ca\/fr\/wp-json\/wp\/v2\/categories?post=31105"},{"taxonomy":"post_tag","embeddable":true,"href":"https:\/\/archive.cafe.crea.ca\/fr\/wp-json\/wp\/v2\/tags?post=31105"},{"taxonomy":"author","embeddable":true,"href":"https:\/\/archive.cafe.crea.ca\/fr\/wp-json\/wp\/v2\/coauthors?post=31105"}],"curies":[{"name":"wp","href":"https:\/\/api.w.org\/{rel}","templated":true}]}}