{"id":31102,"date":"2013-05-17T17:33:35","date_gmt":"2013-05-17T21:33:35","guid":{"rendered":"https:\/\/archive.cafe.crea.ca\/saveurs-de-la-semaine-le-17-mai-2013\/"},"modified":"2021-09-14T11:58:12","modified_gmt":"2021-09-14T15:58:12","slug":"saveurs-de-la-semaine-le-17-mai-2013","status":"publish","type":"post","link":"https:\/\/archive.cafe.crea.ca\/fr\/saveurs-de-la-semaine-le-17-mai-2013\/","title":{"rendered":"Saveurs de la semaine : le 17 mai 2013"},"content":{"rendered":"<p><em>Les Saveurs de la semaine affichent des liens int\u00e9ressants vers des nouvelles sur l&rsquo;immobilier, bribes d&rsquo;information ou sujets qui vous int\u00e9ressent; vous pouvez les savourer en d\u00e9gustant votre caf\u00e9 pr\u00e9f\u00e9r\u00e9. Vous pouvez m\u00eame vous en servir pour entreprendre une bonne conversation avec le prochain client que vous rencontrerez. Bonne lecture!<\/em><\/p>\n<p><em>Voici mes choix de la semaine\u00a0:<\/em><\/p>\n<p>Plusieurs m\u00e9dias croient en une chute des prix de l\u2019immobilier. Le magazine <em>Conseiller<\/em> en discute dans son article <em>Immobilier\u00a0: <\/em><a href=\"http:\/\/www.conseiller.ca\/nouvelles\/40988-40988\" target=\"_blank\" rel=\"noopener noreferrer\"><em>-45%, vraiment<\/em><\/a><em>?<\/em><\/p>\n<p>La Chambre immobili\u00e8re de l\u2019Outaouais pr\u00e9sente sa nouvelle <a href=\"http:\/\/www.youtube.com\/watch?v=7E8PNKuvrGk\" target=\"_blank\" rel=\"noopener noreferrer\">publicit\u00e9<\/a>.<\/p>\n<p>Les quartiers verts et les \u00e9coquartiers deviennent de plus en plus populaires. D\u2019apr\u00e8s le blogue pieuvre.ca, \u00e0 Montr\u00e9al, on parle d\u2019un <a href=\"http:\/\/www.pieuvre.ca\/2013\/04\/30\/societe-montreal-quartiers-verts\/\">bilan positif<\/a>.<\/p>\n<p>L\u2019Universit\u00e9 d\u2019Exeter conclu que les <a href=\"http:\/\/www.greenetvert.fr\/2013\/04\/30\/les-espaces-verts-lechappatoire-urbain\/73535\">espaces verts<\/a> en zone urbaine sont tr\u00e8s importants.<\/p>\n<p>L\u2019ing\u00e9nieur Roger Narboni publie un livre discutant <a href=\"http:\/\/www.nonfiction.fr\/article-6516-reinventer_la_lumiere_des_espaces_urbains.htm\">la lumi\u00e8re<\/a> de nos espaces urbains.<\/p>\n<p>L\u2019ONU <a href=\"http:\/\/www.actualites-news-environnement.com\/30508-Augmenter-taux-croissance-economique-villes-developpement-durable.html\" target=\"_blank\" rel=\"noopener noreferrer\">conclut<\/a> qu\u2019investir dans les infrastructures durables et des technologies efficaces assure une croissance \u00e9conomique durable pour les villes.<\/p>\n<p>En France, un \u00e9diteur propose un <a href=\"http:\/\/tempsreel.nouvelobs.com\/immobilier\/professions-immobilieres\/20130416.OBS8155\/un-guide-pour-les-bons-agents-immobiliers.html\">guide<\/a> (r\u00e9pertoire type Michelin) pour cataloguer les \u00ab\u00a0bons\u00a0\u00bb agents immobiliers. Une agence fran\u00e7aise offre aux consommateurs un mandat exclusif de \u00ab\u00a0<a href=\"http:\/\/economie.trader-finance.fr\/actualite\/Immobilier+OptimHome+lance+un+mandat+exclusif+20+jours+chrono++527019.html\">20 jours chrono<\/a>\u00a0\u00bb. La Soci\u00e9t\u00e9 des agriculteurs de France fait la promotion de l\u2019<a href=\"http:\/\/www.lafranceagricole.fr\/actualite-agricole\/agriculture-urbaine-entre-pedagogie-et-developpement-de-l-alimentation-locale-70721.html\">Agriculture urbaine<\/a>.<\/p>\n<p>Une entrevue du Figaro avec l\u2019architecte <a href=\"http:\/\/www.lefigaro.fr\/culture\/2013\/05\/07\/03004-20130507ARTFIG00211-norman-foster-paris-n-a-pas-besoin-de-gratte-ciel.php\">Norman Foster<\/a>\u00a0r\u00e9v\u00e8le que \u00ab\u00a0Paris n\u2019a pas besoin de gratte-ciel\u00a0\u00bb.<\/p>\n<p><em>Bonne fin de semaine prolong\u00e9e!<\/em><\/p>\n","protected":false},"excerpt":{"rendered":"<p>Les Saveurs de la semaine affichent des liens int\u00e9ressants vers des nouvelles sur l&rsquo;immobilier, bribes d&rsquo;information ou sujets qui vous int\u00e9ressent; vous pouvez les savourer en d\u00e9gustant votre caf\u00e9 pr\u00e9f\u00e9r\u00e9. Vous pouvez m\u00eame vous en servir pour entreprendre une bonne conversation avec le prochain client que vous rencontrerez. Bonne lecture! Voici mes choix de la &hellip; <a href=\"https:\/\/archive.cafe.crea.ca\/fr\/saveurs-de-la-semaine-le-17-mai-2013\/\" class=\"more-link\">Continue reading <span class=\"screen-reader-text\">Saveurs de la semaine : le 17 mai 2013<\/span><\/a><\/p>\n","protected":false},"author":23,"featured_media":27464,"comment_status":"open","ping_status":"open","sticky":false,"template":"","format":"standard","meta":{"footnotes":""},"categories":[2372],"tags":[],"coauthors":[2147],"class_list":["post-31102","post","type-post","status-publish","format-standard","has-post-thumbnail","hentry","category-divers"],"aioseo_notices":[],"_links":{"self":[{"href":"https:\/\/archive.cafe.crea.ca\/fr\/wp-json\/wp\/v2\/posts\/31102"}],"collection":[{"href":"https:\/\/archive.cafe.crea.ca\/fr\/wp-json\/wp\/v2\/posts"}],"about":[{"href":"https:\/\/archive.cafe.crea.ca\/fr\/wp-json\/wp\/v2\/types\/post"}],"author":[{"embeddable":true,"href":"https:\/\/archive.cafe.crea.ca\/fr\/wp-json\/wp\/v2\/users\/23"}],"replies":[{"embeddable":true,"href":"https:\/\/archive.cafe.crea.ca\/fr\/wp-json\/wp\/v2\/comments?post=31102"}],"version-history":[{"count":1,"href":"https:\/\/archive.cafe.crea.ca\/fr\/wp-json\/wp\/v2\/posts\/31102\/revisions"}],"predecessor-version":[{"id":39184,"href":"https:\/\/archive.cafe.crea.ca\/fr\/wp-json\/wp\/v2\/posts\/31102\/revisions\/39184"}],"wp:featuredmedia":[{"embeddable":true,"href":"https:\/\/archive.cafe.crea.ca\/fr\/wp-json\/wp\/v2\/media\/27464"}],"wp:attachment":[{"href":"https:\/\/archive.cafe.crea.ca\/fr\/wp-json\/wp\/v2\/media?parent=31102"}],"wp:term":[{"taxonomy":"category","embeddable":true,"href":"https:\/\/archive.cafe.crea.ca\/fr\/wp-json\/wp\/v2\/categories?post=31102"},{"taxonomy":"post_tag","embeddable":true,"href":"https:\/\/archive.cafe.crea.ca\/fr\/wp-json\/wp\/v2\/tags?post=31102"},{"taxonomy":"author","embeddable":true,"href":"https:\/\/archive.cafe.crea.ca\/fr\/wp-json\/wp\/v2\/coauthors?post=31102"}],"curies":[{"name":"wp","href":"https:\/\/api.w.org\/{rel}","templated":true}]}}