{"id":31095,"date":"2013-06-06T11:02:36","date_gmt":"2013-06-06T15:02:36","guid":{"rendered":"https:\/\/archive.cafe.crea.ca\/revivre-la-scene-politique-des-journees-du-cap-de-2013-entrevue-avec-un-nouveau-representant-du-cap\/"},"modified":"2013-06-06T11:02:36","modified_gmt":"2013-06-06T15:02:36","slug":"revivre-la-scene-politique-des-journees-du-cap-de-2013-entrevue-avec-un-nouveau-representant-du-cap","status":"publish","type":"post","link":"https:\/\/archive.cafe.crea.ca\/fr\/revivre-la-scene-politique-des-journees-du-cap-de-2013-entrevue-avec-un-nouveau-representant-du-cap\/","title":{"rendered":"Revivre la sc\u00e8ne politique des Journ\u00e9es du CAP de 2013 : Entrevue avec un nouveau repr\u00e9sentant du CAP"},"content":{"rendered":"<p>Eh bien, les Journ\u00e9es du CAP de 2013 sont chose du pass\u00e9. Chaque ann\u00e9e, des centaines de courtiers et agents immobiliers de tous les coins du pays se r\u00e9unissent \u00e0 cette rencontre annuelle de d\u00e9fense des int\u00e9r\u00eats afin d\u2019approfondir leurs connaissances aupr\u00e8s des experts politiques et de d\u00e9fendre les int\u00e9r\u00eats du secteur structur\u00e9 de l&rsquo;immobilier.<\/p>\n<figure style=\"width: 216px\" class=\"wp-caption alignright\"><img loading=\"lazy\" decoding=\"async\" class=\" \" src=\"http:\/\/www.crea.ca\/wp-content\/uploads\/2013\/06\/DSC3948-300x213.jpg\" alt=\"\" width=\"216\" height=\"153\" \/><figcaption class=\"wp-caption-text\">Lisa Cyr-Auld, agent immobili\u00e8re<\/figcaption><\/figure>\n<p>Pour vous aider \u00e0 mettre les Journ\u00e9es du CAP en perspective, je me suis entretenue avec Lisa Cyr-Auld, une nouvelle repr\u00e9sentante du CAP provenant de la Rideau St. Lawrence Board non loin d&rsquo;Ottawa. Nous avons fait le bilan de la rencontre de cette ann\u00e9e, en adoptant la perspective d&rsquo;une nouvelle participante \u00e0 l&rsquo;\u00e9v\u00e9nement.<\/p>\n<p>Lisa est n\u00e9e et a grandi \u00e0 Brockville et de fil en aiguille, de par sa vaste exp\u00e9rience dans les ventes, elle a poursuivi une carri\u00e8re en immobilier. Pour reprendre ses paroles lorsque je me suis entretenue avec elle par un jeudi apr\u00e8s-midi ensoleill\u00e9 de mai : \u00ab J&rsquo;avais habit\u00e9 dans presque tous les types de propri\u00e9t\u00e9s immobili\u00e8res et je me suis mise \u00e0 penser qu&rsquo;une profession en immobilier r\u00e9pondrait peut-\u00eatre \u00e0 mes besoins. Comme j&rsquo;avais d\u00e9j\u00e0 acquis de l&rsquo;exp\u00e9rience dans les ventes, c&rsquo;\u00e9tait donc un pas en avant pour moi. \u00bb<\/p>\n<figure id=\"attachment_1570\" aria-describedby=\"caption-attachment-1570\" style=\"width: 556px\" class=\"wp-caption aligncenter\"><img loading=\"lazy\" decoding=\"async\" class=\" wp-image-1570 \" src=\"http:\/\/www.crea.ca\/wp-content\/uploads\/2013\/06\/DSC3695.jpg\" alt=\"\" width=\"556\" height=\"374\" \/><figcaption id=\"caption-attachment-1570\" class=\"wp-caption-text\">L\u2019agente immobili\u00e8re Lisa Cyr-Auld (\u00e0 gauche), en entretien avec notre agente des relations gouvernementales, Anna Laurence (\u00e0 droite), discute de son exp\u00e9rience aux Journ\u00e9es du CAP de 2013<\/figcaption><\/figure>\n<p>Forte de son exp\u00e9rience dans la vente d&rsquo;articles de mode, de mobilier de maison, d&rsquo;appareils \u00e9lectrom\u00e9nagers, y compris son bref c\u00f4toiement de la vente automobile, Lisa a d\u00e9but\u00e9 sa carri\u00e8re dans l&rsquo;immobilier en 2009. Puis, en janvier 2013, elle s&rsquo;est jointe au conseil d&rsquo;administration de sa chambre immobili\u00e8re locale. Je lui ai demand\u00e9 ce qui l&rsquo;a motiv\u00e9e \u00e0 devenir repr\u00e9sentante du CAP, un poste qui exige qu&rsquo;elle soit les yeux, les oreilles et le visage de la chambre sur le plan des initiatives de d\u00e9fense des int\u00e9r\u00eats entreprises aupr\u00e8s du gouvernement f\u00e9d\u00e9ral. Selon elle, c\u2019\u00e9tait tout \u00e0 fait naturel. \u00ab Je crois fermement que les gens doivent s\u2019impliquer dans leur collectivit\u00e9. Si vous cherchez le changement, vous devez commencer par vous-m\u00eame. J&rsquo;ai toujours eu un brin de passion pour la politique; elle m&rsquo;a toujours int\u00e9ress\u00e9e. Donc depuis que notre pr\u00e9sident \u00e9lu m&rsquo;a demand\u00e9 des renseignements sur le CAP, je me suis dit qu\u2019il serait peut-\u00eatre int\u00e9ressant de me joindre au CAP. \u00bb<\/p>\n<p>Lisa d\u00e9crit l\u2019exp\u00e9rience de ses premi\u00e8res Journ\u00e9es du CAP \u00e0 la fois comme palpitante, d\u00e9concertante et agr\u00e9able. \u00ab Il se passe tellement de choses. C\u2019\u00e9tait vraiment int\u00e9ressant. \u00bb Lorsque je lui ai demand\u00e9 ce qui lui a plu particuli\u00e8rement, Lisa m\u2019a r\u00e9pondu que c\u2019\u00e9tait le groupe d\u2019experts des m\u00e9dias. Des journalistes chevronn\u00e9s de la Colline du Parlement \u2013 Chantal H\u00e9bert, Rob Russo et Don Martin \u2013 ont discut\u00e9 de politique et r\u00e9pondu aux questions pendant une heure. \u00ab Je dirais que c\u2019\u00e9tait le moment marquant. J\u2019ai toujours vu Chantal H\u00e9bert comme la Christiane Amanpour du Canada. Elle m\u2019a plu, tout le groupe d\u2019experts des m\u00e9dias m\u2019a plu. \u00bb<\/p>\n<figure id=\"attachment_1564\" aria-describedby=\"caption-attachment-1564\" style=\"width: 540px\" class=\"wp-caption aligncenter\"><img loading=\"lazy\" decoding=\"async\" class=\" wp-image-1564 \" src=\"http:\/\/www.crea.ca\/wp-content\/uploads\/2013\/06\/CREA_PAC_13_21-1024x682.jpg\" alt=\"\" width=\"540\" height=\"360\" \/><figcaption id=\"caption-attachment-1564\" class=\"wp-caption-text\">Notre groupe d\u2019experts des m\u00e9dias aux Journ\u00e9es du CAP de 2013 (de gauche \u00e0 droite) : Don Martin, l\u2019animateur de Power Play au r\u00e9seau CTV; Chantal H\u00e9bert, la chroniqueuse politique du Toronto Star; et Rob Russo, le chef du bureau de la Presse canadienne \u00e0 Ottawa<\/figcaption><\/figure>\n<p>Cependant, les Journ\u00e9es du CAP sont bien plus que le fait de voir des personnalit\u00e9s; c\u2019est une occasion de se rendre \u00e0 Ottawa pour apprendre et prendre le pouls de ce qui semble souvent un endroit isol\u00e9 et \u00e9loign\u00e9 du quotidien. Lorsque j\u2019ai demand\u00e9 \u00e0 Lisa ce qui l\u2019a int\u00e9ress\u00e9e le plus parmi tout ce qu\u2019elle a appris, elle a mentionn\u00e9 plusieurs conversations politiques. Elle a fait remarquer, par exemple, comment les gens sont enthousiastes au sujet de la menace, r\u00e9elle ou per\u00e7ue, que pr\u00e9sente Justin Trudeau, qui venait d\u2019\u00eatre \u00e9lu chef du Parti lib\u00e9ral tout juste une semaine avant le CAP. \u00ab Il n\u2019y avait aucun doute que la teneur de la conversation \u00e9tait politique \u00bb, ajouta-t-elle.<\/p>\n<p>Elle a \u00e9galement fait savoir qu\u2019il y avait beaucoup \u00e0 apprendre au sujet du lobbying. \u00ab Il faut beaucoup de patience et de pers\u00e9v\u00e9rance; il faut que le message soit simple et qu\u2019il soit r\u00e9p\u00e9t\u00e9 aussi souvent que possible. Il faut tenir bon et revenir \u00e0 la charge. Et vous savez, \u00e0 mon avis c\u2019est ce que fait l\u2019ACI. Je crois qu\u2019elle s\u2019acquitte bien de cette t\u00e2che et qu\u2019elle est efficace. \u00bb<\/p>\n<p>Et quels sont ses plans pour l\u2019an prochain? Lisa nous dit qu\u2019elle y participera \u00e0 nouveau. Voici le conseil qu\u2019elle offre \u00e0 ceux et celles qui songent \u00e0 s\u2019impliquer : \u00ab Je crois que nous devons tous y prendre part; une fois que vous avez particip\u00e9 \u00e0 vos premi\u00e8res Journ\u00e9es du CAP, vous avez \u00e0 peine le temps de vous remettre de toute l\u2019exub\u00e9rance. Donc, je crois qu\u2019il faut y prendre part plus qu\u2019une fois. \u00bb<\/p>\n<p>Si, comme Lisa, vous vous int\u00e9ressez aux efforts des Affaires f\u00e9d\u00e9rales de l\u2019ACI, visitez notre nouvelle plateforme d\u2019action politique interactive, le <a href=\"http:\/\/r\u00e9seaud\u2019actionimmobilier.ca \" target=\"_blank\"><span style=\"text-decoration: underline;\" data-mce-mark=\"1\">r\u00e9seaud\u2019actionimmobilier.ca<\/span><\/a> afin d\u2019en apprendre davantage sur nos initiatives de d\u00e9fense des int\u00e9r\u00eats et des mani\u00e8res dont vous pouvez y participer!<\/p>\n","protected":false},"excerpt":{"rendered":"<p>Eh bien, les Journ\u00e9es du CAP de 2013 sont chose du pass\u00e9. Chaque ann\u00e9e, des centaines de courtiers et agents immobiliers de tous les coins du pays se r\u00e9unissent \u00e0 cette rencontre annuelle de d\u00e9fense des int\u00e9r\u00eats afin d\u2019approfondir leurs connaissances aupr\u00e8s des experts politiques et de d\u00e9fendre les int\u00e9r\u00eats du secteur structur\u00e9 de l&rsquo;immobilier. &hellip; <a href=\"https:\/\/archive.cafe.crea.ca\/fr\/revivre-la-scene-politique-des-journees-du-cap-de-2013-entrevue-avec-un-nouveau-representant-du-cap\/\" class=\"more-link\">Continue reading <span class=\"screen-reader-text\">Revivre la sc\u00e8ne politique des Journ\u00e9es du CAP de 2013 : Entrevue avec un nouveau repr\u00e9sentant du CAP<\/span><\/a><\/p>\n","protected":false},"author":15,"featured_media":27828,"comment_status":"open","ping_status":"open","sticky":false,"template":"","format":"standard","meta":{"footnotes":""},"categories":[2369],"tags":[],"coauthors":[],"class_list":["post-31095","post","type-post","status-publish","format-standard","has-post-thumbnail","hentry","category-defense-des-interets"],"aioseo_notices":[],"_links":{"self":[{"href":"https:\/\/archive.cafe.crea.ca\/fr\/wp-json\/wp\/v2\/posts\/31095"}],"collection":[{"href":"https:\/\/archive.cafe.crea.ca\/fr\/wp-json\/wp\/v2\/posts"}],"about":[{"href":"https:\/\/archive.cafe.crea.ca\/fr\/wp-json\/wp\/v2\/types\/post"}],"author":[{"embeddable":true,"href":"https:\/\/archive.cafe.crea.ca\/fr\/wp-json\/wp\/v2\/users\/15"}],"replies":[{"embeddable":true,"href":"https:\/\/archive.cafe.crea.ca\/fr\/wp-json\/wp\/v2\/comments?post=31095"}],"version-history":[{"count":0,"href":"https:\/\/archive.cafe.crea.ca\/fr\/wp-json\/wp\/v2\/posts\/31095\/revisions"}],"wp:featuredmedia":[{"embeddable":true,"href":"https:\/\/archive.cafe.crea.ca\/fr\/wp-json\/wp\/v2\/media\/27828"}],"wp:attachment":[{"href":"https:\/\/archive.cafe.crea.ca\/fr\/wp-json\/wp\/v2\/media?parent=31095"}],"wp:term":[{"taxonomy":"category","embeddable":true,"href":"https:\/\/archive.cafe.crea.ca\/fr\/wp-json\/wp\/v2\/categories?post=31095"},{"taxonomy":"post_tag","embeddable":true,"href":"https:\/\/archive.cafe.crea.ca\/fr\/wp-json\/wp\/v2\/tags?post=31095"},{"taxonomy":"author","embeddable":true,"href":"https:\/\/archive.cafe.crea.ca\/fr\/wp-json\/wp\/v2\/coauthors?post=31095"}],"curies":[{"name":"wp","href":"https:\/\/api.w.org\/{rel}","templated":true}]}}