{"id":31085,"date":"2013-07-05T17:13:00","date_gmt":"2013-07-05T21:13:00","guid":{"rendered":"https:\/\/archive.cafe.crea.ca\/saveurs-de-la-semaine-le-5-juillet-2013\/"},"modified":"2013-07-05T17:13:00","modified_gmt":"2013-07-05T21:13:00","slug":"saveurs-de-la-semaine-le-5-juillet-2013","status":"publish","type":"post","link":"https:\/\/archive.cafe.crea.ca\/fr\/saveurs-de-la-semaine-le-5-juillet-2013\/","title":{"rendered":"Saveurs de la semaine : le 5 juillet 2013"},"content":{"rendered":"<p><em>Les Saveurs de la semaine affichent des liens int\u00e9ressants vers des nouvelles sur l\u2019immobilier, bribes d\u2019information ou sujets qui vous int\u00e9ressent; vous pouvez les savourer en d\u00e9gustant votre caf\u00e9 pr\u00e9f\u00e9r\u00e9. Vous pouvez m\u00eame vous en servir pour entreprendre une bonne conversation avec le prochain client que vous rencontrerez. Bonne lecture!<\/em><\/p>\n<p><em>Voici mes choix de la semaine\u00a0:<\/em><\/p>\n<p>Apr\u00e8s avoir entendu parler de l&rsquo;inondation d\u00e9vastatrice dans le sud de l&rsquo;Alberta \u00e0 la fin du mois dernier, la Fondation canadienne REALTORS Care\u00ae s&rsquo;est empress\u00e9e de lancer <a href=\"http:\/\/realtorscare.ca\/les-victimes-des-inondations-de-lalberta-ont-besoin-de-notre-appui\/?lang=fr\" target=\"_blank\">un appel<\/a> aux chambres, associations, courtiers et agents d&rsquo;un bout \u00e0 l&rsquo;autre du pays afin d&rsquo;appuyer le fonds Inondations en Alberta, cr\u00e9\u00e9 par la Croix-Rouge canadienne. Le secteur structur\u00e9 de l&rsquo;immobilier a relev\u00e9 le d\u00e9fi. Des dons ou promesses de don s&rsquo;\u00e9levant \u00e0 plus de 205 000\u00a0$ ont \u00e9t\u00e9 vers\u00e9s jusqu&rsquo;\u00e0 ce jour par le biais de la Fondation, et les dons ne cessent de nous parvenir. <a href=\"https:\/\/secure.e2rm.com\/registrant\/donate.aspx?EventID=89286&amp;LangPref=fr-CA\" target=\"_blank\">Aidez-nous \u00e0 d\u00e9passer le seuil du quart de million de $ en faisant un don d\u00e8s aujourd&rsquo;hui<\/a>!<\/p>\n<p>Pourquoi les d\u00e9m\u00e9nagements sont-ils si populaires le 1<sup>er<\/sup>\u00a0juillet? Saviez-vous que\u00a0<a href=\"http:\/\/www.journaldequebec.com\/2013\/07\/01\/un-demenagement-intense-et-historique\" target=\"_blank\">la r\u00e9ponse remonte au temps de la colonie<\/a>?<\/p>\n<p>La Presse offre des conseils pour\u00a0<a href=\"http:\/\/maison.lapresse.ca\/habitation\/conseils\/201306\/28\/01-4666021-comment-reperer-et-eliminer-des-fourmis-charpentieres.php\" target=\"_blank\">rep\u00e9rer et \u00e9liminer les fourmis charpenti\u00e8res<\/a>.<\/p>\n<p>Le Devoir demande :\u00a0<a href=\"http:\/\/www.ledevoir.com\/opinion\/blogues\/le-blogue-urbain\/382173\/plus-haut-toujours-plus-haut-plus-ecologiques-les-villes-en-hauteur\" target=\"_blank\">les villes en hauteur sont-elles plus \u00e9cologiques<\/a>?<\/p>\n<p>De l\u2019autre c\u00f4t\u00e9 de l\u2019oc\u00e9an Atlantique\u00a0: le gouvernement fran\u00e7ais annonce des\u00a0<a href=\"http:\/\/www.lefigaro.fr\/immobilier\/2013\/06\/23\/05002-20130623ARTFIG00043-immobilier-le-projet-de-loi-duflot-pesera-sur-les-proprietaires.php\" target=\"_blank\">mesures pour faciliter l\u2019acc\u00e8s au march\u00e9 locatif<\/a>\u00a0qui inqui\u00e8tent les professionnels de l\u2019immobilier; Le Monde d\u00e9couvre que\u00a0<a href=\"http:\/\/www.lemonde.fr\/immobilier\/article\/2013\/06\/27\/immobilier-des-prix-toujours-deconnectes_3436430_1306281.html\">les prix de l\u2019immobilier demeurent d\u00e9connect\u00e9s<\/a>; en immobilier commercial,\u00a0<a href=\"http:\/\/tempsreel.nouvelobs.com\/immobilier\/immobilier-d-entreprise\/20130613.OBS3263\/immobilier-commercial-les-meilleurs-emplacements-toujours-tres-recherches.html\">les meilleurs emplacements sont toujours tr\u00e8s recherch\u00e9s<\/a>; et, C\u00e9cile Duflot propose une loi pour mieux\u00a0<a href=\"http:\/\/immo-neuf.lavieimmo.com\/immobilier-neuf\/urbanisme-ce-qui-change-avec-la-loi-alur-20322.html\">encadrer le d\u00e9veloppement des zones urbaines<\/a>.<\/p>\n<p>PSST \u2013 besoin d\u2019une\u00a0<a href=\"http:\/\/auto.rtl.fr\/article\/dubai-envahie-par-des-voitures-de-luxe-abandonnees-7762213350\">voiture de luxe<\/a>?<\/p>\n<p>La maison sur la C\u00f4te d\u2019Azur de l\u2019auteur du roman\u00a0<em>The Great Gatsby<\/em>, F. Scott Fitzgerald est\u00a0<a href=\"http:\/\/tinyurl.com\/lq7fxwb\">\u00e0 vendre pour 27 millions d&rsquo;euros<\/a>.<\/p>\n","protected":false},"excerpt":{"rendered":"<p>Les Saveurs de la semaine affichent des liens int\u00e9ressants vers des nouvelles sur l\u2019immobilier, bribes d\u2019information ou sujets qui vous int\u00e9ressent; vous pouvez les savourer en d\u00e9gustant votre caf\u00e9 pr\u00e9f\u00e9r\u00e9. Vous pouvez m\u00eame vous en servir pour entreprendre une bonne conversation avec le prochain client que vous rencontrerez. Bonne lecture! Voici mes choix de la &hellip; <a href=\"https:\/\/archive.cafe.crea.ca\/fr\/saveurs-de-la-semaine-le-5-juillet-2013\/\" class=\"more-link\">Continue reading <span class=\"screen-reader-text\">Saveurs de la semaine : le 5 juillet 2013<\/span><\/a><\/p>\n","protected":false},"author":23,"featured_media":27464,"comment_status":"open","ping_status":"open","sticky":false,"template":"","format":"standard","meta":{"footnotes":""},"categories":[2372],"tags":[],"coauthors":[],"class_list":["post-31085","post","type-post","status-publish","format-standard","has-post-thumbnail","hentry","category-divers"],"aioseo_notices":[],"_links":{"self":[{"href":"https:\/\/archive.cafe.crea.ca\/fr\/wp-json\/wp\/v2\/posts\/31085"}],"collection":[{"href":"https:\/\/archive.cafe.crea.ca\/fr\/wp-json\/wp\/v2\/posts"}],"about":[{"href":"https:\/\/archive.cafe.crea.ca\/fr\/wp-json\/wp\/v2\/types\/post"}],"author":[{"embeddable":true,"href":"https:\/\/archive.cafe.crea.ca\/fr\/wp-json\/wp\/v2\/users\/23"}],"replies":[{"embeddable":true,"href":"https:\/\/archive.cafe.crea.ca\/fr\/wp-json\/wp\/v2\/comments?post=31085"}],"version-history":[{"count":0,"href":"https:\/\/archive.cafe.crea.ca\/fr\/wp-json\/wp\/v2\/posts\/31085\/revisions"}],"wp:featuredmedia":[{"embeddable":true,"href":"https:\/\/archive.cafe.crea.ca\/fr\/wp-json\/wp\/v2\/media\/27464"}],"wp:attachment":[{"href":"https:\/\/archive.cafe.crea.ca\/fr\/wp-json\/wp\/v2\/media?parent=31085"}],"wp:term":[{"taxonomy":"category","embeddable":true,"href":"https:\/\/archive.cafe.crea.ca\/fr\/wp-json\/wp\/v2\/categories?post=31085"},{"taxonomy":"post_tag","embeddable":true,"href":"https:\/\/archive.cafe.crea.ca\/fr\/wp-json\/wp\/v2\/tags?post=31085"},{"taxonomy":"author","embeddable":true,"href":"https:\/\/archive.cafe.crea.ca\/fr\/wp-json\/wp\/v2\/coauthors?post=31085"}],"curies":[{"name":"wp","href":"https:\/\/api.w.org\/{rel}","templated":true}]}}