{"id":31083,"date":"2013-07-12T17:25:13","date_gmt":"2013-07-12T21:25:13","guid":{"rendered":"https:\/\/archive.cafe.crea.ca\/saveurs-de-la-semaine-le-12-juillet-2013\/"},"modified":"2013-07-12T17:25:13","modified_gmt":"2013-07-12T21:25:13","slug":"saveurs-de-la-semaine-le-12-juillet-2013","status":"publish","type":"post","link":"https:\/\/archive.cafe.crea.ca\/fr\/saveurs-de-la-semaine-le-12-juillet-2013\/","title":{"rendered":"Saveurs de la semaine : le 12 juillet 2013"},"content":{"rendered":"<p><em>Les Saveurs de la semaine affichent des liens int\u00e9ressants vers des nouvelles sur l\u2019immobilier, bribes d\u2019information ou sujets qui vous int\u00e9ressent; vous pouvez les savourer en d\u00e9gustant votre caf\u00e9 pr\u00e9f\u00e9r\u00e9. Vous pouvez m\u00eame vous en servir pour entreprendre une bonne conversation avec le prochain client que vous rencontrerez. Bonne lecture!<\/em><\/p>\n<p><em>Voici mes choix de la semaine\u00a0:<\/em><\/p>\n<p>\u00c0 Gatineau, on peut tourner \u00e0 droite, ou encore \u00e0 gauche\u00a0(<a href=\"http:\/\/tinyurl.com\/m4n5ogz\" target=\"_blank\">voir photo<\/a>).<\/p>\n<p>Lady Gaga <a href=\"http:\/\/magimmo.seloger.com\/a-la-une\/insolite\/lady-gaga-loue-a-new-york-a-22-000-t228259\" target=\"_blank\">loue un appartement \u00e0 New York<\/a> \u00e0 22,000$\/mois!<\/p>\n<p>Trois grands acteurs dans l\u2019immobilier fran\u00e7ais partagent <a href=\"http:\/\/www.latribune.fr\/vos-finances\/immobilier\/20130709trib000774852\/immobilier-des-professionnels-parlent-d-une-seule-voix-pour-faire-repartir-le-marche.html\" target=\"_blank\">leur vision du march\u00e9<\/a>.<\/p>\n<p>Le Centre national de la recherche scientifique met en ligne une s\u00e9rie de vid\u00e9os pr\u00e9sentant les concepts <a href=\"http:\/\/www.cnrs.fr\/fr\/multimedia\/podcast-urbanisme-habitat-societe\/index.html\" target=\"_blank\">d\u2019urbanisme, d\u2019habitat et de soci\u00e9t\u00e9<\/a>.<\/p>\n<p>La F\u00e9d\u00e9ration des promoteurs immobiliers de la France ne croit pas que le <a href=\"http:\/\/www.latribune.fr\/vos-finances\/immobilier\/20130704trib000774070\/non-l-immobilier-n-affecte-pas-la-competitivite-affirment-les-promoteurs.html\" target=\"_blank\">co\u00fbt \u00e9lev\u00e9 des logements bride la comp\u00e9titivit\u00e9 fran\u00e7aise<\/a>. \u00c0 la suite\u00a0des travaux d\u2019un r\u00e9sident, un <a href=\"http:\/\/www.lavieimmo.com\/immobilier-lochwiller-27763\/lochwiller-bas-rhin-un-village-voue-a-disparaitre-20484.html?google_editors_picks=true\" target=\"_blank\">village en Alsace pourrait dispara\u00eetre<\/a>. La ville de Paris consid\u00e8re une nouvelle <a href=\"http:\/\/tempsreel.nouvelobs.com\/immobilier\/location\/20130710.OBS8856\/paris-une-nouvelle-taxe-sur-les-residences-secondaires.html\" target=\"_blank\">taxe sur les r\u00e9sidences secondaires<\/a>.<\/p>\n<p>Le projet de loi de C\u00e9cile Duflot fait la <a href=\"http:\/\/www.bfmtv.com\/economie\/loi-duflot-grogne-professionnels-limmobilier-fait-effet-555246.html\" target=\"_blank\">grogne chez les professionnels de l\u2019immobilier<\/a>; et Mme Duflot explique son <a href=\"http:\/\/www.latribune.fr\/opinions\/tribunes\/20130708trib000774542\/cecile-duflot-livre-a-lui-meme-le-marche-immobilier-a-autorise-tous-les-exces.html\" target=\"_blank\">projet et ses raisonnements \u00e0 La Tribune<\/a>.<\/p>\n<p>&nbsp;<\/p>\n","protected":false},"excerpt":{"rendered":"<p>Les Saveurs de la semaine affichent des liens int\u00e9ressants vers des nouvelles sur l\u2019immobilier, bribes d\u2019information ou sujets qui vous int\u00e9ressent; vous pouvez les savourer en d\u00e9gustant votre caf\u00e9 pr\u00e9f\u00e9r\u00e9. Vous pouvez m\u00eame vous en servir pour entreprendre une bonne conversation avec le prochain client que vous rencontrerez. Bonne lecture! Voici mes choix de la &hellip; <a href=\"https:\/\/archive.cafe.crea.ca\/fr\/saveurs-de-la-semaine-le-12-juillet-2013\/\" class=\"more-link\">Continue reading <span class=\"screen-reader-text\">Saveurs de la semaine : le 12 juillet 2013<\/span><\/a><\/p>\n","protected":false},"author":23,"featured_media":27464,"comment_status":"open","ping_status":"open","sticky":false,"template":"","format":"standard","meta":{"footnotes":""},"categories":[2372],"tags":[],"coauthors":[],"class_list":["post-31083","post","type-post","status-publish","format-standard","has-post-thumbnail","hentry","category-divers"],"aioseo_notices":[],"_links":{"self":[{"href":"https:\/\/archive.cafe.crea.ca\/fr\/wp-json\/wp\/v2\/posts\/31083"}],"collection":[{"href":"https:\/\/archive.cafe.crea.ca\/fr\/wp-json\/wp\/v2\/posts"}],"about":[{"href":"https:\/\/archive.cafe.crea.ca\/fr\/wp-json\/wp\/v2\/types\/post"}],"author":[{"embeddable":true,"href":"https:\/\/archive.cafe.crea.ca\/fr\/wp-json\/wp\/v2\/users\/23"}],"replies":[{"embeddable":true,"href":"https:\/\/archive.cafe.crea.ca\/fr\/wp-json\/wp\/v2\/comments?post=31083"}],"version-history":[{"count":0,"href":"https:\/\/archive.cafe.crea.ca\/fr\/wp-json\/wp\/v2\/posts\/31083\/revisions"}],"wp:featuredmedia":[{"embeddable":true,"href":"https:\/\/archive.cafe.crea.ca\/fr\/wp-json\/wp\/v2\/media\/27464"}],"wp:attachment":[{"href":"https:\/\/archive.cafe.crea.ca\/fr\/wp-json\/wp\/v2\/media?parent=31083"}],"wp:term":[{"taxonomy":"category","embeddable":true,"href":"https:\/\/archive.cafe.crea.ca\/fr\/wp-json\/wp\/v2\/categories?post=31083"},{"taxonomy":"post_tag","embeddable":true,"href":"https:\/\/archive.cafe.crea.ca\/fr\/wp-json\/wp\/v2\/tags?post=31083"},{"taxonomy":"author","embeddable":true,"href":"https:\/\/archive.cafe.crea.ca\/fr\/wp-json\/wp\/v2\/coauthors?post=31083"}],"curies":[{"name":"wp","href":"https:\/\/api.w.org\/{rel}","templated":true}]}}