{"id":31082,"date":"2013-07-15T17:00:54","date_gmt":"2013-07-15T21:00:54","guid":{"rendered":"https:\/\/archive.cafe.crea.ca\/la-politique-on-peut-la-fuir-mais-on-ne-peut-y-echapper\/"},"modified":"2013-07-15T17:00:54","modified_gmt":"2013-07-15T21:00:54","slug":"la-politique-on-peut-la-fuir-mais-on-ne-peut-y-echapper","status":"publish","type":"post","link":"https:\/\/archive.cafe.crea.ca\/fr\/la-politique-on-peut-la-fuir-mais-on-ne-peut-y-echapper\/","title":{"rendered":"La politique : On peut la fuir, mais on ne peut y \u00e9chapper"},"content":{"rendered":"<p>C\u2019est l\u2019\u00e9t\u00e9, il est temps de prendre cong\u00e9 de l\u2019\u00e9cole, du travail, mais surtout de la politique. Oui, sauf si vous travaillez au service des affaires f\u00e9d\u00e9rales \u00e0 l\u2019ACI.<\/p>\n<p>Le premier ministre a proc\u00e9d\u00e9 au remaniement de son cabinet aujourd\u2019hui. D\u2019apr\u00e8s ce que nous rapportaient les m\u00e9dias \u00e0 Ottawa depuis deux mois, il s\u2019agirait d\u2019un \u00ab petit remaniement \u00bb ou d\u2019un remaniement qui \u00ab inclura des changements importants \u00bb. Et tout devait se passer il y a deux semaines ou \u00ab en fin d\u2019ao\u00fbt \u00bb. Cela \u00e9tant dit, il serait sage de prendre avec un grain de sel l\u2019analyse instantan\u00e9e qu\u2019on en fera au cours des prochains jours. Entre-temps, voici quelques points \u00e0 garder \u00e0 l\u2019esprit.<\/p>\n<p>Le premier ministre met son \u00e9quipe minist\u00e9rielle en place en vue de l\u2019\u00e9lection de 2015. Le ministre des Finances Flaherty conserve son poste. Bien que le Cabinet compte des d\u00e9put\u00e9s plus jeunes, tels que Chris Alexander, Pierre Poilievre et Michelle Rempel, d\u2019autres, dont Julian Fantino et Joe Oliver, sont septuag\u00e9naires.<\/p>\n<p>Pour l\u2019ACI et ses membres, c\u2019est une p\u00e9riode difficile puisque nous avons plusieurs dossiers en marche aupr\u00e8s du gouvernement, dont ceux de la loi anti-pourriel, les r\u00e8glements de CANAFE, nos propositions budg\u00e9taires, et plusieurs autres encore.<\/p>\n<p>Notre force repose sur les nombreuses ann\u00e9es consacr\u00e9es aux activit\u00e9s du CAP sur la sc\u00e8ne f\u00e9d\u00e9rale et sur les d\u00e9marches qu\u2019entreprennent les membres de l\u2019ACI au cours des Journ\u00e9es du CAP et dans leurs collectivit\u00e9s, lorsqu\u2019ils rencontrent les d\u00e9put\u00e9s de tous les partis dans le but de discuter de politiques visant \u00e0 renforcer nos collectivit\u00e9s et le pays. Ce travail sera plus indispensable que jamais cet automne et l\u2019an prochain durant les Journ\u00e9es du CAP.<\/p>\n<p>Entre-temps, continuez \u00e0 jouir de l\u2019\u00e9t\u00e9. Nous vous tiendrons au courant des derni\u00e8res nouvelles. Notre \u00e9quipe des affaires f\u00e9d\u00e9rales (voir la photo ci-dessus) accueillera le nouveau Cabinet et remerciera en votre nom les ministres et d\u00e9put\u00e9s qui prennent leur retraite ou quittent le Cabinet et elle ouvrira la voie en vue de favoriser de solides relations pour l\u2019avenir.<\/p>\n<p><em>Sur la photo (de gauche \u00e0 droite) : Nicole Christy, notre coordonnatrice des relations externes et des communications, Anna Laurence, notre agente des relations gouvernementales, et David Salvatore, notre directeur des Relations externes.<\/em><\/p>\n","protected":false},"excerpt":{"rendered":"<p>C\u2019est l\u2019\u00e9t\u00e9, il est temps de prendre cong\u00e9 de l\u2019\u00e9cole, du travail, mais surtout de la politique. Oui, sauf si vous travaillez au service des affaires f\u00e9d\u00e9rales \u00e0 l\u2019ACI. Le premier ministre a proc\u00e9d\u00e9 au remaniement de son cabinet aujourd\u2019hui. D\u2019apr\u00e8s ce que nous rapportaient les m\u00e9dias \u00e0 Ottawa depuis deux mois, il s\u2019agirait d\u2019un &hellip; <a href=\"https:\/\/archive.cafe.crea.ca\/fr\/la-politique-on-peut-la-fuir-mais-on-ne-peut-y-echapper\/\" class=\"more-link\">Continue reading <span class=\"screen-reader-text\">La politique : On peut la fuir, mais on ne peut y \u00e9chapper<\/span><\/a><\/p>\n","protected":false},"author":12,"featured_media":27543,"comment_status":"open","ping_status":"open","sticky":false,"template":"","format":"standard","meta":{"footnotes":""},"categories":[2369],"tags":[],"coauthors":[],"class_list":["post-31082","post","type-post","status-publish","format-standard","has-post-thumbnail","hentry","category-defense-des-interets"],"aioseo_notices":[],"_links":{"self":[{"href":"https:\/\/archive.cafe.crea.ca\/fr\/wp-json\/wp\/v2\/posts\/31082"}],"collection":[{"href":"https:\/\/archive.cafe.crea.ca\/fr\/wp-json\/wp\/v2\/posts"}],"about":[{"href":"https:\/\/archive.cafe.crea.ca\/fr\/wp-json\/wp\/v2\/types\/post"}],"author":[{"embeddable":true,"href":"https:\/\/archive.cafe.crea.ca\/fr\/wp-json\/wp\/v2\/users\/12"}],"replies":[{"embeddable":true,"href":"https:\/\/archive.cafe.crea.ca\/fr\/wp-json\/wp\/v2\/comments?post=31082"}],"version-history":[{"count":0,"href":"https:\/\/archive.cafe.crea.ca\/fr\/wp-json\/wp\/v2\/posts\/31082\/revisions"}],"wp:featuredmedia":[{"embeddable":true,"href":"https:\/\/archive.cafe.crea.ca\/fr\/wp-json\/wp\/v2\/media\/27543"}],"wp:attachment":[{"href":"https:\/\/archive.cafe.crea.ca\/fr\/wp-json\/wp\/v2\/media?parent=31082"}],"wp:term":[{"taxonomy":"category","embeddable":true,"href":"https:\/\/archive.cafe.crea.ca\/fr\/wp-json\/wp\/v2\/categories?post=31082"},{"taxonomy":"post_tag","embeddable":true,"href":"https:\/\/archive.cafe.crea.ca\/fr\/wp-json\/wp\/v2\/tags?post=31082"},{"taxonomy":"author","embeddable":true,"href":"https:\/\/archive.cafe.crea.ca\/fr\/wp-json\/wp\/v2\/coauthors?post=31082"}],"curies":[{"name":"wp","href":"https:\/\/api.w.org\/{rel}","templated":true}]}}