{"id":31081,"date":"2013-07-19T16:19:33","date_gmt":"2013-07-19T20:19:33","guid":{"rendered":"https:\/\/archive.cafe.crea.ca\/saveurs-de-la-semaine-le-19-juillet-2013\/"},"modified":"2013-07-19T16:19:33","modified_gmt":"2013-07-19T20:19:33","slug":"saveurs-de-la-semaine-le-19-juillet-2013","status":"publish","type":"post","link":"https:\/\/archive.cafe.crea.ca\/fr\/saveurs-de-la-semaine-le-19-juillet-2013\/","title":{"rendered":"Saveurs de la semaine : le 19 juillet 2013"},"content":{"rendered":"<p><em>Les Saveurs de la semaine affichent des liens int\u00e9ressants vers des nouvelles sur l\u2019immobilier, bribes d\u2019information ou sujets qui vous int\u00e9ressent; vous pouvez les savourer en d\u00e9gustant votre caf\u00e9 pr\u00e9f\u00e9r\u00e9. Vous pouvez m\u00eame vous en servir pour entreprendre une bonne conversation avec le prochain client que vous rencontrerez. Bonne lecture!<\/em><\/p>\n<p><em>Voici mes choix de la semaine\u00a0:<\/em><\/p>\n<p>Lac-M\u00e9gantic continue \u00e0 faire les manchettes cette semaine\u2026 dans les m\u00e9dias et dans nos pens\u00e9es. <em>Le Devoir<\/em> a publi\u00e9 un article par l\u2019auteure Ginette Bureau que j\u2019ai beaucoup appr\u00e9ci\u00e9 sur <a href=\"http:\/\/www.ledevoir.com\/societe\/actualites-en-societe\/382838\/souvenirs-de-lac-megantic\" target=\"_blank\">ses souvenirs de la ville<\/a> avant les \u00e9v\u00e9nements du 6 juillet.<\/p>\n<p>La trag\u00e9die risque d&rsquo;avoir des r\u00e9percussions dans d\u2019autres municipalit\u00e9s o\u00f9 passent des chemins de fer. Des <a href=\"http:\/\/www.lapresse.ca\/actualites\/dossiers\/tragedie-a-lac-megantic\/201307\/10\/01-4669487-vivre-pres-dune-voie-ferree-impuissance-et-inquietude.php?utm_categorieinterne=trafficdrivers&amp;utm_contenuinterne=cyberpresse_hotTopics_sujets-a-la-une_1664122_accueil_POS2\" target=\"_blank\">citoyens vivant pr\u00e8s d&rsquo;une voie ferr\u00e9e<\/a> sont pr\u00e9occup\u00e9s par la trag\u00e9die du Lac-M\u00e9gantic, et \u00e0 Sherbrooke, <em>La Tribune<\/em> d\u00e9clare que <a href=\"http:\/\/www.lapresse.ca\/la-tribune\/economie-et-innovation\/201307\/10\/01-4669616-la-valeur-des-maisons-pres-des-voies-ferrees-pourrait-baisser.php?utm_categorieinterne=trafficdrivers&amp;utm_contenuinterne=cyberpresse_lire_aussi_4669487_article_POS4\" target=\"_blank\">la valeur des maisons pr\u00e8s des voies ferr\u00e9es pourrait baisser<\/a>.<\/p>\n<p>\u00c0 Montr\u00e9al, selon une \u00e9tude publi\u00e9e dans <em>The Economist<\/em>, la ville arrive au premier rang mondial comme <a href=\"http:\/\/affaires.lapresse.ca\/economie\/quebec\/201307\/17\/01-4671462-montreal-premier-de-classe-pour-les-etudiants-etrangers.php\" target=\"_blank\">destination pour un \u00e9tudiant \u00e9tranger<\/a> qui souhaite faire des \u00e9tudes universitaires.<\/p>\n<p>Vous vivez en ville, alors il vous manque une grande cour arri\u00e8re? Il existe \u00e0 Qu\u00e9bec (et ailleurs au Qu\u00e9bec) des ressources pour <a href=\"http:\/\/www.lapresse.ca\/le-soleil\/maison\/habitation\/201307\/04\/01-4667802-remede-aux-jardiniers-refoules-des-villes.php?utm_categorieinterne=trafficdrivers&amp;utm_contenuinterne=cyberpresse_BO23_maison_3732_accueil_POS3\" target=\"_blank\">encourager les r\u00e9sidents du centre-ville \u00e0 se lancer dans le jardinage<\/a>.<\/p>\n<p>Cet \u00e9t\u00e9, la meilleure fa\u00e7on de dissuader les cambrioleurs, c&rsquo;est de donner l&rsquo;impression qu&rsquo;on reste \u00e0 la maison. Voici un petit <a href=\"http:\/\/maison.lapresse.ca\/habitation\/du_proprio\/201307\/16\/01-4671171-comment-sabsenter-en-toute-securite.php?utm_categorieinterne=trafficdrivers&amp;utm_contenuinterne=cyberpresse_BO23_maison_3732_accueil_POS1\" target=\"_blank\">ABC de l&rsquo;absence s\u00e9curitaire<\/a>.<\/p>\n<p>Et m\u00eame quand nous n\u2019\u00eates pas en vacances, pourquoi ne pas <a href=\"http:\/\/affaires.lapresse.ca\/cv\/vie-au-travail\/201307\/10\/01-4669456-cet-ete-pourquoi-ne-pas-se-permettre-de-travailler-du-chalet.php?utm_categorieinterne=trafficdrivers&amp;utm_contenuinterne=cyberpresse_B2_cv_1476666_accueil_POS1\" target=\"_blank\">travailler du chalet cet \u00e9t\u00e9<\/a>?<\/p>\n","protected":false},"excerpt":{"rendered":"<p>Les Saveurs de la semaine affichent des liens int\u00e9ressants vers des nouvelles sur l\u2019immobilier, bribes d\u2019information ou sujets qui vous int\u00e9ressent; vous pouvez les savourer en d\u00e9gustant votre caf\u00e9 pr\u00e9f\u00e9r\u00e9. Vous pouvez m\u00eame vous en servir pour entreprendre une bonne conversation avec le prochain client que vous rencontrerez. Bonne lecture! Voici mes choix de la &hellip; <a href=\"https:\/\/archive.cafe.crea.ca\/fr\/saveurs-de-la-semaine-le-19-juillet-2013\/\" class=\"more-link\">Continue reading <span class=\"screen-reader-text\">Saveurs de la semaine : le 19 juillet 2013<\/span><\/a><\/p>\n","protected":false},"author":23,"featured_media":27464,"comment_status":"open","ping_status":"open","sticky":false,"template":"","format":"standard","meta":{"footnotes":""},"categories":[2372],"tags":[],"coauthors":[],"class_list":["post-31081","post","type-post","status-publish","format-standard","has-post-thumbnail","hentry","category-divers"],"aioseo_notices":[],"_links":{"self":[{"href":"https:\/\/archive.cafe.crea.ca\/fr\/wp-json\/wp\/v2\/posts\/31081"}],"collection":[{"href":"https:\/\/archive.cafe.crea.ca\/fr\/wp-json\/wp\/v2\/posts"}],"about":[{"href":"https:\/\/archive.cafe.crea.ca\/fr\/wp-json\/wp\/v2\/types\/post"}],"author":[{"embeddable":true,"href":"https:\/\/archive.cafe.crea.ca\/fr\/wp-json\/wp\/v2\/users\/23"}],"replies":[{"embeddable":true,"href":"https:\/\/archive.cafe.crea.ca\/fr\/wp-json\/wp\/v2\/comments?post=31081"}],"version-history":[{"count":0,"href":"https:\/\/archive.cafe.crea.ca\/fr\/wp-json\/wp\/v2\/posts\/31081\/revisions"}],"wp:featuredmedia":[{"embeddable":true,"href":"https:\/\/archive.cafe.crea.ca\/fr\/wp-json\/wp\/v2\/media\/27464"}],"wp:attachment":[{"href":"https:\/\/archive.cafe.crea.ca\/fr\/wp-json\/wp\/v2\/media?parent=31081"}],"wp:term":[{"taxonomy":"category","embeddable":true,"href":"https:\/\/archive.cafe.crea.ca\/fr\/wp-json\/wp\/v2\/categories?post=31081"},{"taxonomy":"post_tag","embeddable":true,"href":"https:\/\/archive.cafe.crea.ca\/fr\/wp-json\/wp\/v2\/tags?post=31081"},{"taxonomy":"author","embeddable":true,"href":"https:\/\/archive.cafe.crea.ca\/fr\/wp-json\/wp\/v2\/coauthors?post=31081"}],"curies":[{"name":"wp","href":"https:\/\/api.w.org\/{rel}","templated":true}]}}