{"id":31078,"date":"2013-07-29T12:29:14","date_gmt":"2013-07-29T16:29:14","guid":{"rendered":"https:\/\/archive.cafe.crea.ca\/move-inc-est-autorise-a-modifier-realtor-com-un-moment-historique\/"},"modified":"2013-07-29T12:29:14","modified_gmt":"2013-07-29T16:29:14","slug":"move-inc-est-autorise-a-modifier-realtor-com-un-moment-historique","status":"publish","type":"post","link":"https:\/\/archive.cafe.crea.ca\/fr\/move-inc-est-autorise-a-modifier-realtor-com-un-moment-historique\/","title":{"rendered":"Move Inc. est autoris\u00e9 \u00e0 modifier REALTOR.com : un moment historique"},"content":{"rendered":"<p>La semaine derni\u00e8re, la\u00a0<a href=\"http:\/\/www.realtor.org\/\" target=\"_blank\">National Association of REALTORS\u00ae<\/a> (la NAR est notre homologue aux \u00c9.-U.) a approuv\u00e9 des modifications qualifi\u00e9es d\u2019\u00ab\u00a0historiques\u00a0\u00bb \u00e0 l\u2019accord de mise en \u0153uvre de\u00a0<a href=\"http:\/\/www.realtor.com\" target=\"_blank\">REALTOR.com<\/a>.<\/p>\n<blockquote>\n<p style=\"text-align: left;\" align=\"center\"><em><em>\u00ab\u00a0Cette date passera \u00e0 l\u2019histoire comme la journ\u00e9e o\u00f9 les courtiers et agents immobiliers ont lib\u00e9r\u00e9 <a href=\"http:\/\/www.realtor.com\" target=\"_blank\">REALTOR.com<\/a>\u00a0\u00bb &#8211; Danny Frank, un directeur de la NAR et le pr\u00e9sident de la\u00a0<\/em>Houston Association of REALTORS\u00ae<\/em><em>.<\/em><\/p>\n<\/blockquote>\n<p>\u00c0 l\u2019ACI, nous suivons de pr\u00e8s ce qui se passe chez nos voisins du Sud \u2013 dans le but de tirer des le\u00e7ons de leurs bonnes et de leurs mauvaises exp\u00e9riences. Nous \u00e9tions au courant du fait que <a href=\"http:\/\/www.realtor.com\" target=\"_blank\">REALTOR.com<\/a> (le site Web d\u2019inscriptions immobili\u00e8res de la NAR, exploit\u00e9 par Move Inc.), avait essuy\u00e9 une perte consid\u00e9rable d\u2019achalandage cette ann\u00e9e. Aux dires de Move Inc., un facteur qui y a contribu\u00e9 est le processus d\u00e9cisionnel et de gouvernance \u00e9tabli entre Move Inc. et la NAR.<\/p>\n<p><a href=\"http:\/\/www.inman.com\/2013\/07\/24\/nar-approves-historic-changes-to-realtor-com-operating-agreement\/\">Comme l\u2019ont largement diffus\u00e9 les m\u00e9dias (NAR has amended the REALTOR.com operating agreement<\/a>), cette initiative aidera <a href=\"http:\/\/www.realtor.com\" target=\"_blank\">REALTOR.com<\/a> \u00e0 am\u00e9liorer l\u2019exp\u00e9rience des consommateurs au fil du temps \u2013 notamment en donnant \u00e0 Move Inc. une plus grande souplesse pour publier des inscriptions provenant d\u2019autres sources, y compris des maisons neuves et des immeubles locatifs.<\/p>\n<p>Entre-temps, au pays, le <a href=\"http:\/\/crea.ca\/fr\/content\/board-directors-fr\" target=\"_blank\">Conseil d\u2018administration de l\u2019ACI<\/a> a amorc\u00e9 des changements visant \u00e0 rationaliser la gouvernance \u00e0 l\u2019\u00e9gard des d\u00e9cisions en mati\u00e8re de technologie, dont <a href=\"http:\/\/www.realtor.ca\" target=\"_blank\">REALTOR.ca<\/a>. Ces changements seront soumis \u00e0 l\u2019examen et \u00e0 l\u2019approbation des membres lors de l\u2019Assembl\u00e9e g\u00e9n\u00e9rale sp\u00e9ciale de l\u2019ACI, qui aura lieu Vancouver cet automne.<\/p>\n<p>Nous croyons que ces changements aideront le Conseil du MLS\u00ae et de la technologie (CMT) et le personnel de l\u2019ACI \u00e0 apporter des am\u00e9liorations en temps opportun \u00e0 <a href=\"http:\/\/www.realtor.ca\" target=\"_blank\">REALTOR.ca<\/a>. Si l\u2019on consid\u00e8re que <a href=\"http:\/\/www.realtor.ca\" target=\"_blank\">REALTOR.ca<\/a> accueille jusqu\u2019\u00e0 20 millions de visiteurs par mois, il importe que le site fasse vivre au consommateur une exp\u00e9rience formidable, puisque cela renforcera quotidiennement l\u2019importance de travailler avec un courtier ou un agent immobilier.<\/p>\n","protected":false},"excerpt":{"rendered":"<p>La semaine derni\u00e8re, la\u00a0National Association of REALTORS\u00ae (la NAR est notre homologue aux \u00c9.-U.) a approuv\u00e9 des modifications qualifi\u00e9es d\u2019\u00ab\u00a0historiques\u00a0\u00bb \u00e0 l\u2019accord de mise en \u0153uvre de\u00a0REALTOR.com. \u00ab\u00a0Cette date passera \u00e0 l\u2019histoire comme la journ\u00e9e o\u00f9 les courtiers et agents immobiliers ont lib\u00e9r\u00e9 REALTOR.com\u00a0\u00bb &#8211; Danny Frank, un directeur de la NAR et le pr\u00e9sident &hellip; <a href=\"https:\/\/archive.cafe.crea.ca\/fr\/move-inc-est-autorise-a-modifier-realtor-com-un-moment-historique\/\" class=\"more-link\">Continue reading <span class=\"screen-reader-text\">Move Inc. est autoris\u00e9 \u00e0 modifier REALTOR.com : un moment historique<\/span><\/a><\/p>\n","protected":false},"author":10,"featured_media":27587,"comment_status":"open","ping_status":"open","sticky":false,"template":"","format":"standard","meta":{"footnotes":""},"categories":[2371],"tags":[],"coauthors":[],"class_list":["post-31078","post","type-post","status-publish","format-standard","has-post-thumbnail","hentry","category-technologie"],"aioseo_notices":[],"_links":{"self":[{"href":"https:\/\/archive.cafe.crea.ca\/fr\/wp-json\/wp\/v2\/posts\/31078"}],"collection":[{"href":"https:\/\/archive.cafe.crea.ca\/fr\/wp-json\/wp\/v2\/posts"}],"about":[{"href":"https:\/\/archive.cafe.crea.ca\/fr\/wp-json\/wp\/v2\/types\/post"}],"author":[{"embeddable":true,"href":"https:\/\/archive.cafe.crea.ca\/fr\/wp-json\/wp\/v2\/users\/10"}],"replies":[{"embeddable":true,"href":"https:\/\/archive.cafe.crea.ca\/fr\/wp-json\/wp\/v2\/comments?post=31078"}],"version-history":[{"count":0,"href":"https:\/\/archive.cafe.crea.ca\/fr\/wp-json\/wp\/v2\/posts\/31078\/revisions"}],"wp:featuredmedia":[{"embeddable":true,"href":"https:\/\/archive.cafe.crea.ca\/fr\/wp-json\/wp\/v2\/media\/27587"}],"wp:attachment":[{"href":"https:\/\/archive.cafe.crea.ca\/fr\/wp-json\/wp\/v2\/media?parent=31078"}],"wp:term":[{"taxonomy":"category","embeddable":true,"href":"https:\/\/archive.cafe.crea.ca\/fr\/wp-json\/wp\/v2\/categories?post=31078"},{"taxonomy":"post_tag","embeddable":true,"href":"https:\/\/archive.cafe.crea.ca\/fr\/wp-json\/wp\/v2\/tags?post=31078"},{"taxonomy":"author","embeddable":true,"href":"https:\/\/archive.cafe.crea.ca\/fr\/wp-json\/wp\/v2\/coauthors?post=31078"}],"curies":[{"name":"wp","href":"https:\/\/api.w.org\/{rel}","templated":true}]}}