{"id":31066,"date":"2013-09-03T12:29:05","date_gmt":"2013-09-03T16:29:05","guid":{"rendered":"https:\/\/archive.cafe.crea.ca\/la-prorogation-a-lechelle-canadienne\/"},"modified":"2021-07-07T16:00:18","modified_gmt":"2021-07-07T20:00:18","slug":"la-prorogation-a-lechelle-canadienne","status":"publish","type":"post","link":"https:\/\/archive.cafe.crea.ca\/fr\/la-prorogation-a-lechelle-canadienne\/","title":{"rendered":"La prorogation \u00e0 l\u2019\u00e9chelle canadienne"},"content":{"rendered":"<p>Le 19 ao\u00fbt, pendant qu&rsquo;il s&rsquo;adressait aux m\u00e9dias \u00e0 Whitehorse, le premier ministre Stephen Harper a annonc\u00e9 qu&rsquo;il avait l&rsquo;intention de demander au gouverneur g\u00e9n\u00e9ral de proroger le Parlement. Si vous vous int\u00e9ressez \u00e0 ce genre de nouvelles, cette annonce \u00e9tait aussi surprenante que celle de Justin Trudeau qui assistait \u00e0 un autre barbecue. Si ce n\u2019est pas le cas, soyez assur\u00e9s que la prorogation n&rsquo;a rien \u00e0 voir \u00e0 l\u2019id\u00e9e de rendre le parlement un lieu d&rsquo;attraction pour les vagabonds. Vous vous demandez peut-\u00eatre ce que tout cela repr\u00e9sente pour le Parlement et les courtiers et agents immobiliers canadiens?<\/p>\n<p>Tout d&rsquo;abord, cela entra\u00eene une remise \u00e0 z\u00e9ro du programme l\u00e9gislatif. Concr\u00e8tement, cela signifie que les affaires du gouvernement meurent au Feuilleton (l\u2019ordre du jour du Parlement). Toutes les affaires non termin\u00e9es \u00e0 la Chambre des communes et au S\u00e9nat, et tout projet de loi qui n&rsquo;a pas re\u00e7u la sanction royale, disparaissent. Les seules questions qui ne s&rsquo;\u00e9vaporent pas sont les affaires \u00e9manant des d\u00e9put\u00e9s. Les projets de loi \u00e9manant du gouvernement peuvent \u00eatre r\u00e9tablis si la Chambre y consent. Toutefois, le discours du Tr\u00f4ne r\u00e9dig\u00e9 par le gouvernement, qui met fin \u00e0 la prorogation et marque le d\u00e9but de la nouvelle session, \u00e9nonce habituellement le nouveau programme l\u00e9gislatif.<\/p>\n<p>Pour le gouvernement au pouvoir, le prochain discours du Tr\u00f4ne, qui aura lieu en octobre, sera d&rsquo;importance critique puisqu&rsquo;il donnera le ton des deux prochaines ann\u00e9es. C&rsquo;est une occasion de remettre les pendules \u00e0 l&rsquo;heure et d&rsquo;\u00e9laborer des objectifs strat\u00e9giques en mati\u00e8re de politique qui m\u00e8neront aux prochaines \u00e9lections, pr\u00e9vues en 2015. Le d\u00e9lai impos\u00e9 par la prorogation avant la r\u00e9ouverture du Parlement donnera \u00e9galement plus de temps aux nouveaux ministres nomm\u00e9s en juillet de se familiariser avec leurs portefeuilles et de d\u00e9terminer leurs priorit\u00e9s l\u00e9gislatives.<\/p>\n<p>Au beau milieu de ce qui semble relever du grand spectacle et de la proc\u00e9dure, il y a quelques points importants \u00e0 retenir.<\/p>\n<p>Premi\u00e8rement, la r\u00e9daction et la publication des r\u00e8glements et lignes directrices, qui \u00e9toffent la l\u00e9gislation d\u00e9j\u00e0 adopt\u00e9e, se poursuivent. Par exemple, l&rsquo;ACI a r\u00e9ussi \u00e0 garantir l&rsquo;adoption de sept modifications \u00e0 la <em>Loi canadienne anti-pourriel<\/em>, qui sert \u00e0 pr\u00e9server certaines voies importantes de communication entre les courtiers et agents et leurs clients. Aucune de ces modifications n&rsquo;a \u00e9t\u00e9 touch\u00e9e par la prorogation. Toutefois, l&rsquo;ACI continue \u00e0 pr\u00f4ner des r\u00e8glements qui soutiennent d&rsquo;autres pratiques commerciales critiques.<\/p>\n<p>Deuxi\u00e8mement, en remettant le tout \u00e0 z\u00e9ro par le moyen de la prorogation, on rend possible l&rsquo;\u00e9mergence de nouvelles questions \u00e0 aborder. Cela \u00e9tant dit, il est tr\u00e8s utile que l&rsquo;\u00e9quipe des affaires f\u00e9d\u00e9rales de l&rsquo;ACI se pr\u00e9occupe constamment des activit\u00e9s politiques du quotidien et de ce qui se passe dans le milieu. Nous \u00e9couterons attentivement le discours du Tr\u00f4ne et suivrons de pr\u00e8s toute question politique \u00e9mergente qui pourrait toucher les courtiers et agents et leurs clients dans leurs vies personnelles et professionnelles. Pourquoi? En tant que courtiers et agents, vous savez tr\u00e8s bien que, pour r\u00e9ussir, il faut avant tout ma\u00eetriser les dossiers d\u00e8s le d\u00e9but.<\/p>\n","protected":false},"excerpt":{"rendered":"<p>Le 19 ao\u00fbt, pendant qu&rsquo;il s&rsquo;adressait aux m\u00e9dias \u00e0 Whitehorse, le premier ministre Stephen Harper a annonc\u00e9 qu&rsquo;il avait l&rsquo;intention de demander au gouverneur g\u00e9n\u00e9ral de proroger le Parlement. Si vous vous int\u00e9ressez \u00e0 ce genre de nouvelles, cette annonce \u00e9tait aussi surprenante que celle de Justin Trudeau qui assistait \u00e0 un autre barbecue. Si &hellip; <a href=\"https:\/\/archive.cafe.crea.ca\/fr\/la-prorogation-a-lechelle-canadienne\/\" class=\"more-link\">Continue reading <span class=\"screen-reader-text\">La prorogation \u00e0 l\u2019\u00e9chelle canadienne<\/span><\/a><\/p>\n","protected":false},"author":15,"featured_media":27543,"comment_status":"open","ping_status":"open","sticky":false,"template":"","format":"standard","meta":{"footnotes":""},"categories":[2369],"tags":[],"coauthors":[2235],"class_list":["post-31066","post","type-post","status-publish","format-standard","has-post-thumbnail","hentry","category-defense-des-interets"],"aioseo_notices":[],"_links":{"self":[{"href":"https:\/\/archive.cafe.crea.ca\/fr\/wp-json\/wp\/v2\/posts\/31066"}],"collection":[{"href":"https:\/\/archive.cafe.crea.ca\/fr\/wp-json\/wp\/v2\/posts"}],"about":[{"href":"https:\/\/archive.cafe.crea.ca\/fr\/wp-json\/wp\/v2\/types\/post"}],"author":[{"embeddable":true,"href":"https:\/\/archive.cafe.crea.ca\/fr\/wp-json\/wp\/v2\/users\/15"}],"replies":[{"embeddable":true,"href":"https:\/\/archive.cafe.crea.ca\/fr\/wp-json\/wp\/v2\/comments?post=31066"}],"version-history":[{"count":1,"href":"https:\/\/archive.cafe.crea.ca\/fr\/wp-json\/wp\/v2\/posts\/31066\/revisions"}],"predecessor-version":[{"id":38396,"href":"https:\/\/archive.cafe.crea.ca\/fr\/wp-json\/wp\/v2\/posts\/31066\/revisions\/38396"}],"wp:featuredmedia":[{"embeddable":true,"href":"https:\/\/archive.cafe.crea.ca\/fr\/wp-json\/wp\/v2\/media\/27543"}],"wp:attachment":[{"href":"https:\/\/archive.cafe.crea.ca\/fr\/wp-json\/wp\/v2\/media?parent=31066"}],"wp:term":[{"taxonomy":"category","embeddable":true,"href":"https:\/\/archive.cafe.crea.ca\/fr\/wp-json\/wp\/v2\/categories?post=31066"},{"taxonomy":"post_tag","embeddable":true,"href":"https:\/\/archive.cafe.crea.ca\/fr\/wp-json\/wp\/v2\/tags?post=31066"},{"taxonomy":"author","embeddable":true,"href":"https:\/\/archive.cafe.crea.ca\/fr\/wp-json\/wp\/v2\/coauthors?post=31066"}],"curies":[{"name":"wp","href":"https:\/\/api.w.org\/{rel}","templated":true}]}}