{"id":31063,"date":"2013-09-13T17:32:18","date_gmt":"2013-09-13T21:32:18","guid":{"rendered":"https:\/\/archive.cafe.crea.ca\/saveurs-de-la-semaine-le-13-septembre-2013\/"},"modified":"2013-09-13T17:32:18","modified_gmt":"2013-09-13T21:32:18","slug":"saveurs-de-la-semaine-le-13-septembre-2013","status":"publish","type":"post","link":"https:\/\/archive.cafe.crea.ca\/fr\/saveurs-de-la-semaine-le-13-septembre-2013\/","title":{"rendered":"Saveurs de la semaine : le 13 septembre 2013"},"content":{"rendered":"<p><em>Les Saveurs de la semaine affichent des liens int\u00e9ressants vers des nouvelles sur l\u2019immobilier, bribes d\u2019information ou sujets qui vous int\u00e9ressent; vous pouvez les savourer en d\u00e9gustant votre caf\u00e9 pr\u00e9f\u00e9r\u00e9. Vous pouvez m\u00eame vous en servir pour entreprendre une bonne conversation avec le prochain client que vous rencontrerez. Bonne lecture!<\/em><\/p>\n<p><em>Voici mes choix de la semaine :<\/em><\/p>\n<p>Statistique Canada r\u00e9v\u00e8le que <a href=\"http:\/\/www.lesaffaires.com\/mes-finances\/immobilier\/immobilier-le-quebec-compte-moins-de-proprietaires-que-partout-ailleurs-au-pays\/561333\" target=\"_blank\">le Qu\u00e9bec compte moins de propri\u00e9taires que partout ailleurs au pays<\/a>.<\/p>\n<p>\u00c0 Limoilou, une exp\u00e9rience en <a href=\"http:\/\/blogue.monlimoilou.com\/2013\/urbanisme-tactique-quebec\/\" target=\"_blank\">urbanisme tactique<\/a>.<\/p>\n<p>Aux Hamptons, un financier de Manhattan vient de payer <a href=\"http:\/\/quebec.huffingtonpost.ca\/2013\/09\/07\/new-york-bande-de-terre-120-000-dollars_n_3886782.html\" target=\"_blank\">120,000 $ pour une bande de terre de 30 cm de large<\/a>.<\/p>\n<p>M\u00e9tro Montr\u00e9al discute du <a href=\"http:\/\/tinyurl.com\/logwkgn\" target=\"_blank\">casse-t\u00eate des assurances hypoth\u00e9caires<\/a>, et demande si le <a href=\"http:\/\/tinyurl.com\/kt6rt36\" target=\"_blank\">Quartier Dix30 est un ph\u00e9nom\u00e8ne d\u2019avenir<\/a>.<\/p>\n<p>En France, <a href=\"http:\/\/www.liberation.fr\/societe\/2013\/09\/10\/immobilier-il-est-temps-de-faire-le-menage-dans-notre-profession_930656\" target=\"_blank\">Lib\u00e9ration<\/a> analyse le projet de loi de Duflot qui pr\u00e9voit des mesures pour encadrer les pratiques des professionnels de l\u2019immobilier.<\/p>\n<p>Le Nouvel Observateur pr\u00e9sente <a href=\"http:\/\/tempsreel.nouvelobs.com\/immobilier\/logement\/20130910.OBS6195\/projet-de-loi-logement-25-mesures-qui-vont-changer-votre-quotidien.html\" target=\"_blank\">25 mesures de la loi Duflot qui changeront le quotidien des locataires et propri\u00e9taires<\/a>.<\/p>\n<p>Le Figaro propose des <a href=\"http:\/\/www.lefigaro.fr\/immobilier\/2013\/09\/07\/05002-20130907ARTFIG00282-ces-hotels-qui-jouent-la-carte-de-l-insolite.php\" target=\"_blank\">h\u00f4tels qui jouent la carte de l\u2019insolite<\/a>.<\/p>\n<p>En Grande-Bretagne, un collectionneur met en vente <a href=\"http:\/\/www.levif.be\/info\/actualite\/insolite\/les-urinoirs-du-legendaire-hacienda-de-manchester-mis-en-vente-sur-ebay\/article-4000392392647.htm\" target=\"_blank\">les urinoirs du l\u00e9gendaire Ha\u00e7ienda de Manchester<\/a>.<\/p>\n<p>La Presse souligne\u00a0 <a href=\"http:\/\/tinyurl.com\/o6q6gnj\" target=\"_blank\">52,5 millions en indemnit\u00e9s pour la Crise du verglas<\/a>, et note <a href=\"http:\/\/tinyurl.com\/nsj7ygq\" target=\"_blank\">qu\u2019Hydro-Qu\u00e9bec n\u2019arr\u00eate pas son projet de remplacement des compteurs<\/a>, malgr\u00e9 l\u2019opposition.<\/p>\n<p>En Belgique, un <a href=\"http:\/\/www.lesoir.be\/315334\/article\/economie\/immo\/2013-09-10\/agent-immobilier-nouveau-cadre-legal-est-effectif-depuis-1er-septembre\" target=\"_blank\">nouveau cadre l\u00e9gal encadre les agents immobiliers<\/a> depuis le 1<sup>er<\/sup> septembre.<\/p>\n<p>Aujourd\u2019hui Le Maroc estime que <a href=\"http:\/\/www.aujourdhui.ma\/maroc-actualite\/economie\/2013-annonce-la-fin-du-boom-de-l-immobilier-104759.html\" target=\"_blank\">2013 annonce la fin du boom de l\u2019immobilier<\/a>.<\/p>\n<p>&nbsp;<\/p>\n","protected":false},"excerpt":{"rendered":"<p>Les Saveurs de la semaine affichent des liens int\u00e9ressants vers des nouvelles sur l\u2019immobilier, bribes d\u2019information ou sujets qui vous int\u00e9ressent; vous pouvez les savourer en d\u00e9gustant votre caf\u00e9 pr\u00e9f\u00e9r\u00e9. Vous pouvez m\u00eame vous en servir pour entreprendre une bonne conversation avec le prochain client que vous rencontrerez. Bonne lecture! Voici mes choix de la &hellip; <a href=\"https:\/\/archive.cafe.crea.ca\/fr\/saveurs-de-la-semaine-le-13-septembre-2013\/\" class=\"more-link\">Continue reading <span class=\"screen-reader-text\">Saveurs de la semaine : le 13 septembre 2013<\/span><\/a><\/p>\n","protected":false},"author":23,"featured_media":27464,"comment_status":"open","ping_status":"open","sticky":false,"template":"","format":"standard","meta":{"footnotes":""},"categories":[2372],"tags":[],"coauthors":[],"class_list":["post-31063","post","type-post","status-publish","format-standard","has-post-thumbnail","hentry","category-divers"],"aioseo_notices":[],"_links":{"self":[{"href":"https:\/\/archive.cafe.crea.ca\/fr\/wp-json\/wp\/v2\/posts\/31063"}],"collection":[{"href":"https:\/\/archive.cafe.crea.ca\/fr\/wp-json\/wp\/v2\/posts"}],"about":[{"href":"https:\/\/archive.cafe.crea.ca\/fr\/wp-json\/wp\/v2\/types\/post"}],"author":[{"embeddable":true,"href":"https:\/\/archive.cafe.crea.ca\/fr\/wp-json\/wp\/v2\/users\/23"}],"replies":[{"embeddable":true,"href":"https:\/\/archive.cafe.crea.ca\/fr\/wp-json\/wp\/v2\/comments?post=31063"}],"version-history":[{"count":0,"href":"https:\/\/archive.cafe.crea.ca\/fr\/wp-json\/wp\/v2\/posts\/31063\/revisions"}],"wp:featuredmedia":[{"embeddable":true,"href":"https:\/\/archive.cafe.crea.ca\/fr\/wp-json\/wp\/v2\/media\/27464"}],"wp:attachment":[{"href":"https:\/\/archive.cafe.crea.ca\/fr\/wp-json\/wp\/v2\/media?parent=31063"}],"wp:term":[{"taxonomy":"category","embeddable":true,"href":"https:\/\/archive.cafe.crea.ca\/fr\/wp-json\/wp\/v2\/categories?post=31063"},{"taxonomy":"post_tag","embeddable":true,"href":"https:\/\/archive.cafe.crea.ca\/fr\/wp-json\/wp\/v2\/tags?post=31063"},{"taxonomy":"author","embeddable":true,"href":"https:\/\/archive.cafe.crea.ca\/fr\/wp-json\/wp\/v2\/coauthors?post=31063"}],"curies":[{"name":"wp","href":"https:\/\/api.w.org\/{rel}","templated":true}]}}