{"id":31061,"date":"2013-09-18T12:38:12","date_gmt":"2013-09-18T16:38:12","guid":{"rendered":"https:\/\/archive.cafe.crea.ca\/etablissez-des-liens-avec-laci-et-nos-amis-americains-et-mexicains-a-san-francisco-ville-de-la-baie-cet-automne\/"},"modified":"2021-07-07T16:07:01","modified_gmt":"2021-07-07T20:07:01","slug":"etablissez-des-liens-avec-laci-et-nos-amis-americains-et-mexicains-a-san-francisco-ville-de-la-baie-cet-automne","status":"publish","type":"post","link":"https:\/\/archive.cafe.crea.ca\/fr\/etablissez-des-liens-avec-laci-et-nos-amis-americains-et-mexicains-a-san-francisco-ville-de-la-baie-cet-automne\/","title":{"rendered":"\u00c9tablissez des liens avec l\u2019ACI et nos amis am\u00e9ricains et mexicains \u00e0 San Francisco, \u00ab Ville de la baie \u00bb, cet automne"},"content":{"rendered":"<p>\u00c0 titre de suivi de mon dernier blogue, je suis tr\u00e8s heureuse d&rsquo;annoncer les \u00e9v\u00e9nements pr\u00e9vus au stand de l&rsquo;ACI dans le cadre de <a href=\"http:\/\/www.realtor.org\/convention.nsf\/\" target=\"_blank\" rel=\"noopener noreferrer\">REALTORS\u00ae Conference &amp; Expo<\/a> de la National Association of REALTORS\u00ae (NAR) qui aura lieu \u00e0 San Francisco du 8 au 11 novembre.<\/p>\n<p><strong>R\u00e9servez votre poste de r\u00e9seautage.<\/strong><\/p>\n<p>Cette ann\u00e9e, pour aider autant de membres que possible \u00e0 profiter de la visibilit\u00e9 et des occasions de r\u00e9seautage du stand de l&rsquo;ACI, nous acceptons les r\u00e9servations.<\/p>\n<p>Ne ratez pas l&rsquo;occasion d&rsquo;\u00e9changer avec des visiteurs de l&rsquo;\u00e9tranger, de forger des alliances avec des pairs et de promouvoir votre r\u00e9gion respective. L&rsquo;espace et le temps sont limit\u00e9s!<\/p>\n<figure id=\"attachment_2475\" aria-describedby=\"caption-attachment-2475\" style=\"width: 605px\" class=\"wp-caption aligncenter\"><img loading=\"lazy\" decoding=\"async\" class=\" wp-image-2475\" src=\"http:\/\/www.crea.ca\/wp-content\/uploads\/2013\/09\/San-Diego-Networking-1.jpg\" alt=\"\" width=\"605\" height=\"346\" \/><figcaption id=\"caption-attachment-2475\" class=\"wp-caption-text\">Courtiers et agents qui \u00e9changent au stand de l\u2019ACI au congr\u00e8s 2011 de la NAR \u00e0 San Diego.<\/figcaption><\/figure>\n<p>Pas encore certain? Regardez la vid\u00e9o ci-dessous pour conna\u00eetre les impressions de vos coll\u00e8gues courtiers et agents immobiliers au sujet de ce qu&rsquo;ils ont v\u00e9cu au stand de l&rsquo;ACI.<\/p>\n<p><em>[youtube_sc url=\u00a0\u00bb7heCLx3ORc8&Prime;]<\/em><\/p>\n<p>C&rsquo;est la troisi\u00e8me ann\u00e9e d&rsquo;affil\u00e9e qu&rsquo;un agent de la GRC patrouillera notre stand. Ce magnifique symbole canadien demeure une attraction vedette. Venez lui serrer la main ou vous faire prendre en photo. Amenez votre cam\u00e9ra ou votre t\u00e9l\u00e9phone intelligent, et n&rsquo;oubliez pas de sourire!<\/p>\n<p><strong>Joignez-vous \u00e0 nous pour c\u00e9l\u00e9brer la terre du soleil et de la t\u00e9quila<\/strong><\/p>\n<p>Depuis dix ans, le nombre de Canadiens qui vivent au Mexique est pass\u00e9 de 6 000 \u00e0 75 000, selon l&rsquo;Instituto Nacional de Estad\u00edstica y Geograf\u00eda (INEGI) et l&rsquo;ambassade du Canada au Mexique. On pr\u00e9voit que ce nombre augmentera au fur et \u00e0 mesure que la g\u00e9n\u00e9ration du <em>baby-boom<\/em> atteindra l&rsquo;\u00e2ge de la retraite; bon nombre choisiront probablement de s&rsquo;\u00e9tablir dans les diverses r\u00e9gions du Mexique en raison du climat chaud et du co\u00fbt de la vie abordable.<\/p>\n<p>En vue de c\u00e9l\u00e9brer cette excellente collaboration entre nos deux pays, le stand de l&rsquo;ACI sera l&rsquo;h\u00f4te d&rsquo;un \u00e9v\u00e9nement sp\u00e9cial pour tous les courtiers et agents du Canada et du Mexique le dimanche 10 novembre, de 15 h \u00e0 17 h. Venez rencontrer les agents des diverses r\u00e9gions du Mexique. \u00c9changez et apprenez-en davantage au sujet de leur culture et de la mani\u00e8re de conclure des transactions immobili\u00e8res au Mexique. Ayez l&rsquo;esprit ouvert, apportez de nombreuses cartes professionnelles et pratiquez votre \u00ab Hola! \u00bb.<\/p>\n<p>De plus, les deux pays offriront des d\u00e9lices locaux. On raconte m\u00eame qu&rsquo;il se peut qu&rsquo;on ajoute de la t\u00e9quila au m\u00e9lange (pas de vers pour moi, s&rsquo;il vous pla\u00eet!). Nous esp\u00e9rons que vous serez des n\u00f4tres.<\/p>\n","protected":false},"excerpt":{"rendered":"<p>\u00c0 titre de suivi de mon dernier blogue, je suis tr\u00e8s heureuse d&rsquo;annoncer les \u00e9v\u00e9nements pr\u00e9vus au stand de l&rsquo;ACI dans le cadre de REALTORS\u00ae Conference &amp; Expo de la National Association of REALTORS\u00ae (NAR) qui aura lieu \u00e0 San Francisco du 8 au 11 novembre. R\u00e9servez votre poste de r\u00e9seautage. Cette ann\u00e9e, pour aider &hellip; <a href=\"https:\/\/archive.cafe.crea.ca\/fr\/etablissez-des-liens-avec-laci-et-nos-amis-americains-et-mexicains-a-san-francisco-ville-de-la-baie-cet-automne\/\" class=\"more-link\">Continue reading <span class=\"screen-reader-text\">\u00c9tablissez des liens avec l\u2019ACI et nos amis am\u00e9ricains et mexicains \u00e0 San Francisco, \u00ab Ville de la baie \u00bb, cet automne<\/span><\/a><\/p>\n","protected":false},"author":26,"featured_media":27456,"comment_status":"open","ping_status":"open","sticky":false,"template":"","format":"standard","meta":{"footnotes":""},"categories":[2372],"tags":[],"coauthors":[2232],"class_list":["post-31061","post","type-post","status-publish","format-standard","has-post-thumbnail","hentry","category-divers"],"aioseo_notices":[],"_links":{"self":[{"href":"https:\/\/archive.cafe.crea.ca\/fr\/wp-json\/wp\/v2\/posts\/31061"}],"collection":[{"href":"https:\/\/archive.cafe.crea.ca\/fr\/wp-json\/wp\/v2\/posts"}],"about":[{"href":"https:\/\/archive.cafe.crea.ca\/fr\/wp-json\/wp\/v2\/types\/post"}],"author":[{"embeddable":true,"href":"https:\/\/archive.cafe.crea.ca\/fr\/wp-json\/wp\/v2\/users\/26"}],"replies":[{"embeddable":true,"href":"https:\/\/archive.cafe.crea.ca\/fr\/wp-json\/wp\/v2\/comments?post=31061"}],"version-history":[{"count":1,"href":"https:\/\/archive.cafe.crea.ca\/fr\/wp-json\/wp\/v2\/posts\/31061\/revisions"}],"predecessor-version":[{"id":38403,"href":"https:\/\/archive.cafe.crea.ca\/fr\/wp-json\/wp\/v2\/posts\/31061\/revisions\/38403"}],"wp:featuredmedia":[{"embeddable":true,"href":"https:\/\/archive.cafe.crea.ca\/fr\/wp-json\/wp\/v2\/media\/27456"}],"wp:attachment":[{"href":"https:\/\/archive.cafe.crea.ca\/fr\/wp-json\/wp\/v2\/media?parent=31061"}],"wp:term":[{"taxonomy":"category","embeddable":true,"href":"https:\/\/archive.cafe.crea.ca\/fr\/wp-json\/wp\/v2\/categories?post=31061"},{"taxonomy":"post_tag","embeddable":true,"href":"https:\/\/archive.cafe.crea.ca\/fr\/wp-json\/wp\/v2\/tags?post=31061"},{"taxonomy":"author","embeddable":true,"href":"https:\/\/archive.cafe.crea.ca\/fr\/wp-json\/wp\/v2\/coauthors?post=31061"}],"curies":[{"name":"wp","href":"https:\/\/api.w.org\/{rel}","templated":true}]}}