{"id":31060,"date":"2013-09-20T17:30:17","date_gmt":"2013-09-20T21:30:17","guid":{"rendered":"https:\/\/archive.cafe.crea.ca\/saveurs-de-la-semaine-le-20-septembre-2013\/"},"modified":"2013-09-20T17:30:17","modified_gmt":"2013-09-20T21:30:17","slug":"saveurs-de-la-semaine-le-20-septembre-2013","status":"publish","type":"post","link":"https:\/\/archive.cafe.crea.ca\/fr\/saveurs-de-la-semaine-le-20-septembre-2013\/","title":{"rendered":"Saveurs de la semaine : le 20 septembre 2013"},"content":{"rendered":"<p><em>Les Saveurs de la semaine affichent des liens int\u00e9ressants vers des nouvelles sur l\u2019immobilier, bribes d\u2019information ou sujets qui vous int\u00e9ressent; vous pouvez les savourer en d\u00e9gustant votre caf\u00e9 pr\u00e9f\u00e9r\u00e9. Vous pouvez m\u00eame vous en servir pour entreprendre une bonne conversation avec le prochain client que vous rencontrerez. Bonne lecture!<\/em><\/p>\n<p><em>Voici mes choix de la semaine :<\/em><\/p>\n<p>La Presse r\u00e9v\u00e8le que les <a href=\"http:\/\/tinyurl.com\/k46t9mu\" target=\"_blank\">assureurs veulent une mise \u00e0 jour des cartes identifiant les zones inondables<\/a>.<\/p>\n<p>Les Affaires note que <a href=\"http:\/\/www.lesaffaires.com\/secteurs-d-activite\/immobilier\/immobilier-l-industrie-rehausse-ses-previsions-de-ventes\/561479\" target=\"_blank\">l\u2019ACI rehausse ses pr\u00e9visions de ventes<\/a>.<\/p>\n<p>Finance et Investissement discute des <a href=\"http:\/\/www.finance-investissement.com\/les-fiducies-de-placement-immobilier-au-qu-bec\/a\/53324\" target=\"_blank\">fiducies de placement immobilier au Qu\u00e9bec<\/a>.<\/p>\n<p>En Outaouais, <a href=\"http:\/\/tinyurl.com\/n4mlgu4\" target=\"_blank\">les inond\u00e9s en ont ras-le-bol<\/a>.<\/p>\n<p>La <a href=\"http:\/\/www.bfmtv.com\/economie\/immobilier-prevoit-loi-duflot-604278.html\" target=\"_blank\">r\u00e9forme Duflot<\/a> passe la premi\u00e8re \u00e9tape.<\/p>\n<p>La Tribune demande si <a href=\"http:\/\/www.latribune.fr\/vos-finances\/immobilier\/20130918trib000785779\/immobilier-les-mesures-duflot-seront-elles-applicables-.html\" target=\"_blank\">les mesures Duflot seront applicables<\/a>.<\/p>\n<p>Boursier \u00e9value que <a href=\"http:\/\/www.boursier.com\/actualites\/economie\/immobilier-moins-d-un-jeune-menage-sur-cinq-peut-acheter-en-ile-de-france-21272.html\" target=\"_blank\">moins d\u2019un jeune m\u00e9nage sur cinq peut acheter en Ile-de-France<\/a>.<\/p>\n<p>Le Figaro mentionne que <a href=\"http:\/\/sante.lefigaro.fr\/actualite\/2013\/09\/18\/21273-pouvoir-marcher-pedaler-ville-ameliore-sante\" target=\"_blank\">marcher et p\u00e9daler en ville am\u00e9liore la sant\u00e9<\/a>.<\/p>\n<p>La Vie Immo questionne si <a href=\"http:\/\/www.lavieimmo.com\/fiscalite-immobiliere\/fiscalite-et-si-l-etat-taxait-davantage-la-propriete-immobiliere-21952.html\" target=\"_blank\">l\u2019\u00c9tat taxait davantage la propri\u00e9t\u00e9 immobili\u00e8re<\/a>.<\/p>\n<p>&nbsp;<\/p>\n","protected":false},"excerpt":{"rendered":"<p>Les Saveurs de la semaine affichent des liens int\u00e9ressants vers des nouvelles sur l\u2019immobilier, bribes d\u2019information ou sujets qui vous int\u00e9ressent; vous pouvez les savourer en d\u00e9gustant votre caf\u00e9 pr\u00e9f\u00e9r\u00e9. Vous pouvez m\u00eame vous en servir pour entreprendre une bonne conversation avec le prochain client que vous rencontrerez. Bonne lecture! Voici mes choix de la &hellip; <a href=\"https:\/\/archive.cafe.crea.ca\/fr\/saveurs-de-la-semaine-le-20-septembre-2013\/\" class=\"more-link\">Continue reading <span class=\"screen-reader-text\">Saveurs de la semaine : le 20 septembre 2013<\/span><\/a><\/p>\n","protected":false},"author":23,"featured_media":27464,"comment_status":"open","ping_status":"open","sticky":false,"template":"","format":"standard","meta":{"footnotes":""},"categories":[2372],"tags":[],"coauthors":[],"class_list":["post-31060","post","type-post","status-publish","format-standard","has-post-thumbnail","hentry","category-divers"],"aioseo_notices":[],"_links":{"self":[{"href":"https:\/\/archive.cafe.crea.ca\/fr\/wp-json\/wp\/v2\/posts\/31060"}],"collection":[{"href":"https:\/\/archive.cafe.crea.ca\/fr\/wp-json\/wp\/v2\/posts"}],"about":[{"href":"https:\/\/archive.cafe.crea.ca\/fr\/wp-json\/wp\/v2\/types\/post"}],"author":[{"embeddable":true,"href":"https:\/\/archive.cafe.crea.ca\/fr\/wp-json\/wp\/v2\/users\/23"}],"replies":[{"embeddable":true,"href":"https:\/\/archive.cafe.crea.ca\/fr\/wp-json\/wp\/v2\/comments?post=31060"}],"version-history":[{"count":0,"href":"https:\/\/archive.cafe.crea.ca\/fr\/wp-json\/wp\/v2\/posts\/31060\/revisions"}],"wp:featuredmedia":[{"embeddable":true,"href":"https:\/\/archive.cafe.crea.ca\/fr\/wp-json\/wp\/v2\/media\/27464"}],"wp:attachment":[{"href":"https:\/\/archive.cafe.crea.ca\/fr\/wp-json\/wp\/v2\/media?parent=31060"}],"wp:term":[{"taxonomy":"category","embeddable":true,"href":"https:\/\/archive.cafe.crea.ca\/fr\/wp-json\/wp\/v2\/categories?post=31060"},{"taxonomy":"post_tag","embeddable":true,"href":"https:\/\/archive.cafe.crea.ca\/fr\/wp-json\/wp\/v2\/tags?post=31060"},{"taxonomy":"author","embeddable":true,"href":"https:\/\/archive.cafe.crea.ca\/fr\/wp-json\/wp\/v2\/coauthors?post=31060"}],"curies":[{"name":"wp","href":"https:\/\/api.w.org\/{rel}","templated":true}]}}